{"id":6878,"date":"2020-02-15T19:05:53","date_gmt":"2020-02-15T18:05:53","guid":{"rendered":"http:\/\/agora.xtec.cat\/insjvfoix\/?p=6878"},"modified":"2021-03-25T08:52:02","modified_gmt":"2021-03-25T07:52:02","slug":"11-de-febrer-dia-de-la-dona-nena-a-la-ciencia","status":"publish","type":"post","link":"https:\/\/agora.xtec.cat\/insjvfoix\/general\/11-de-febrer-dia-de-la-dona-nena-a-la-ciencia\/","title":{"rendered":"11 de febrer DIA de la DONA\/NENA a la CI\u00c8NCIA"},"content":{"rendered":"<p align=\"JUSTIFY\"><span style=\"font-family: Times New Roman, serif;\"><span style=\"font-size: medium;\">El passat dia 11 de febrer es va celebrar el dia internacional de la dona i la nena a la ci\u00e8ncia. Aquest dia va ser instaurat per les Nacions Unides l\u2019any 2015, fruit d\u2019antigues iniciatives i propostes, per convidar els estats membre <\/span><\/span><span style=\"font-family: Times New Roman, serif;\"><span style=\"font-size: medium;\">a adoptar aquest dia i participar-hi activament per tal de promoure la total i igual participaci\u00f3 de dones i noies a l\u2019educaci\u00f3, llur preparaci\u00f3, contractaci\u00f3 i presa de decisions en els processos cient\u00edfics; eliminar-ne la discriminaci\u00f3 en els camps educatius i contractuals, etc. <\/span><\/span><\/p>\n<p align=\"JUSTIFY\"><span style=\"font-family: Times New Roman, serif;\"><span style=\"font-size: medium;\">\u00c9s per aquest motiu que l\u2019Institut J.V. Foix ha celebrat durant la setmana diferents esdeveniments relacionats amb l\u2019efem\u00e8ride: des de xerrades al centre per part de d\u2019una neur\u00f2loga, fins a treballar a l\u2019assignatura de Valors \u00e8tics i ciutadans el nom de diferents cient\u00edfiques, nacionals i internacionals, vives o ja mortes, per tal de donar-ne a con\u00e8ixer els seus noms i les seves fites cient\u00edfiques. <\/span><\/span><\/p>\n<p align=\"JUSTIFY\"><span style=\"font-family: Times New Roman, serif;\"><span style=\"font-size: medium;\">Noms com el de la ja transida Margarita Salas, presidenta de la <\/span><\/span><span style=\"font-family: Times New Roman, serif;\"><span style=\"font-size: medium;\"><i>Real Academia de las Ciencias Espanyola <\/i><\/span><\/span><span style=\"font-family: Times New Roman, serif;\"><span style=\"font-size: medium;\">i descobridora de la prova del tal\u00f3 per a nounats; Ada Lovelace, brit\u00e0nica col\u00b7laboradora en la creaci\u00f3 d\u2019una m\u00e0quina seq\u00fcencial; o Sophie Germain, matem\u00e0tica francesa investigadora de l\u2019elasticitat dels cossos, han estat el motiu de treball en les dues darreres setmanes a la classe de Valors de 3r i 4t de l\u2019ESO, la qual cosa els ha fet adonar-se\u2019n la seva falta d\u2019informaci\u00f3 en aquest \u00e0mbit i reflexionar a qu\u00e8 es deu aix\u00f2.<a href=\"https:\/\/agora.xtec.cat\/insjvfoix\/wp-content\/uploads\/usu394\/2020\/02\/DONO-CIENCIA.jpg\"><img loading=\"lazy\" decoding=\"async\" class=\"alignleft size-large wp-image-6879\" src=\"https:\/\/agora.xtec.cat\/insjvfoix\/wp-content\/uploads\/usu394\/2020\/02\/DONO-CIENCIA-1024x768.jpg\" alt=\"\" width=\"1024\" height=\"768\" srcset=\"https:\/\/agora.xtec.cat\/insjvfoix\/wp-content\/uploads\/usu394\/2020\/02\/DONO-CIENCIA-1024x768.jpg 1024w, https:\/\/agora.xtec.cat\/insjvfoix\/wp-content\/uploads\/usu394\/2020\/02\/DONO-CIENCIA-300x225.jpg 300w, https:\/\/agora.xtec.cat\/insjvfoix\/wp-content\/uploads\/usu394\/2020\/02\/DONO-CIENCIA-768x576.jpg 768w, https:\/\/agora.xtec.cat\/insjvfoix\/wp-content\/uploads\/usu394\/2020\/02\/DONO-CIENCIA-200x150.jpg 200w, https:\/\/agora.xtec.cat\/insjvfoix\/wp-content\/uploads\/usu394\/2020\/02\/DONO-CIENCIA.jpg 1600w\" sizes=\"auto, (max-width: 1024px) 100vw, 1024px\" \/><\/a><\/span><\/span><\/p>\n","protected":false},"excerpt":{"rendered":"<p>El passat dia 11 de febrer es va celebrar el dia internacional de la dona i la nena a la ci\u00e8ncia. Aquest dia va ser instaurat per les Nacions Unides l\u2019any 2015, fruit d\u2019antigues iniciatives i propostes, per convidar els estats membre a adoptar aquest dia i participar-hi activament per tal de promoure la total [&hellip;]<\/p>\n","protected":false},"author":51,"featured_media":6879,"comment_status":"open","ping_status":"closed","sticky":false,"template":"","format":"standard","meta":{"_bbp_topic_count":0,"_bbp_reply_count":0,"_bbp_total_topic_count":0,"_bbp_total_reply_count":0,"_bbp_voice_count":0,"_bbp_anonymous_reply_count":0,"_bbp_topic_count_hidden":0,"_bbp_reply_count_hidden":0,"_bbp_forum_subforum_count":0,"site-sidebar-layout":"default","site-content-layout":"","ast-site-content-layout":"","site-content-style":"default","site-sidebar-style":"default","ast-global-header-display":"","ast-banner-title-visibility":"","ast-main-header-display":"","ast-hfb-above-header-display":"","ast-hfb-below-header-display":"","ast-hfb-mobile-header-display":"","site-post-title":"","ast-breadcrumbs-content":"","ast-featured-img":"","footer-sml-layout":"","theme-transparent-header-meta":"","adv-header-id-meta":"","stick-header-meta":"","header-above-stick-meta":"","header-main-stick-meta":"","header-below-stick-meta":"","astra-migrate-meta-layouts":"default","ast-page-background-enabled":"default","ast-page-background-meta":{"desktop":{"background-color":"var(--ast-global-color-5)","background-image":"","background-repeat":"repeat","background-position":"center center","background-size":"auto","background-attachment":"scroll","background-type":"","background-media":"","overlay-type":"","overlay-color":"","overlay-opacity":"","overlay-gradient":""},"tablet":{"background-color":"","background-image":"","background-repeat":"repeat","background-position":"center center","background-size":"auto","background-attachment":"scroll","background-type":"","background-media":"","overlay-type":"","overlay-color":"","overlay-opacity":"","overlay-gradient":""},"mobile":{"background-color":"","background-image":"","background-repeat":"repeat","background-position":"center center","background-size":"auto","background-attachment":"scroll","background-type":"","background-media":"","overlay-type":"","overlay-color":"","overlay-opacity":"","overlay-gradient":""}},"ast-content-background-meta":{"desktop":{"background-color":"var(--ast-global-color-4)","background-image":"","background-repeat":"repeat","background-position":"center center","background-size":"auto","background-attachment":"scroll","background-type":"","background-media":"","overlay-type":"","overlay-color":"","overlay-opacity":"","overlay-gradient":""},"tablet":{"background-color":"var(--ast-global-color-4)","background-image":"","background-repeat":"repeat","background-position":"center center","background-size":"auto","background-attachment":"scroll","background-type":"","background-media":"","overlay-type":"","overlay-color":"","overlay-opacity":"","overlay-gradient":""},"mobile":{"background-color":"var(--ast-global-color-4)","background-image":"","background-repeat":"repeat","background-position":"center center","background-size":"auto","background-attachment":"scroll","background-type":"","background-media":"","overlay-type":"","overlay-color":"","overlay-opacity":"","overlay-gradient":""}},"footnotes":""},"categories":[83,310,6,19,20,7,24,25,1,29,373],"tags":[306,307,312,448,441],"class_list":["post-6878","post","type-post","status-publish","format-standard","has-post-thumbnail","hentry","category-ciencies","category-curs-2019-2020","category-eso-3","category-eso-3a","category-eso-3b","category-eso-4","category-eso-4a","category-eso-4b","category-general","category-portada","category-valors-etics-i-ciutadans","tag-3r-eso","tag-4t-eso","tag-curs-2019-2020","tag-valors","tag-valors-etics"],"post_mailing_queue_ids":[],"_links":{"self":[{"href":"https:\/\/agora.xtec.cat\/insjvfoix\/wp-json\/wp\/v2\/posts\/6878","targetHints":{"allow":["GET"]}}],"collection":[{"href":"https:\/\/agora.xtec.cat\/insjvfoix\/wp-json\/wp\/v2\/posts"}],"about":[{"href":"https:\/\/agora.xtec.cat\/insjvfoix\/wp-json\/wp\/v2\/types\/post"}],"author":[{"embeddable":true,"href":"https:\/\/agora.xtec.cat\/insjvfoix\/wp-json\/wp\/v2\/users\/51"}],"replies":[{"embeddable":true,"href":"https:\/\/agora.xtec.cat\/insjvfoix\/wp-json\/wp\/v2\/comments?post=6878"}],"version-history":[{"count":1,"href":"https:\/\/agora.xtec.cat\/insjvfoix\/wp-json\/wp\/v2\/posts\/6878\/revisions"}],"predecessor-version":[{"id":6880,"href":"https:\/\/agora.xtec.cat\/insjvfoix\/wp-json\/wp\/v2\/posts\/6878\/revisions\/6880"}],"wp:featuredmedia":[{"embeddable":true,"href":"https:\/\/agora.xtec.cat\/insjvfoix\/wp-json\/wp\/v2\/media\/6879"}],"wp:attachment":[{"href":"https:\/\/agora.xtec.cat\/insjvfoix\/wp-json\/wp\/v2\/media?parent=6878"}],"wp:term":[{"taxonomy":"category","embeddable":true,"href":"https:\/\/agora.xtec.cat\/insjvfoix\/wp-json\/wp\/v2\/categories?post=6878"},{"taxonomy":"post_tag","embeddable":true,"href":"https:\/\/agora.xtec.cat\/insjvfoix\/wp-json\/wp\/v2\/tags?post=6878"}],"curies":[{"name":"wp","href":"https:\/\/api.w.org\/{rel}","templated":true}]}}