{"id":6863,"date":"2020-02-11T18:07:03","date_gmt":"2020-02-11T17:07:03","guid":{"rendered":"http:\/\/agora.xtec.cat\/insjvfoix\/?p=6863"},"modified":"2020-10-28T21:13:25","modified_gmt":"2020-10-28T20:13:25","slug":"manifestacio-abocador-de-can-balasc-el-14f","status":"publish","type":"post","link":"https:\/\/agora.xtec.cat\/insjvfoix\/general\/manifestacio-abocador-de-can-balasc-el-14f\/","title":{"rendered":"MANIFESTACI\u00d3 ABOCADOR DE CAN BALASC , EL 14F"},"content":{"rendered":"<p>Us fem arribar la convocat\u00f2ria de manifestaci\u00f3 que la Plataforma Rub\u00ed Sense Abocadors ha preparat per al proper divendres dia 14 de febrer:<\/p>\n<p><strong>ATUREM CAN BALASC<\/strong><\/p>\n<p><span class=\"_5mfr\"><span class=\"_6qdm\">*<\/span><\/span>Per emerg\u00e8ncia clim\u00e0tica<\/p>\n<div class=\"text_exposed_show\">\n<p>*Per la proximitat d&#8217;escoles i ve\u00efnat<\/p>\n<p>*Perqu\u00e8 ens hi juguem la salut<\/p>\n<p><strong>GRAN MANIFESTACI\u00d3:\u00a014 de FEBRER\/ 17:30h\/ Estaci\u00f3 FGC Rub\u00ed:<\/strong><\/p>\n<p><strong>la protesta es planteja com una marxa lenta, plantejada per fer amb nens i nenes, tindr\u00e0 un recorregut d&#8217;uns 2 km i s&#8217;hi habilitar\u00e0 un bloc infantil.<\/strong><\/p>\n<p>El recorregut que seguir\u00e0 la marxa sortir\u00e0 de l&#8217;estaci\u00f3 de Ferrocarrils de la Generalitat i acabar\u00e0 a la seu de TMA (l&#8217;empresa encarregada de gestionar l&#8217;abocador) a Sant Cugat. La previsi\u00f3 \u00e9s que la protesta duri unes dues hores.<\/p>\n<p>Caldr\u00e0 que porteu cal\u00e7at c\u00f2mode i tot el necessari per poder fer la marxa amb els vostres fills i filles amb tot el confort que pugueu (aigua, berenar&#8230;).<\/p>\n<blockquote><p><strong><em>Nom\u00e9s una gran mobilitzaci\u00f3 ciutadana ens donar\u00e0 la for\u00e7a per aturar l&#8217;abocador i garantir una ciutat millor per al futur dels nostres infants.<\/em><\/strong><\/p><\/blockquote>\n<p>Aturem aquest abocador!<\/p>\n<p>Totes les fam\u00edlies al carrer!!<\/p>\n<\/div>\n","protected":false},"excerpt":{"rendered":"<p>Us fem arribar la convocat\u00f2ria de manifestaci\u00f3 que la Plataforma Rub\u00ed Sense Abocadors ha preparat per al proper divendres dia 14 de febrer: ATUREM CAN BALASC *Per emerg\u00e8ncia clim\u00e0tica *Per la proximitat d&#8217;escoles i ve\u00efnat *Perqu\u00e8 ens hi juguem la salut GRAN MANIFESTACI\u00d3:\u00a014 de FEBRER\/ 17:30h\/ Estaci\u00f3 FGC Rub\u00ed: la protesta es planteja com una [&hellip;]<\/p>\n","protected":false},"author":86,"featured_media":0,"comment_status":"open","ping_status":"closed","sticky":false,"template":"","format":"standard","meta":{"_bbp_topic_count":0,"_bbp_reply_count":0,"_bbp_total_topic_count":0,"_bbp_total_reply_count":0,"_bbp_voice_count":0,"_bbp_anonymous_reply_count":0,"_bbp_topic_count_hidden":0,"_bbp_reply_count_hidden":0,"_bbp_forum_subforum_count":0,"site-sidebar-layout":"default","site-content-layout":"","ast-site-content-layout":"","site-content-style":"default","site-sidebar-style":"default","ast-global-header-display":"","ast-banner-title-visibility":"","ast-main-header-display":"","ast-hfb-above-header-display":"","ast-hfb-below-header-display":"","ast-hfb-mobile-header-display":"","site-post-title":"","ast-breadcrumbs-content":"","ast-featured-img":"","footer-sml-layout":"","theme-transparent-header-meta":"","adv-header-id-meta":"","stick-header-meta":"","header-above-stick-meta":"","header-main-stick-meta":"","header-below-stick-meta":"","astra-migrate-meta-layouts":"default","ast-page-background-enabled":"default","ast-page-background-meta":{"desktop":{"background-color":"var(--ast-global-color-5)","background-image":"","background-repeat":"repeat","background-position":"center center","background-size":"auto","background-attachment":"scroll","background-type":"","background-media":"","overlay-type":"","overlay-color":"","overlay-opacity":"","overlay-gradient":""},"tablet":{"background-color":"","background-image":"","background-repeat":"repeat","background-position":"center center","background-size":"auto","background-attachment":"scroll","background-type":"","background-media":"","overlay-type":"","overlay-color":"","overlay-opacity":"","overlay-gradient":""},"mobile":{"background-color":"","background-image":"","background-repeat":"repeat","background-position":"center center","background-size":"auto","background-attachment":"scroll","background-type":"","background-media":"","overlay-type":"","overlay-color":"","overlay-opacity":"","overlay-gradient":""}},"ast-content-background-meta":{"desktop":{"background-color":"var(--ast-global-color-4)","background-image":"","background-repeat":"repeat","background-position":"center center","background-size":"auto","background-attachment":"scroll","background-type":"","background-media":"","overlay-type":"","overlay-color":"","overlay-opacity":"","overlay-gradient":""},"tablet":{"background-color":"var(--ast-global-color-4)","background-image":"","background-repeat":"repeat","background-position":"center center","background-size":"auto","background-attachment":"scroll","background-type":"","background-media":"","overlay-type":"","overlay-color":"","overlay-opacity":"","overlay-gradient":""},"mobile":{"background-color":"var(--ast-global-color-4)","background-image":"","background-repeat":"repeat","background-position":"center center","background-size":"auto","background-attachment":"scroll","background-type":"","background-media":"","overlay-type":"","overlay-color":"","overlay-opacity":"","overlay-gradient":""}},"footnotes":""},"categories":[31,1,29],"tags":[],"class_list":["post-6863","post","type-post","status-publish","format-standard","hentry","category-afa","category-general","category-portada"],"post_mailing_queue_ids":[],"_links":{"self":[{"href":"https:\/\/agora.xtec.cat\/insjvfoix\/wp-json\/wp\/v2\/posts\/6863","targetHints":{"allow":["GET"]}}],"collection":[{"href":"https:\/\/agora.xtec.cat\/insjvfoix\/wp-json\/wp\/v2\/posts"}],"about":[{"href":"https:\/\/agora.xtec.cat\/insjvfoix\/wp-json\/wp\/v2\/types\/post"}],"author":[{"embeddable":true,"href":"https:\/\/agora.xtec.cat\/insjvfoix\/wp-json\/wp\/v2\/users\/86"}],"replies":[{"embeddable":true,"href":"https:\/\/agora.xtec.cat\/insjvfoix\/wp-json\/wp\/v2\/comments?post=6863"}],"version-history":[{"count":2,"href":"https:\/\/agora.xtec.cat\/insjvfoix\/wp-json\/wp\/v2\/posts\/6863\/revisions"}],"predecessor-version":[{"id":6865,"href":"https:\/\/agora.xtec.cat\/insjvfoix\/wp-json\/wp\/v2\/posts\/6863\/revisions\/6865"}],"wp:attachment":[{"href":"https:\/\/agora.xtec.cat\/insjvfoix\/wp-json\/wp\/v2\/media?parent=6863"}],"wp:term":[{"taxonomy":"category","embeddable":true,"href":"https:\/\/agora.xtec.cat\/insjvfoix\/wp-json\/wp\/v2\/categories?post=6863"},{"taxonomy":"post_tag","embeddable":true,"href":"https:\/\/agora.xtec.cat\/insjvfoix\/wp-json\/wp\/v2\/tags?post=6863"}],"curies":[{"name":"wp","href":"https:\/\/api.w.org\/{rel}","templated":true}]}}