{"id":6415,"date":"2019-05-02T10:49:05","date_gmt":"2019-05-02T08:49:05","guid":{"rendered":"http:\/\/agora.xtec.cat\/insjvfoix\/?p=6415"},"modified":"2020-10-28T20:57:51","modified_gmt":"2020-10-28T19:57:51","slug":"els-alumnes-delectromecanica-visiten-el-circuit-de-catalunya","status":"publish","type":"post","link":"https:\/\/agora.xtec.cat\/insjvfoix\/general\/els-alumnes-delectromecanica-visiten-el-circuit-de-catalunya\/","title":{"rendered":"Els alumnes d&#8217;electromec\u00e0nica visiten el Circuit de Catalunya"},"content":{"rendered":"<p>El passat divendres 5 d&#8217;abril, ens vam reunir tots els alumnes, els professors i les professores de tots els grups del cicle formatiu de grau mig d&#8217;electromec\u00e0nica de vehicles per visitar el Circuit de Catalunya a Montmel\u00f3 per viure junts l&#8217;experi\u00e8ncia <em>\u201cEsp\u00edritu de Monju\u00efc\u201d.<\/em><\/p>\n<p>Cotxes de carreres d&#8217;arreu, especialment vinguts de Fran\u00e7a, es preparaven per competir una vegada m\u00e9s com ho havien fet al circuit de la muntanya de Montju\u00efc a Barcelona. Agrupats per models i per anys estaven all\u00e0 per lluir-se i guanyar. Com ens podr\u00edem engalanar nosaltres per assistir a una primera cita, els cotxes mostraven els seus motors lluents com la plata i afinaven com la merla quan cerca l&#8217;admiraci\u00f3 de la femella. Una volta de cargol m\u00e9s pot ser clau.<\/p>\n<p>\u00c9s l&#8217;hora i fan cap al circ, per donar-hi voltes, per guanyar un segon al rival en cada revolt. A boxes bull la sang. Equips de mec\u00e0nics posen a punt eines i recanvis. No pot faltar res. Quan sigui el moment l&#8217;equip entrar\u00e0 en la cursa i treballaran perfectament sincronitzats per guanyar m\u00e9s segons al rival. La seva intervenci\u00f3 en el joc \u00e9s clau. Cap error \u00e9s possible i la volta de clau la donen ells.<\/p>\n<p>Mentrestant, l&#8217;equip del J.V.Foix observa i gaudeix de l\u2019espectacle, compartint visions, sensacions i la pr\u00f2pia experi\u00e8ncia <em>Esp\u00edritu de Montju\u00efc<\/em>. Tots i totes veiem en marxa una realitat m\u00e9s fora de la rutina dels tallers de l&#8217;institut, teixint el futur i segurament tamb\u00e9 amistats.<\/p>\n<p>L&#8217;experi\u00e8ncia s\u2019ho val.<\/p>\n<div id='gallery-1' class='gallery galleryid-6415 gallery-columns-3 gallery-size-thumbnail'><figure class='gallery-item'>\n\t\t\t<div class='gallery-icon landscape'>\n\t\t\t\t<a href='https:\/\/agora.xtec.cat\/insjvfoix\/general\/els-alumnes-delectromecanica-visiten-el-circuit-de-catalunya\/attachment\/20190405_14_espiritu-montjuic\/'><img loading=\"lazy\" decoding=\"async\" width=\"150\" height=\"150\" src=\"https:\/\/agora.xtec.cat\/insjvfoix\/wp-content\/uploads\/usu394\/2019\/05\/20190405_14_Espiritu-Montjuic-150x150.jpg\" class=\"attachment-thumbnail size-thumbnail\" alt=\"\" \/><\/a>\n\t\t\t<\/div><\/figure><figure class='gallery-item'>\n\t\t\t<div class='gallery-icon landscape'>\n\t\t\t\t<a href='https:\/\/agora.xtec.cat\/insjvfoix\/general\/els-alumnes-delectromecanica-visiten-el-circuit-de-catalunya\/attachment\/20190405_15_espiritu-montjuic\/'><img loading=\"lazy\" decoding=\"async\" width=\"150\" height=\"150\" src=\"https:\/\/agora.xtec.cat\/insjvfoix\/wp-content\/uploads\/usu394\/2019\/05\/20190405_15_Espiritu-Montjuic-150x150.jpg\" class=\"attachment-thumbnail size-thumbnail\" alt=\"\" \/><\/a>\n\t\t\t<\/div><\/figure><figure class='gallery-item'>\n\t\t\t<div class='gallery-icon landscape'>\n\t\t\t\t<a href='https:\/\/agora.xtec.cat\/insjvfoix\/general\/els-alumnes-delectromecanica-visiten-el-circuit-de-catalunya\/attachment\/20190405_16_espiritu-montjuic\/'><img loading=\"lazy\" decoding=\"async\" width=\"150\" height=\"150\" src=\"https:\/\/agora.xtec.cat\/insjvfoix\/wp-content\/uploads\/usu394\/2019\/05\/20190405_16_Espiritu-Montjuic-150x150.jpg\" class=\"attachment-thumbnail size-thumbnail\" alt=\"\" \/><\/a>\n\t\t\t<\/div><\/figure><figure class='gallery-item'>\n\t\t\t<div class='gallery-icon landscape'>\n\t\t\t\t<a href='https:\/\/agora.xtec.cat\/insjvfoix\/general\/els-alumnes-delectromecanica-visiten-el-circuit-de-catalunya\/attachment\/20190405_17_espiritu-montjuic\/'><img loading=\"lazy\" decoding=\"async\" width=\"150\" height=\"150\" src=\"https:\/\/agora.xtec.cat\/insjvfoix\/wp-content\/uploads\/usu394\/2019\/05\/20190405_17_Espiritu-Montjuic-150x150.jpg\" class=\"attachment-thumbnail size-thumbnail\" alt=\"\" \/><\/a>\n\t\t\t<\/div><\/figure><figure class='gallery-item'>\n\t\t\t<div class='gallery-icon landscape'>\n\t\t\t\t<a href='https:\/\/agora.xtec.cat\/insjvfoix\/general\/els-alumnes-delectromecanica-visiten-el-circuit-de-catalunya\/attachment\/20190405_00_espiritu-montjuic\/'><img loading=\"lazy\" decoding=\"async\" width=\"150\" height=\"150\" src=\"https:\/\/agora.xtec.cat\/insjvfoix\/wp-content\/uploads\/usu394\/2019\/05\/20190405_00_Espiritu-Montjuic-150x150.jpg\" class=\"attachment-thumbnail size-thumbnail\" alt=\"\" \/><\/a>\n\t\t\t<\/div><\/figure><figure class='gallery-item'>\n\t\t\t<div class='gallery-icon landscape'>\n\t\t\t\t<a href='https:\/\/agora.xtec.cat\/insjvfoix\/general\/els-alumnes-delectromecanica-visiten-el-circuit-de-catalunya\/attachment\/20190405_01a_espiritu-montjuic\/'><img loading=\"lazy\" decoding=\"async\" width=\"150\" height=\"150\" src=\"https:\/\/agora.xtec.cat\/insjvfoix\/wp-content\/uploads\/usu394\/2019\/05\/20190405_01a_Espiritu-Montjuic-150x150.jpg\" class=\"attachment-thumbnail size-thumbnail\" alt=\"\" \/><\/a>\n\t\t\t<\/div><\/figure><figure class='gallery-item'>\n\t\t\t<div class='gallery-icon landscape'>\n\t\t\t\t<a href='https:\/\/agora.xtec.cat\/insjvfoix\/general\/els-alumnes-delectromecanica-visiten-el-circuit-de-catalunya\/attachment\/20190405_01b_espiritu-montjuic\/'><img loading=\"lazy\" decoding=\"async\" width=\"150\" height=\"150\" src=\"https:\/\/agora.xtec.cat\/insjvfoix\/wp-content\/uploads\/usu394\/2019\/05\/20190405_01b_Espiritu-Montjuic-150x150.jpg\" class=\"attachment-thumbnail size-thumbnail\" alt=\"\" \/><\/a>\n\t\t\t<\/div><\/figure><figure class='gallery-item'>\n\t\t\t<div class='gallery-icon landscape'>\n\t\t\t\t<a href='https:\/\/agora.xtec.cat\/insjvfoix\/general\/els-alumnes-delectromecanica-visiten-el-circuit-de-catalunya\/attachment\/20190405_02_espiritu-montjuic\/'><img loading=\"lazy\" decoding=\"async\" width=\"150\" height=\"150\" src=\"https:\/\/agora.xtec.cat\/insjvfoix\/wp-content\/uploads\/usu394\/2019\/05\/20190405_02_Espiritu-Montjuic-150x150.jpg\" class=\"attachment-thumbnail size-thumbnail\" alt=\"\" \/><\/a>\n\t\t\t<\/div><\/figure><figure class='gallery-item'>\n\t\t\t<div class='gallery-icon landscape'>\n\t\t\t\t<a href='https:\/\/agora.xtec.cat\/insjvfoix\/general\/els-alumnes-delectromecanica-visiten-el-circuit-de-catalunya\/attachment\/20190405_03_espiritu-montjuic\/'><img loading=\"lazy\" decoding=\"async\" width=\"150\" height=\"150\" src=\"https:\/\/agora.xtec.cat\/insjvfoix\/wp-content\/uploads\/usu394\/2019\/05\/20190405_03_Espiritu-Montjuic-150x150.jpg\" class=\"attachment-thumbnail size-thumbnail\" alt=\"\" \/><\/a>\n\t\t\t<\/div><\/figure><figure class='gallery-item'>\n\t\t\t<div class='gallery-icon landscape'>\n\t\t\t\t<a href='https:\/\/agora.xtec.cat\/insjvfoix\/general\/els-alumnes-delectromecanica-visiten-el-circuit-de-catalunya\/attachment\/20190405_04_espiritu-montjuic\/'><img loading=\"lazy\" decoding=\"async\" width=\"150\" height=\"150\" src=\"https:\/\/agora.xtec.cat\/insjvfoix\/wp-content\/uploads\/usu394\/2019\/05\/20190405_04_Espiritu-Montjuic-150x150.jpg\" class=\"attachment-thumbnail size-thumbnail\" alt=\"\" \/><\/a>\n\t\t\t<\/div><\/figure><figure class='gallery-item'>\n\t\t\t<div class='gallery-icon landscape'>\n\t\t\t\t<a href='https:\/\/agora.xtec.cat\/insjvfoix\/general\/els-alumnes-delectromecanica-visiten-el-circuit-de-catalunya\/attachment\/20190405_05_espiritu-montjuic\/'><img loading=\"lazy\" decoding=\"async\" width=\"150\" height=\"150\" src=\"https:\/\/agora.xtec.cat\/insjvfoix\/wp-content\/uploads\/usu394\/2019\/05\/20190405_05_Espiritu-Montjuic-150x150.jpg\" class=\"attachment-thumbnail size-thumbnail\" alt=\"\" \/><\/a>\n\t\t\t<\/div><\/figure><figure class='gallery-item'>\n\t\t\t<div class='gallery-icon landscape'>\n\t\t\t\t<a href='https:\/\/agora.xtec.cat\/insjvfoix\/general\/els-alumnes-delectromecanica-visiten-el-circuit-de-catalunya\/attachment\/20190405_06_espiritu-montjuic\/'><img loading=\"lazy\" decoding=\"async\" width=\"150\" height=\"150\" src=\"https:\/\/agora.xtec.cat\/insjvfoix\/wp-content\/uploads\/usu394\/2019\/05\/20190405_06_Espiritu-Montjuic-150x150.jpg\" class=\"attachment-thumbnail size-thumbnail\" alt=\"\" \/><\/a>\n\t\t\t<\/div><\/figure><figure class='gallery-item'>\n\t\t\t<div class='gallery-icon landscape'>\n\t\t\t\t<a href='https:\/\/agora.xtec.cat\/insjvfoix\/general\/els-alumnes-delectromecanica-visiten-el-circuit-de-catalunya\/attachment\/20190405_07_espiritu-montjuic\/'><img loading=\"lazy\" decoding=\"async\" width=\"150\" height=\"150\" src=\"https:\/\/agora.xtec.cat\/insjvfoix\/wp-content\/uploads\/usu394\/2019\/05\/20190405_07_Espiritu-Montjuic-150x150.jpg\" class=\"attachment-thumbnail size-thumbnail\" alt=\"\" \/><\/a>\n\t\t\t<\/div><\/figure><figure class='gallery-item'>\n\t\t\t<div class='gallery-icon landscape'>\n\t\t\t\t<a href='https:\/\/agora.xtec.cat\/insjvfoix\/general\/els-alumnes-delectromecanica-visiten-el-circuit-de-catalunya\/attachment\/20190405_08_espiritu-montjuic\/'><img loading=\"lazy\" decoding=\"async\" width=\"150\" height=\"150\" src=\"https:\/\/agora.xtec.cat\/insjvfoix\/wp-content\/uploads\/usu394\/2019\/05\/20190405_08_Espiritu-Montjuic-150x150.jpg\" class=\"attachment-thumbnail size-thumbnail\" alt=\"\" \/><\/a>\n\t\t\t<\/div><\/figure><figure class='gallery-item'>\n\t\t\t<div class='gallery-icon portrait'>\n\t\t\t\t<a href='https:\/\/agora.xtec.cat\/insjvfoix\/general\/els-alumnes-delectromecanica-visiten-el-circuit-de-catalunya\/attachment\/20190405_09_espiritu-montjuic\/'><img loading=\"lazy\" decoding=\"async\" width=\"150\" height=\"150\" src=\"https:\/\/agora.xtec.cat\/insjvfoix\/wp-content\/uploads\/usu394\/2019\/05\/20190405_09_Espiritu-Montjuic-150x150.jpg\" class=\"attachment-thumbnail size-thumbnail\" alt=\"\" \/><\/a>\n\t\t\t<\/div><\/figure><figure class='gallery-item'>\n\t\t\t<div class='gallery-icon landscape'>\n\t\t\t\t<a href='https:\/\/agora.xtec.cat\/insjvfoix\/general\/els-alumnes-delectromecanica-visiten-el-circuit-de-catalunya\/attachment\/20190405_10_espiritu-montjuic\/'><img loading=\"lazy\" decoding=\"async\" width=\"150\" height=\"150\" src=\"https:\/\/agora.xtec.cat\/insjvfoix\/wp-content\/uploads\/usu394\/2019\/05\/20190405_10_Espiritu-Montjuic-150x150.jpg\" class=\"attachment-thumbnail size-thumbnail\" alt=\"\" \/><\/a>\n\t\t\t<\/div><\/figure><figure class='gallery-item'>\n\t\t\t<div class='gallery-icon landscape'>\n\t\t\t\t<a href='https:\/\/agora.xtec.cat\/insjvfoix\/general\/els-alumnes-delectromecanica-visiten-el-circuit-de-catalunya\/attachment\/20190405_11_espiritu-montjuic\/'><img loading=\"lazy\" decoding=\"async\" width=\"150\" height=\"150\" src=\"https:\/\/agora.xtec.cat\/insjvfoix\/wp-content\/uploads\/usu394\/2019\/05\/20190405_11_Espiritu-Montjuic-150x150.jpg\" class=\"attachment-thumbnail size-thumbnail\" alt=\"\" \/><\/a>\n\t\t\t<\/div><\/figure><figure class='gallery-item'>\n\t\t\t<div class='gallery-icon landscape'>\n\t\t\t\t<a href='https:\/\/agora.xtec.cat\/insjvfoix\/general\/els-alumnes-delectromecanica-visiten-el-circuit-de-catalunya\/attachment\/20190405_12_espiritu-montjuic\/'><img loading=\"lazy\" decoding=\"async\" width=\"150\" height=\"150\" src=\"https:\/\/agora.xtec.cat\/insjvfoix\/wp-content\/uploads\/usu394\/2019\/05\/20190405_12_Espiritu-Montjuic-150x150.jpg\" class=\"attachment-thumbnail size-thumbnail\" alt=\"\" \/><\/a>\n\t\t\t<\/div><\/figure><figure class='gallery-item'>\n\t\t\t<div class='gallery-icon landscape'>\n\t\t\t\t<a href='https:\/\/agora.xtec.cat\/insjvfoix\/general\/els-alumnes-delectromecanica-visiten-el-circuit-de-catalunya\/attachment\/20190405_13_espiritu-montjuic\/'><img loading=\"lazy\" decoding=\"async\" width=\"150\" height=\"150\" src=\"https:\/\/agora.xtec.cat\/insjvfoix\/wp-content\/uploads\/usu394\/2019\/05\/20190405_13_Espiritu-Montjuic-150x150.jpg\" class=\"attachment-thumbnail size-thumbnail\" alt=\"\" \/><\/a>\n\t\t\t<\/div><\/figure><figure class='gallery-item'>\n\t\t\t<div class='gallery-icon landscape'>\n\t\t\t\t<a href='https:\/\/agora.xtec.cat\/insjvfoix\/general\/els-alumnes-delectromecanica-visiten-el-circuit-de-catalunya\/attachment\/qq\/'><img loading=\"lazy\" decoding=\"async\" width=\"150\" height=\"150\" src=\"https:\/\/agora.xtec.cat\/insjvfoix\/wp-content\/uploads\/usu394\/2019\/05\/qq-150x150.jpg\" class=\"attachment-thumbnail size-thumbnail\" alt=\"\" \/><\/a>\n\t\t\t<\/div><\/figure><figure class='gallery-item'>\n\t\t\t<div class='gallery-icon landscape'>\n\t\t\t\t<a href='https:\/\/agora.xtec.cat\/insjvfoix\/general\/els-alumnes-delectromecanica-visiten-el-circuit-de-catalunya\/attachment\/aa\/'><img loading=\"lazy\" decoding=\"async\" width=\"150\" height=\"150\" src=\"https:\/\/agora.xtec.cat\/insjvfoix\/wp-content\/uploads\/usu394\/2019\/05\/aa-150x150.jpg\" class=\"attachment-thumbnail size-thumbnail\" alt=\"\" \/><\/a>\n\t\t\t<\/div><\/figure>\n\t\t<\/div>\n\n","protected":false},"excerpt":{"rendered":"<p>El passat divendres 5 d&#8217;abril, ens vam reunir tots els alumnes, els professors i les professores de tots els grups del cicle formatiu de grau mig d&#8217;electromec\u00e0nica de vehicles per visitar el Circuit de Catalunya a Montmel\u00f3 per viure junts l&#8217;experi\u00e8ncia \u201cEsp\u00edritu de Monju\u00efc\u201d. Cotxes de carreres d&#8217;arreu, especialment vinguts de Fran\u00e7a, es preparaven per [&hellip;]<\/p>\n","protected":false},"author":275,"featured_media":6436,"comment_status":"open","ping_status":"closed","sticky":false,"template":"","format":"standard","meta":{"_bbp_topic_count":0,"_bbp_reply_count":0,"_bbp_total_topic_count":0,"_bbp_total_reply_count":0,"_bbp_voice_count":0,"_bbp_anonymous_reply_count":0,"_bbp_topic_count_hidden":0,"_bbp_reply_count_hidden":0,"_bbp_forum_subforum_count":0,"site-sidebar-layout":"default","site-content-layout":"","ast-site-content-layout":"","site-content-style":"default","site-sidebar-style":"default","ast-global-header-display":"","ast-banner-title-visibility":"","ast-main-header-display":"","ast-hfb-above-header-display":"","ast-hfb-below-header-display":"","ast-hfb-mobile-header-display":"","site-post-title":"","ast-breadcrumbs-content":"","ast-featured-img":"","footer-sml-layout":"","theme-transparent-header-meta":"","adv-header-id-meta":"","stick-header-meta":"","header-above-stick-meta":"","header-main-stick-meta":"","header-below-stick-meta":"","astra-migrate-meta-layouts":"default","ast-page-background-enabled":"default","ast-page-background-meta":{"desktop":{"background-color":"var(--ast-global-color-5)","background-image":"","background-repeat":"repeat","background-position":"center center","background-size":"auto","background-attachment":"scroll","background-type":"","background-media":"","overlay-type":"","overlay-color":"","overlay-opacity":"","overlay-gradient":""},"tablet":{"background-color":"","background-image":"","background-repeat":"repeat","background-position":"center center","background-size":"auto","background-attachment":"scroll","background-type":"","background-media":"","overlay-type":"","overlay-color":"","overlay-opacity":"","overlay-gradient":""},"mobile":{"background-color":"","background-image":"","background-repeat":"repeat","background-position":"center center","background-size":"auto","background-attachment":"scroll","background-type":"","background-media":"","overlay-type":"","overlay-color":"","overlay-opacity":"","overlay-gradient":""}},"ast-content-background-meta":{"desktop":{"background-color":"var(--ast-global-color-4)","background-image":"","background-repeat":"repeat","background-position":"center center","background-size":"auto","background-attachment":"scroll","background-type":"","background-media":"","overlay-type":"","overlay-color":"","overlay-opacity":"","overlay-gradient":""},"tablet":{"background-color":"var(--ast-global-color-4)","background-image":"","background-repeat":"repeat","background-position":"center center","background-size":"auto","background-attachment":"scroll","background-type":"","background-media":"","overlay-type":"","overlay-color":"","overlay-opacity":"","overlay-gradient":""},"mobile":{"background-color":"var(--ast-global-color-4)","background-image":"","background-repeat":"repeat","background-position":"center center","background-size":"auto","background-attachment":"scroll","background-type":"","background-media":"","overlay-type":"","overlay-color":"","overlay-opacity":"","overlay-gradient":""}},"footnotes":""},"categories":[30,1,29],"tags":[],"class_list":["post-6415","post","type-post","status-publish","format-standard","has-post-thumbnail","hentry","category-cicles-formatius","category-general","category-portada"],"post_mailing_queue_ids":[],"_links":{"self":[{"href":"https:\/\/agora.xtec.cat\/insjvfoix\/wp-json\/wp\/v2\/posts\/6415","targetHints":{"allow":["GET"]}}],"collection":[{"href":"https:\/\/agora.xtec.cat\/insjvfoix\/wp-json\/wp\/v2\/posts"}],"about":[{"href":"https:\/\/agora.xtec.cat\/insjvfoix\/wp-json\/wp\/v2\/types\/post"}],"author":[{"embeddable":true,"href":"https:\/\/agora.xtec.cat\/insjvfoix\/wp-json\/wp\/v2\/users\/275"}],"replies":[{"embeddable":true,"href":"https:\/\/agora.xtec.cat\/insjvfoix\/wp-json\/wp\/v2\/comments?post=6415"}],"version-history":[{"count":1,"href":"https:\/\/agora.xtec.cat\/insjvfoix\/wp-json\/wp\/v2\/posts\/6415\/revisions"}],"predecessor-version":[{"id":6437,"href":"https:\/\/agora.xtec.cat\/insjvfoix\/wp-json\/wp\/v2\/posts\/6415\/revisions\/6437"}],"wp:featuredmedia":[{"embeddable":true,"href":"https:\/\/agora.xtec.cat\/insjvfoix\/wp-json\/wp\/v2\/media\/6436"}],"wp:attachment":[{"href":"https:\/\/agora.xtec.cat\/insjvfoix\/wp-json\/wp\/v2\/media?parent=6415"}],"wp:term":[{"taxonomy":"category","embeddable":true,"href":"https:\/\/agora.xtec.cat\/insjvfoix\/wp-json\/wp\/v2\/categories?post=6415"},{"taxonomy":"post_tag","embeddable":true,"href":"https:\/\/agora.xtec.cat\/insjvfoix\/wp-json\/wp\/v2\/tags?post=6415"}],"curies":[{"name":"wp","href":"https:\/\/api.w.org\/{rel}","templated":true}]}}