{"id":5558,"date":"2018-04-23T20:01:48","date_gmt":"2018-04-23T18:01:48","guid":{"rendered":"http:\/\/agora.xtec.cat\/insjvfoix\/?p=5558"},"modified":"2021-04-23T16:11:25","modified_gmt":"2021-04-23T14:11:25","slug":"celebrem-sant-jordi-tot-recordant-j-v-foix","status":"publish","type":"post","link":"https:\/\/agora.xtec.cat\/insjvfoix\/general\/celebrem-sant-jordi-tot-recordant-j-v-foix\/","title":{"rendered":"Celebrem Sant Jordi tot recordant J.V. Foix."},"content":{"rendered":"<p>Us presentem dos treballs que han elaborat dos alumnes de 2n i 4t d&#8217;ESO, respectivament i que han presentat avui.<\/p>\n<p>En el primer d&#8217;ells la M_R\u00a0 ens felicita la diada amb un collage on barreja\u00a0 el drac de Sant Jordi, la figura de\u00a0<a href=\"https:\/\/es.wikipedia.org\/wiki\/Josep_Vicen%C3%A7_Foix\">Josep Vicen\u00e7 Foix<\/a> i l&#8217;edifici de l&#8217;institut.<a href=\"http:\/\/agora.xtec.cat\/insjvfoix\/wp-content\/uploads\/usu394\/2018\/04\/santjordi3def.jpg\"><img loading=\"lazy\" decoding=\"async\" class=\"alignleft wp-image-5559\" src=\"http:\/\/agora.xtec.cat\/insjvfoix\/wp-content\/uploads\/usu394\/2018\/04\/santjordi3def-300x137.jpg\" alt=\"\" width=\"661\" height=\"302\" srcset=\"https:\/\/agora.xtec.cat\/insjvfoix\/wp-content\/uploads\/usu394\/2018\/04\/santjordi3def-300x137.jpg 300w, https:\/\/agora.xtec.cat\/insjvfoix\/wp-content\/uploads\/usu394\/2018\/04\/santjordi3def-768x351.jpg 768w, https:\/\/agora.xtec.cat\/insjvfoix\/wp-content\/uploads\/usu394\/2018\/04\/santjordi3def-1024x468.jpg 1024w, https:\/\/agora.xtec.cat\/insjvfoix\/wp-content\/uploads\/usu394\/2018\/04\/santjordi3def.jpg 1714w\" sizes=\"auto, (max-width: 661px) 100vw, 661px\" \/><\/a><\/p>\n<p>&nbsp;<\/p>\n<p>&nbsp;<\/p>\n<p>&nbsp;<\/p>\n<p>&nbsp;<\/p>\n<p>&nbsp;<\/p>\n<p>&nbsp;<\/p>\n<p>&nbsp;<\/p>\n<p>El segon, D_B, ha aprofitat les classes d&#8217;inform\u00e0tica per a elaborat un v\u00eddeo on una ploma escriu uns versos d&#8217;un dels poemes m\u00e9s coneguts de J.V. Foix:\u00a0 &#8220;<strong>\u201c<\/strong><a href=\"https:\/\/xarrupemlantologia.wordpress.com\/6-es-quan-dormo-que-hi-veig-clar-per-j-v-foix\/\">\u00c9s quan dormo que hi veig clar<\/a><strong>\u201d\u00a0<\/strong><br \/>\n<iframe loading=\"lazy\" src=\"https:\/\/drive.google.com\/file\/d\/1nHZ7LRpX7vbLia2fXmeahp0hifgqR6In\/preview\" width=\"640\" height=\"480\"><\/iframe><\/p>\n","protected":false},"excerpt":{"rendered":"<p>Us presentem dos treballs que han elaborat dos alumnes de 2n i 4t d&#8217;ESO, respectivament i que han presentat avui. En el primer d&#8217;ells la M_R\u00a0 ens felicita la diada amb un collage on barreja\u00a0 el drac de Sant Jordi, la figura de\u00a0Josep Vicen\u00e7 Foix i l&#8217;edifici de l&#8217;institut. &nbsp; &nbsp; &nbsp; &nbsp; &nbsp; &nbsp; [&hellip;]<\/p>\n","protected":false},"author":1,"featured_media":5559,"comment_status":"open","ping_status":"closed","sticky":false,"template":"","format":"standard","meta":{"_bbp_topic_count":0,"_bbp_reply_count":0,"_bbp_total_topic_count":0,"_bbp_total_reply_count":0,"_bbp_voice_count":0,"_bbp_anonymous_reply_count":0,"_bbp_topic_count_hidden":0,"_bbp_reply_count_hidden":0,"_bbp_forum_subforum_count":0,"site-sidebar-layout":"default","site-content-layout":"","ast-site-content-layout":"","site-content-style":"default","site-sidebar-style":"default","ast-global-header-display":"","ast-banner-title-visibility":"","ast-main-header-display":"","ast-hfb-above-header-display":"","ast-hfb-below-header-display":"","ast-hfb-mobile-header-display":"","site-post-title":"","ast-breadcrumbs-content":"","ast-featured-img":"","footer-sml-layout":"","theme-transparent-header-meta":"","adv-header-id-meta":"","stick-header-meta":"","header-above-stick-meta":"","header-main-stick-meta":"","header-below-stick-meta":"","astra-migrate-meta-layouts":"default","ast-page-background-enabled":"default","ast-page-background-meta":{"desktop":{"background-color":"var(--ast-global-color-5)","background-image":"","background-repeat":"repeat","background-position":"center center","background-size":"auto","background-attachment":"scroll","background-type":"","background-media":"","overlay-type":"","overlay-color":"","overlay-opacity":"","overlay-gradient":""},"tablet":{"background-color":"","background-image":"","background-repeat":"repeat","background-position":"center center","background-size":"auto","background-attachment":"scroll","background-type":"","background-media":"","overlay-type":"","overlay-color":"","overlay-opacity":"","overlay-gradient":""},"mobile":{"background-color":"","background-image":"","background-repeat":"repeat","background-position":"center center","background-size":"auto","background-attachment":"scroll","background-type":"","background-media":"","overlay-type":"","overlay-color":"","overlay-opacity":"","overlay-gradient":""}},"ast-content-background-meta":{"desktop":{"background-color":"var(--ast-global-color-4)","background-image":"","background-repeat":"repeat","background-position":"center center","background-size":"auto","background-attachment":"scroll","background-type":"","background-media":"","overlay-type":"","overlay-color":"","overlay-opacity":"","overlay-gradient":""},"tablet":{"background-color":"var(--ast-global-color-4)","background-image":"","background-repeat":"repeat","background-position":"center center","background-size":"auto","background-attachment":"scroll","background-type":"","background-media":"","overlay-type":"","overlay-color":"","overlay-opacity":"","overlay-gradient":""},"mobile":{"background-color":"var(--ast-global-color-4)","background-image":"","background-repeat":"repeat","background-position":"center center","background-size":"auto","background-attachment":"scroll","background-type":"","background-media":"","overlay-type":"","overlay-color":"","overlay-opacity":"","overlay-gradient":""}},"footnotes":""},"categories":[3,5,7,1,29],"tags":[282,260,38],"class_list":["post-5558","post","type-post","status-publish","format-standard","has-post-thumbnail","hentry","category-eso","category-eso-2","category-eso-4","category-general","category-portada","tag-curs-2017-2018","tag-festes","tag-sant-jordi"],"post_mailing_queue_ids":[],"_links":{"self":[{"href":"https:\/\/agora.xtec.cat\/insjvfoix\/wp-json\/wp\/v2\/posts\/5558","targetHints":{"allow":["GET"]}}],"collection":[{"href":"https:\/\/agora.xtec.cat\/insjvfoix\/wp-json\/wp\/v2\/posts"}],"about":[{"href":"https:\/\/agora.xtec.cat\/insjvfoix\/wp-json\/wp\/v2\/types\/post"}],"author":[{"embeddable":true,"href":"https:\/\/agora.xtec.cat\/insjvfoix\/wp-json\/wp\/v2\/users\/1"}],"replies":[{"embeddable":true,"href":"https:\/\/agora.xtec.cat\/insjvfoix\/wp-json\/wp\/v2\/comments?post=5558"}],"version-history":[{"count":3,"href":"https:\/\/agora.xtec.cat\/insjvfoix\/wp-json\/wp\/v2\/posts\/5558\/revisions"}],"predecessor-version":[{"id":5564,"href":"https:\/\/agora.xtec.cat\/insjvfoix\/wp-json\/wp\/v2\/posts\/5558\/revisions\/5564"}],"wp:featuredmedia":[{"embeddable":true,"href":"https:\/\/agora.xtec.cat\/insjvfoix\/wp-json\/wp\/v2\/media\/5559"}],"wp:attachment":[{"href":"https:\/\/agora.xtec.cat\/insjvfoix\/wp-json\/wp\/v2\/media?parent=5558"}],"wp:term":[{"taxonomy":"category","embeddable":true,"href":"https:\/\/agora.xtec.cat\/insjvfoix\/wp-json\/wp\/v2\/categories?post=5558"},{"taxonomy":"post_tag","embeddable":true,"href":"https:\/\/agora.xtec.cat\/insjvfoix\/wp-json\/wp\/v2\/tags?post=5558"}],"curies":[{"name":"wp","href":"https:\/\/api.w.org\/{rel}","templated":true}]}}