{"id":5487,"date":"2018-04-10T08:45:52","date_gmt":"2018-04-10T06:45:52","guid":{"rendered":"http:\/\/agora.xtec.cat\/insjvfoix\/?p=5487"},"modified":"2020-10-28T20:27:29","modified_gmt":"2020-10-28T19:27:29","slug":"els-alumnes-de-frances-hem-fet-una-sortida-a-franca","status":"publish","type":"post","link":"https:\/\/agora.xtec.cat\/insjvfoix\/general\/els-alumnes-de-frances-hem-fet-una-sortida-a-franca\/","title":{"rendered":"Els alumnes de franc\u00e8s hem fet una sortida a Fran\u00e7a."},"content":{"rendered":"<p><span style=\"font-size: large;\">El passat 5 d\u2019abril els\u00a0 alumnes de franc\u00e8s vam fer una sortida cultural i ling\u00fc\u00edstica a Fran\u00e7a durant 2 dies. <\/span><\/p>\n<p><span style=\"font-size: large;\">Vam sortir a les 7:30 de l\u2019Escard\u00edvol en direcci\u00f3 a Perpiny\u00e0. All\u00e0 es vam trobar amb els nostres monitors (la Roser, el V\u00edctor i el Philippe). Vam visitar el centre hist\u00f2ric de Perpiny\u00e0, el Palau dels Reis de Mallorca, el monestir de Sant Miquel de Cuix\u00e0 i el poble emmurallat de Vilafranca del Conflent. Durant aquestes activitats,\u00a0 vam treballar amb uns dossiers, vam tenir l\u2019oportunitat d\u2019entrevistar francesos, vam escoltar les explicacions dels monitors, que tamb\u00e9 ens van fer de guies tur\u00edstics, i finalment vam gaudir d\u2019un temps lliure per acabar d\u2019entrar en contacte amb la cultura francesa i poder comprar <i>souvenirs<\/i>. <\/span><\/p>\n<p><span style=\"font-size: large;\">Es vam allotjar a un alberg a Prada, on vam poder gaudir d\u2019unes vistes privilegiades del Canig\u00f3 i on vam poder conviure entre companys i companyes de diferents cursos. <\/span><\/p>\n<p><span style=\"font-size: large;\">Espero que tothom hagi gaudit del viatge i hagi apr\u00e8s moltes coses. <\/span><\/p>\n<p lang=\"fr-FR\"><span style=\"font-size: large;\"><i>Bonne continuation avec le fran\u00e7ais!<\/i><\/span><\/p>\n<p lang=\"fr-FR\"><\/p>\n","protected":false},"excerpt":{"rendered":"<p>El passat 5 d\u2019abril els\u00a0 alumnes de franc\u00e8s vam fer una sortida cultural i ling\u00fc\u00edstica a Fran\u00e7a durant 2 dies. Vam sortir a les 7:30 de l\u2019Escard\u00edvol en direcci\u00f3 a Perpiny\u00e0. All\u00e0 es vam trobar amb els nostres monitors (la Roser, el V\u00edctor i el Philippe). Vam visitar el centre hist\u00f2ric de Perpiny\u00e0, el Palau [&hellip;]<\/p>\n","protected":false},"author":82,"featured_media":5488,"comment_status":"open","ping_status":"closed","sticky":false,"template":"","format":"standard","meta":{"_bbp_topic_count":0,"_bbp_reply_count":0,"_bbp_total_topic_count":0,"_bbp_total_reply_count":0,"_bbp_voice_count":0,"_bbp_anonymous_reply_count":0,"_bbp_topic_count_hidden":0,"_bbp_reply_count_hidden":0,"_bbp_forum_subforum_count":0,"site-sidebar-layout":"default","site-content-layout":"","ast-site-content-layout":"","site-content-style":"default","site-sidebar-style":"default","ast-global-header-display":"","ast-banner-title-visibility":"","ast-main-header-display":"","ast-hfb-above-header-display":"","ast-hfb-below-header-display":"","ast-hfb-mobile-header-display":"","site-post-title":"","ast-breadcrumbs-content":"","ast-featured-img":"","footer-sml-layout":"","theme-transparent-header-meta":"","adv-header-id-meta":"","stick-header-meta":"","header-above-stick-meta":"","header-main-stick-meta":"","header-below-stick-meta":"","astra-migrate-meta-layouts":"default","ast-page-background-enabled":"default","ast-page-background-meta":{"desktop":{"background-color":"var(--ast-global-color-5)","background-image":"","background-repeat":"repeat","background-position":"center center","background-size":"auto","background-attachment":"scroll","background-type":"","background-media":"","overlay-type":"","overlay-color":"","overlay-opacity":"","overlay-gradient":""},"tablet":{"background-color":"","background-image":"","background-repeat":"repeat","background-position":"center center","background-size":"auto","background-attachment":"scroll","background-type":"","background-media":"","overlay-type":"","overlay-color":"","overlay-opacity":"","overlay-gradient":""},"mobile":{"background-color":"","background-image":"","background-repeat":"repeat","background-position":"center center","background-size":"auto","background-attachment":"scroll","background-type":"","background-media":"","overlay-type":"","overlay-color":"","overlay-opacity":"","overlay-gradient":""}},"ast-content-background-meta":{"desktop":{"background-color":"var(--ast-global-color-4)","background-image":"","background-repeat":"repeat","background-position":"center center","background-size":"auto","background-attachment":"scroll","background-type":"","background-media":"","overlay-type":"","overlay-color":"","overlay-opacity":"","overlay-gradient":""},"tablet":{"background-color":"var(--ast-global-color-4)","background-image":"","background-repeat":"repeat","background-position":"center center","background-size":"auto","background-attachment":"scroll","background-type":"","background-media":"","overlay-type":"","overlay-color":"","overlay-opacity":"","overlay-gradient":""},"mobile":{"background-color":"var(--ast-global-color-4)","background-image":"","background-repeat":"repeat","background-position":"center center","background-size":"auto","background-attachment":"scroll","background-type":"","background-media":"","overlay-type":"","overlay-color":"","overlay-opacity":"","overlay-gradient":""}},"footnotes":""},"categories":[8,3,1,262,29],"tags":[282,39],"class_list":["post-5487","post","type-post","status-publish","format-standard","has-post-thumbnail","hentry","category-batxillerat","category-eso","category-general","category-idiomes","category-portada","tag-curs-2017-2018","tag-sortides"],"post_mailing_queue_ids":[],"_links":{"self":[{"href":"https:\/\/agora.xtec.cat\/insjvfoix\/wp-json\/wp\/v2\/posts\/5487","targetHints":{"allow":["GET"]}}],"collection":[{"href":"https:\/\/agora.xtec.cat\/insjvfoix\/wp-json\/wp\/v2\/posts"}],"about":[{"href":"https:\/\/agora.xtec.cat\/insjvfoix\/wp-json\/wp\/v2\/types\/post"}],"author":[{"embeddable":true,"href":"https:\/\/agora.xtec.cat\/insjvfoix\/wp-json\/wp\/v2\/users\/82"}],"replies":[{"embeddable":true,"href":"https:\/\/agora.xtec.cat\/insjvfoix\/wp-json\/wp\/v2\/comments?post=5487"}],"version-history":[{"count":2,"href":"https:\/\/agora.xtec.cat\/insjvfoix\/wp-json\/wp\/v2\/posts\/5487\/revisions"}],"predecessor-version":[{"id":5492,"href":"https:\/\/agora.xtec.cat\/insjvfoix\/wp-json\/wp\/v2\/posts\/5487\/revisions\/5492"}],"wp:featuredmedia":[{"embeddable":true,"href":"https:\/\/agora.xtec.cat\/insjvfoix\/wp-json\/wp\/v2\/media\/5488"}],"wp:attachment":[{"href":"https:\/\/agora.xtec.cat\/insjvfoix\/wp-json\/wp\/v2\/media?parent=5487"}],"wp:term":[{"taxonomy":"category","embeddable":true,"href":"https:\/\/agora.xtec.cat\/insjvfoix\/wp-json\/wp\/v2\/categories?post=5487"},{"taxonomy":"post_tag","embeddable":true,"href":"https:\/\/agora.xtec.cat\/insjvfoix\/wp-json\/wp\/v2\/tags?post=5487"}],"curies":[{"name":"wp","href":"https:\/\/api.w.org\/{rel}","templated":true}]}}