{"id":5474,"date":"2018-04-12T09:43:16","date_gmt":"2018-04-12T07:43:16","guid":{"rendered":"http:\/\/agora.xtec.cat\/insjvfoix\/?p=5474"},"modified":"2020-10-28T20:53:52","modified_gmt":"2020-10-28T19:53:52","slug":"preinscripcio-eso-curs-2018-2019-13-al-24-dabril","status":"publish","type":"post","link":"https:\/\/agora.xtec.cat\/insjvfoix\/general\/preinscripcio-eso-curs-2018-2019-13-al-24-dabril\/","title":{"rendered":"Preinscripci\u00f3 ESO"},"content":{"rendered":"<p><strong>DATES<\/strong> : Del\u00a013\u00a0\u00a0al 24 d\u2019abril<\/p>\n<p><strong>HORARI<\/strong>:<\/p>\n<ul>\n<li>Mat\u00ed: de dilluns a divendres de 9 a 14 hores<\/li>\n<li>Tarda: dimarts i dijous de 16 a 19\u201930 hores<\/li>\n<\/ul>\n<p><strong>(No es recollir\u00e0 cap sol\u00b7licitud fora d\u2019aquest horari)<\/strong><\/p>\n<p>El <a href=\"http:\/\/ensenyament.gencat.cat\/web\/shared\/OVT\/Departaments\/ENS\/TramitOVT\/preinscripcio\/obligatoris\/obligatoria-emp.pdf\">formulari de sol\u00b7licitud<\/a> s&#8217;ha de presentar, en tots els casos, acompanyat de la documentaci\u00f3 seg\u00fcent:<\/p>\n<ul>\n<li>Original i fotoc\u00f2pia del\u00a0<strong>llibre de fam\u00edlia<\/strong>, <strong>la p\u00e0gina on \u00e9s inscrit\/a <\/strong>\u00a0o altres documents relatius a la filiaci\u00f3. Si l&#8217;alumne\/a est\u00e0 en situaci\u00f3 d&#8217;acolliment, la resoluci\u00f3 d&#8217;acolliment del Departament de Benestar Social i Fam\u00edlia.<\/li>\n<\/ul>\n<ul>\n<li>Original i fotoc\u00f2pia del <strong>DNI de la persona sol\u00b7licitant<\/strong> (pare, mare, tutor o tutora o guardador o guardadora de fet) o, si la persona sol\u00b7licitant \u00e9s estrangera, de la targeta de resid\u00e8ncia on consta el NIE o del passaport. Si es tracta d&#8217;estrangers comunitaris, document d&#8217;identitat del pa\u00eds d&#8217;origen.<\/li>\n<\/ul>\n<ul>\n<li>Original i fotoc\u00f2pia del DNI\u00a0de l\u2019alumne o alumna en cas que sigui major de 14 anys o tingui DNI tot i \u00e9sser menor de 14 anys.<\/li>\n<\/ul>\n<ul>\n<li>Original i fotoc\u00f2pia de la\u00a0<strong>TSI (targeta sanit\u00e0ria individual)<\/strong> del nen o nena. Si no se&#8217;n disposa el Departament d&#8217;Ensenyament consultar\u00e0 el codi CIP de la targeta sanit\u00e0ria individual al CatSalut.<\/li>\n<\/ul>\n<p>De forma extraordin\u00e0ria, les dades d&#8217;identificaci\u00f3 o de filiaci\u00f3 dels\u00a0<strong>alumnes estrangers<\/strong>\u00a0tamb\u00e9 es poden acreditar amb el document d&#8217;identitat, el llibre de fam\u00edlia del pa\u00eds d&#8217;origen o la documentaci\u00f3 alternativa que la persona pugui aportar.<\/p>\n<ul>\n<li>En emplenar el formulari de sol\u00b7licitud trobareu un espai que cal omplir amb l&#8217;<strong>identificador de l\u2019alumne\/a<\/strong>;tots els alumnes matriculats el curs 2017-2018 en algun centre educatiu de qualsevol titularitat disposen d\u2019aquest identificador, si el desconeixeu es recomana demanar-lo al centre.<\/li>\n<\/ul>\n<h4>Documentaci\u00f3 acreditativa dels criteris de prioritat<\/h4>\n<p>Les persones que al\u00b7leguen el compliment d&#8217;un o m\u00e9s criteris de prioritat (espec\u00edfic, generals o complementaris) han de presentar la documentaci\u00f3 corresponent \u00a0per a cada criteri.<\/p>\n<p><a href=\"https:\/\/www.dropbox.com\/s\/ougjz5y3r1zrtm2\/Instrucci%C3%B3%20preinscripci%C3%B3%201r.pdf?dl=0\"><img loading=\"lazy\" decoding=\"async\" class=\"alignleft size-full wp-image-1567\" src=\"http:\/\/agora.xtec.cat\/insjvfoix\/wp-content\/uploads\/usu394\/2016\/02\/icono-descarga.jpg\" alt=\"Baixa\" width=\"22\" height=\"22\" \/><\/a><a href=\"https:\/\/drive.google.com\/file\/d\/1DoEr4qR_dt3HB0_8OGCR6XMag18FVW7V\/view?usp=sharing\">Document informatiu proc\u00e9s preinscripci\u00f3<\/a><\/p>\n<p><a href=\"http:\/\/agora.xtec.cat\/insjvfoix\/wp-content\/uploads\/usu394\/2016\/02\/icono-descarga.jpg\"><img loading=\"lazy\" decoding=\"async\" class=\"alignleft size-full wp-image-1567\" src=\"http:\/\/agora.xtec.cat\/insjvfoix\/wp-content\/uploads\/usu394\/2016\/02\/icono-descarga.jpg\" alt=\"\" width=\"22\" height=\"22\" \/><\/a><a href=\"http:\/\/ensenyament.gencat.cat\/web\/shared\/OVT\/Departaments\/ENS\/TramitOVT\/preinscripcio\/obligatoris\/obligatoria-emp.pdf\">Sol\u00b7licitud de preinscripci\u00f3 a l&#8217;ESO en centres educatius sufragats amb fons p\u00fablics (curs 2018-2019)<\/a><\/p>\n<p>&nbsp;<\/p>\n","protected":false},"excerpt":{"rendered":"<p>DATES : Del\u00a013\u00a0\u00a0al 24 d\u2019abril HORARI: Mat\u00ed: de dilluns a divendres de 9 a 14 hores Tarda: dimarts i dijous de 16 a 19\u201930 hores (No es recollir\u00e0 cap sol\u00b7licitud fora d\u2019aquest horari) El formulari de sol\u00b7licitud s&#8217;ha de presentar, en tots els casos, acompanyat de la documentaci\u00f3 seg\u00fcent: Original i fotoc\u00f2pia del\u00a0llibre de fam\u00edlia, [&hellip;]<\/p>\n","protected":false},"author":1,"featured_media":1567,"comment_status":"open","ping_status":"closed","sticky":false,"template":"","format":"standard","meta":{"_bbp_topic_count":0,"_bbp_reply_count":0,"_bbp_total_topic_count":0,"_bbp_total_reply_count":0,"_bbp_voice_count":0,"_bbp_anonymous_reply_count":0,"_bbp_topic_count_hidden":0,"_bbp_reply_count_hidden":0,"_bbp_forum_subforum_count":0,"site-sidebar-layout":"default","site-content-layout":"","ast-site-content-layout":"","site-content-style":"default","site-sidebar-style":"default","ast-global-header-display":"","ast-banner-title-visibility":"","ast-main-header-display":"","ast-hfb-above-header-display":"","ast-hfb-below-header-display":"","ast-hfb-mobile-header-display":"","site-post-title":"","ast-breadcrumbs-content":"","ast-featured-img":"","footer-sml-layout":"","theme-transparent-header-meta":"","adv-header-id-meta":"","stick-header-meta":"","header-above-stick-meta":"","header-main-stick-meta":"","header-below-stick-meta":"","astra-migrate-meta-layouts":"default","ast-page-background-enabled":"default","ast-page-background-meta":{"desktop":{"background-color":"var(--ast-global-color-5)","background-image":"","background-repeat":"repeat","background-position":"center center","background-size":"auto","background-attachment":"scroll","background-type":"","background-media":"","overlay-type":"","overlay-color":"","overlay-opacity":"","overlay-gradient":""},"tablet":{"background-color":"","background-image":"","background-repeat":"repeat","background-position":"center center","background-size":"auto","background-attachment":"scroll","background-type":"","background-media":"","overlay-type":"","overlay-color":"","overlay-opacity":"","overlay-gradient":""},"mobile":{"background-color":"","background-image":"","background-repeat":"repeat","background-position":"center center","background-size":"auto","background-attachment":"scroll","background-type":"","background-media":"","overlay-type":"","overlay-color":"","overlay-opacity":"","overlay-gradient":""}},"ast-content-background-meta":{"desktop":{"background-color":"var(--ast-global-color-4)","background-image":"","background-repeat":"repeat","background-position":"center center","background-size":"auto","background-attachment":"scroll","background-type":"","background-media":"","overlay-type":"","overlay-color":"","overlay-opacity":"","overlay-gradient":""},"tablet":{"background-color":"var(--ast-global-color-4)","background-image":"","background-repeat":"repeat","background-position":"center center","background-size":"auto","background-attachment":"scroll","background-type":"","background-media":"","overlay-type":"","overlay-color":"","overlay-opacity":"","overlay-gradient":""},"mobile":{"background-color":"var(--ast-global-color-4)","background-image":"","background-repeat":"repeat","background-position":"center center","background-size":"auto","background-attachment":"scroll","background-type":"","background-media":"","overlay-type":"","overlay-color":"","overlay-opacity":"","overlay-gradient":""}},"footnotes":""},"categories":[3,1,76],"tags":[295],"class_list":["post-5474","post","type-post","status-publish","format-standard","has-post-thumbnail","hentry","category-eso","category-general","category-secretaria","tag-curs-2017-2018-matricula"],"post_mailing_queue_ids":[],"_links":{"self":[{"href":"https:\/\/agora.xtec.cat\/insjvfoix\/wp-json\/wp\/v2\/posts\/5474","targetHints":{"allow":["GET"]}}],"collection":[{"href":"https:\/\/agora.xtec.cat\/insjvfoix\/wp-json\/wp\/v2\/posts"}],"about":[{"href":"https:\/\/agora.xtec.cat\/insjvfoix\/wp-json\/wp\/v2\/types\/post"}],"author":[{"embeddable":true,"href":"https:\/\/agora.xtec.cat\/insjvfoix\/wp-json\/wp\/v2\/users\/1"}],"replies":[{"embeddable":true,"href":"https:\/\/agora.xtec.cat\/insjvfoix\/wp-json\/wp\/v2\/comments?post=5474"}],"version-history":[{"count":3,"href":"https:\/\/agora.xtec.cat\/insjvfoix\/wp-json\/wp\/v2\/posts\/5474\/revisions"}],"predecessor-version":[{"id":5508,"href":"https:\/\/agora.xtec.cat\/insjvfoix\/wp-json\/wp\/v2\/posts\/5474\/revisions\/5508"}],"wp:featuredmedia":[{"embeddable":true,"href":"https:\/\/agora.xtec.cat\/insjvfoix\/wp-json\/wp\/v2\/media\/1567"}],"wp:attachment":[{"href":"https:\/\/agora.xtec.cat\/insjvfoix\/wp-json\/wp\/v2\/media?parent=5474"}],"wp:term":[{"taxonomy":"category","embeddable":true,"href":"https:\/\/agora.xtec.cat\/insjvfoix\/wp-json\/wp\/v2\/categories?post=5474"},{"taxonomy":"post_tag","embeddable":true,"href":"https:\/\/agora.xtec.cat\/insjvfoix\/wp-json\/wp\/v2\/tags?post=5474"}],"curies":[{"name":"wp","href":"https:\/\/api.w.org\/{rel}","templated":true}]}}