{"id":4227,"date":"2017-05-08T13:25:57","date_gmt":"2017-05-08T11:25:57","guid":{"rendered":"http:\/\/agora.xtec.cat\/insjvfoix\/?p=4227"},"modified":"2017-05-08T13:25:57","modified_gmt":"2017-05-08T11:25:57","slug":"fitxa-de-lectura-diario-de-greg-un-pringao-total","status":"publish","type":"post","link":"https:\/\/agora.xtec.cat\/insjvfoix\/eso\/fitxa-de-lectura-diario-de-greg-un-pringao-total\/","title":{"rendered":"Fitxa de Lectura: &#8220;Diario de Greg, un pringao total&#8221;"},"content":{"rendered":"<p><a href=\"http:\/\/agora.xtec.cat\/insjvfoix\/wp-content\/uploads\/usu394\/2017\/05\/9788498672220.jpg\"><img loading=\"lazy\" decoding=\"async\" class=\"wp-image-4230 alignright\" src=\"http:\/\/agora.xtec.cat\/insjvfoix\/wp-content\/uploads\/usu394\/2017\/05\/9788498672220.jpg\" alt=\"9788498672220\" width=\"209\" height=\"305\" \/><\/a><\/p>\n<p>El diari de Greg 1 Un pringat total \u00e9s un\u00a0llibre molt divertit. El seu autor \u00e9s Jeff Kinney. L&#8217;Editorial es diu Molino. Pertany a \u00a0la col\u00b7lecci\u00f3 \u00e9s Diari de Greg. Va ser editat l&#8217;any \u00a02007 T\u00e9 452 p\u00e0gines.<\/p>\n<p>El llibre tracta que en Greg acaba de comen\u00e7ar a l&#8217;institut amb el seu amic Rowley, all\u00e0 tot \u00e9s molt diferent de l&#8217;escola. Els seus companys han crescut per\u00f2 encara ell no. \u00a0 El seu amic s&#8217;adapta facilment gr\u00e0cies a una lesi\u00f3 que li va provocar el Greg, per\u00f2 ell no acaba gaire b\u00e9&#8230;<\/p>\n<p>Els personatges principals s\u00f3n el Rodrick (el germ\u00e0 del Greg) Rowley (el millor amic d&#8217;en Greg) i en Greg. L&#8217;acci\u00f3 passa dins de l&#8217;institut, Est\u00e0 escrit en primera persona.<\/p>\n<p>La meva valoraci\u00f3 \u00a0en una escala de l&#8217;1 al 10 \u00e9s de 8\/9.<\/p>\n<p>Vaig decidir llegir aquest llibre perqu\u00e8 ja m&#8217;havia llegit alguns altres llibres d&#8217;aquesta col\u00b7lecci\u00f3 i volia llegir el primer. Cada dia he llegit 10\/15 p\u00e0gines del llibre. M&#8217;agrada el libre perqu\u00e8 \u00e9s bastant divertit i em fa bastant gr\u00e0cia.<\/p>\n<p>Recomanaria aquesta lectura ja que \u00e9s divertida.<\/p>\n<p>&nbsp;<\/p>\n","protected":false},"excerpt":{"rendered":"<p>El diari de Greg 1 Un pringat total \u00e9s un\u00a0llibre molt divertit. El seu autor \u00e9s Jeff Kinney. L&#8217;Editorial es diu Molino. Pertany a \u00a0la col\u00b7lecci\u00f3 \u00e9s Diari de Greg. Va ser editat l&#8217;any \u00a02007 T\u00e9 452 p\u00e0gines. El llibre tracta que en Greg acaba de comen\u00e7ar a l&#8217;institut amb el seu amic Rowley, all\u00e0 [&hellip;]<\/p>\n","protected":false},"author":184,"featured_media":4230,"comment_status":"open","ping_status":"open","sticky":false,"template":"","format":"standard","meta":{"_bbp_topic_count":0,"_bbp_reply_count":0,"_bbp_total_topic_count":0,"_bbp_total_reply_count":0,"_bbp_voice_count":0,"_bbp_anonymous_reply_count":0,"_bbp_topic_count_hidden":0,"_bbp_reply_count_hidden":0,"_bbp_forum_subforum_count":0,"site-sidebar-layout":"default","site-content-layout":"","ast-site-content-layout":"","site-content-style":"default","site-sidebar-style":"default","ast-global-header-display":"","ast-banner-title-visibility":"","ast-main-header-display":"","ast-hfb-above-header-display":"","ast-hfb-below-header-display":"","ast-hfb-mobile-header-display":"","site-post-title":"","ast-breadcrumbs-content":"","ast-featured-img":"","footer-sml-layout":"","theme-transparent-header-meta":"","adv-header-id-meta":"","stick-header-meta":"","header-above-stick-meta":"","header-main-stick-meta":"","header-below-stick-meta":"","astra-migrate-meta-layouts":"default","ast-page-background-enabled":"default","ast-page-background-meta":{"desktop":{"background-color":"var(--ast-global-color-5)","background-image":"","background-repeat":"repeat","background-position":"center center","background-size":"auto","background-attachment":"scroll","background-type":"","background-media":"","overlay-type":"","overlay-color":"","overlay-opacity":"","overlay-gradient":""},"tablet":{"background-color":"","background-image":"","background-repeat":"repeat","background-position":"center center","background-size":"auto","background-attachment":"scroll","background-type":"","background-media":"","overlay-type":"","overlay-color":"","overlay-opacity":"","overlay-gradient":""},"mobile":{"background-color":"","background-image":"","background-repeat":"repeat","background-position":"center center","background-size":"auto","background-attachment":"scroll","background-type":"","background-media":"","overlay-type":"","overlay-color":"","overlay-opacity":"","overlay-gradient":""}},"ast-content-background-meta":{"desktop":{"background-color":"var(--ast-global-color-4)","background-image":"","background-repeat":"repeat","background-position":"center center","background-size":"auto","background-attachment":"scroll","background-type":"","background-media":"","overlay-type":"","overlay-color":"","overlay-opacity":"","overlay-gradient":""},"tablet":{"background-color":"var(--ast-global-color-4)","background-image":"","background-repeat":"repeat","background-position":"center center","background-size":"auto","background-attachment":"scroll","background-type":"","background-media":"","overlay-type":"","overlay-color":"","overlay-opacity":"","overlay-gradient":""},"mobile":{"background-color":"var(--ast-global-color-4)","background-image":"","background-repeat":"repeat","background-position":"center center","background-size":"auto","background-attachment":"scroll","background-type":"","background-media":"","overlay-type":"","overlay-color":"","overlay-opacity":"","overlay-gradient":""}},"footnotes":""},"categories":[185,3,115,87],"tags":[256],"class_list":["post-4227","post","type-post","status-publish","format-standard","has-post-thumbnail","hentry","category-biblioteca","category-eso","category-eso-1","category-fitxa-lectura","tag-curs-2015-2016"],"post_mailing_queue_ids":[],"_links":{"self":[{"href":"https:\/\/agora.xtec.cat\/insjvfoix\/wp-json\/wp\/v2\/posts\/4227","targetHints":{"allow":["GET"]}}],"collection":[{"href":"https:\/\/agora.xtec.cat\/insjvfoix\/wp-json\/wp\/v2\/posts"}],"about":[{"href":"https:\/\/agora.xtec.cat\/insjvfoix\/wp-json\/wp\/v2\/types\/post"}],"author":[{"embeddable":true,"href":"https:\/\/agora.xtec.cat\/insjvfoix\/wp-json\/wp\/v2\/users\/184"}],"replies":[{"embeddable":true,"href":"https:\/\/agora.xtec.cat\/insjvfoix\/wp-json\/wp\/v2\/comments?post=4227"}],"version-history":[{"count":3,"href":"https:\/\/agora.xtec.cat\/insjvfoix\/wp-json\/wp\/v2\/posts\/4227\/revisions"}],"predecessor-version":[{"id":4253,"href":"https:\/\/agora.xtec.cat\/insjvfoix\/wp-json\/wp\/v2\/posts\/4227\/revisions\/4253"}],"wp:featuredmedia":[{"embeddable":true,"href":"https:\/\/agora.xtec.cat\/insjvfoix\/wp-json\/wp\/v2\/media\/4230"}],"wp:attachment":[{"href":"https:\/\/agora.xtec.cat\/insjvfoix\/wp-json\/wp\/v2\/media?parent=4227"}],"wp:term":[{"taxonomy":"category","embeddable":true,"href":"https:\/\/agora.xtec.cat\/insjvfoix\/wp-json\/wp\/v2\/categories?post=4227"},{"taxonomy":"post_tag","embeddable":true,"href":"https:\/\/agora.xtec.cat\/insjvfoix\/wp-json\/wp\/v2\/tags?post=4227"}],"curies":[{"name":"wp","href":"https:\/\/api.w.org\/{rel}","templated":true}]}}