{"id":4007,"date":"2017-03-22T12:49:22","date_gmt":"2017-03-22T11:49:22","guid":{"rendered":"http:\/\/agora.xtec.cat\/insjvfoix\/?p=4007"},"modified":"2017-03-27T13:00:24","modified_gmt":"2017-03-27T11:00:24","slug":"fitxa-de-lectura-diari-del-greg-aixo-es-massa","status":"publish","type":"post","link":"https:\/\/agora.xtec.cat\/insjvfoix\/general\/fitxa-de-lectura-diari-del-greg-aixo-es-massa\/","title":{"rendered":"Fitxa de lectura: &#8220;Diari del Greg: Aix\u00f2 \u00e9s massa!&#8221;"},"content":{"rendered":"<p>L&#8217; autor d&#8217; aquest llibre \u00e9s en Jeff Kinney, l&#8217; editorial \u00e9s Estrella Polar i la col\u00b7lecci\u00f3 \u00e9s <em>El Diari\u00a0del Greg<\/em>. Es va publicar a Barcelona l&#8217; any 2008.<\/p>\n<p>Aquest llibre t\u00e9 223 p\u00e0gines.<\/p>\n<p>El llibre tracta sobre un noi, en Greg. Viu amb els seus dos germans i els seus pares. El seu pare vol que es faci un home, per aix\u00f2 l&#8217;apunta a tot d&#8217; activitats f\u00edsiques.<\/p>\n<p>En Greg sempre acaba rebent sense haver fet res.<\/p>\n<p>Els personatges principals s\u00f3n: el Greg, el seu pare, la seva mare, els seus germans (Manny i Rodrick), el\u00a0Rowley ( que\u00a0\u00e9s el millor amic d&#8217;\u00a0en Greg i\u00a0 la Holly (\u00e9s la noia que li agrada al Greg).<\/p>\n<p>L&#8217; acci\u00f3 passa a la ciutat on viu el Greg i passa durant tot un any.<\/p>\n<p>Est\u00e0 escit en primera persona.<\/p>\n<p>Jo li\u00a0poso un 8 de valoraci\u00f3.<\/p>\n<p>Vaig decidir llegir-lo perqu\u00e8 mai \u00a0n&#8217; havia llegit cap d&#8217; aquesta col\u00b7lecci\u00f3 i em va semblar interessant.<\/p>\n<p>Per llegir aquest llibre he trigat tres dies, i cada dia hi he dedicat una hora.<\/p>\n<p>M&#8217; ha agradat bastant <em>El diari del Greg<\/em>, perqu\u00e8 \u00e9s interessant i perqu\u00e8 m&#8217; agrada el que explica. Recomanaria el llibre, ja que a mi m&#8217; ha agradat.<\/p>\n<p><a class=\"irc_mil i3597 i1om7GU8Xwx8-zixyDjKkw5M\" href=\"https:\/\/www.google.es\/url?sa=i&amp;rct=j&amp;q=&amp;esrc=s&amp;source=images&amp;cd=&amp;cad=rja&amp;uact=8&amp;ved=0ahUKEwjs-Oyh1-TSAhUGtxQKHSJQD_0QjRwIBw&amp;url=http%3A%2F%2Fwww.nosaltresllegim.cat%2F2010%2Fdiari-del-greg%2F&amp;psig=AFQjCNFFZGUaXrCZQW9j8aAU5vjwpjekLw&amp;ust=1490085507228724\" target=\"_blank\" rel=\"noopener\"><img loading=\"lazy\" decoding=\"async\" class=\"irc_mi\" src=\"http:\/\/www.nosaltresllegim.cat\/wp-content\/uploads\/2010\/03\/Diari-del-Greg.-Aixo-es-massa.jpg\" alt=\"Resultat d'imatges de el diari del greg aixo es massa\" width=\"279\" height=\"406\" \/><\/a><\/p>\n","protected":false},"excerpt":{"rendered":"<p>L&#8217; autor d&#8217; aquest llibre \u00e9s en Jeff Kinney, l&#8217; editorial \u00e9s Estrella Polar i la col\u00b7lecci\u00f3 \u00e9s El Diari\u00a0del Greg. Es va publicar a Barcelona l&#8217; any 2008. Aquest llibre t\u00e9 223 p\u00e0gines. El llibre tracta sobre un noi, en Greg. Viu amb els seus dos germans i els seus pares. El seu pare [&hellip;]<\/p>\n","protected":false},"author":200,"featured_media":4034,"comment_status":"open","ping_status":"open","sticky":false,"template":"","format":"standard","meta":{"_bbp_topic_count":0,"_bbp_reply_count":0,"_bbp_total_topic_count":0,"_bbp_total_reply_count":0,"_bbp_voice_count":0,"_bbp_anonymous_reply_count":0,"_bbp_topic_count_hidden":0,"_bbp_reply_count_hidden":0,"_bbp_forum_subforum_count":0,"site-sidebar-layout":"default","site-content-layout":"","ast-site-content-layout":"","site-content-style":"default","site-sidebar-style":"default","ast-global-header-display":"","ast-banner-title-visibility":"","ast-main-header-display":"","ast-hfb-above-header-display":"","ast-hfb-below-header-display":"","ast-hfb-mobile-header-display":"","site-post-title":"","ast-breadcrumbs-content":"","ast-featured-img":"","footer-sml-layout":"","theme-transparent-header-meta":"","adv-header-id-meta":"","stick-header-meta":"","header-above-stick-meta":"","header-main-stick-meta":"","header-below-stick-meta":"","astra-migrate-meta-layouts":"default","ast-page-background-enabled":"default","ast-page-background-meta":{"desktop":{"background-color":"var(--ast-global-color-5)","background-image":"","background-repeat":"repeat","background-position":"center center","background-size":"auto","background-attachment":"scroll","background-type":"","background-media":"","overlay-type":"","overlay-color":"","overlay-opacity":"","overlay-gradient":""},"tablet":{"background-color":"","background-image":"","background-repeat":"repeat","background-position":"center center","background-size":"auto","background-attachment":"scroll","background-type":"","background-media":"","overlay-type":"","overlay-color":"","overlay-opacity":"","overlay-gradient":""},"mobile":{"background-color":"","background-image":"","background-repeat":"repeat","background-position":"center center","background-size":"auto","background-attachment":"scroll","background-type":"","background-media":"","overlay-type":"","overlay-color":"","overlay-opacity":"","overlay-gradient":""}},"ast-content-background-meta":{"desktop":{"background-color":"var(--ast-global-color-4)","background-image":"","background-repeat":"repeat","background-position":"center center","background-size":"auto","background-attachment":"scroll","background-type":"","background-media":"","overlay-type":"","overlay-color":"","overlay-opacity":"","overlay-gradient":""},"tablet":{"background-color":"var(--ast-global-color-4)","background-image":"","background-repeat":"repeat","background-position":"center center","background-size":"auto","background-attachment":"scroll","background-type":"","background-media":"","overlay-type":"","overlay-color":"","overlay-opacity":"","overlay-gradient":""},"mobile":{"background-color":"var(--ast-global-color-4)","background-image":"","background-repeat":"repeat","background-position":"center center","background-size":"auto","background-attachment":"scroll","background-type":"","background-media":"","overlay-type":"","overlay-color":"","overlay-opacity":"","overlay-gradient":""}},"footnotes":""},"categories":[185,115,87,1],"tags":[229],"class_list":["post-4007","post","type-post","status-publish","format-standard","has-post-thumbnail","hentry","category-biblioteca","category-eso-1","category-fitxa-lectura","category-general","tag-curs-2016-2017"],"post_mailing_queue_ids":[],"_links":{"self":[{"href":"https:\/\/agora.xtec.cat\/insjvfoix\/wp-json\/wp\/v2\/posts\/4007","targetHints":{"allow":["GET"]}}],"collection":[{"href":"https:\/\/agora.xtec.cat\/insjvfoix\/wp-json\/wp\/v2\/posts"}],"about":[{"href":"https:\/\/agora.xtec.cat\/insjvfoix\/wp-json\/wp\/v2\/types\/post"}],"author":[{"embeddable":true,"href":"https:\/\/agora.xtec.cat\/insjvfoix\/wp-json\/wp\/v2\/users\/200"}],"replies":[{"embeddable":true,"href":"https:\/\/agora.xtec.cat\/insjvfoix\/wp-json\/wp\/v2\/comments?post=4007"}],"version-history":[{"count":1,"href":"https:\/\/agora.xtec.cat\/insjvfoix\/wp-json\/wp\/v2\/posts\/4007\/revisions"}],"predecessor-version":[{"id":4035,"href":"https:\/\/agora.xtec.cat\/insjvfoix\/wp-json\/wp\/v2\/posts\/4007\/revisions\/4035"}],"wp:featuredmedia":[{"embeddable":true,"href":"https:\/\/agora.xtec.cat\/insjvfoix\/wp-json\/wp\/v2\/media\/4034"}],"wp:attachment":[{"href":"https:\/\/agora.xtec.cat\/insjvfoix\/wp-json\/wp\/v2\/media?parent=4007"}],"wp:term":[{"taxonomy":"category","embeddable":true,"href":"https:\/\/agora.xtec.cat\/insjvfoix\/wp-json\/wp\/v2\/categories?post=4007"},{"taxonomy":"post_tag","embeddable":true,"href":"https:\/\/agora.xtec.cat\/insjvfoix\/wp-json\/wp\/v2\/tags?post=4007"}],"curies":[{"name":"wp","href":"https:\/\/api.w.org\/{rel}","templated":true}]}}