{"id":10578,"date":"2023-03-23T08:35:32","date_gmt":"2023-03-23T07:35:32","guid":{"rendered":"https:\/\/agora.xtec.cat\/insjvfoix\/?p=10578"},"modified":"2023-03-23T08:35:32","modified_gmt":"2023-03-23T07:35:32","slug":"foix-i-visita-al-salo-de-lensenyament","status":"publish","type":"post","link":"https:\/\/agora.xtec.cat\/insjvfoix\/general\/foix-i-visita-al-salo-de-lensenyament\/","title":{"rendered":"Foix i +: Visita al Sal\u00f3 de l&#8217;Ensenyament"},"content":{"rendered":"<p style=\"text-align: justify;\">Benvolguts membres de la comunitat de l&#8217;Institut J.V. Foix,<\/p>\n<p style=\"text-align: justify;\">Ens plau compartir amb vosaltres la nostra recent visita del projecte &#8220;Foix i +&#8221; amb els alumnes de 4t d&#8217;ESO.<\/p>\n<p style=\"text-align: justify;\">El passat dissabte, vam tenir l&#8217;oportunitat de compartir un dia emocionant i informatiu amb els nostres alumnes, a mesura que van comen\u00e7ar a considerar les seves opcions per al futur. Durant la nostra visita, els alumnes van tenir l&#8217;oportunitat d&#8217;explicar les seves preocupacions i dubtes sobre el seu futur.<\/p>\n<p style=\"text-align: justify;\">Van rebre informaci\u00f3 i consells sobre diferents camins professionals, tals com els estudis universitaris, formaci\u00f3 professional i altres opcions. A m\u00e9s, van tenir l&#8217;oportunitat d&#8217;interactuar amb professionals i estudiants de diferents camps, que van compartir les seves experi\u00e8ncies i consells pr\u00e0ctics.<\/p>\n<p style=\"text-align: justify;\">A trav\u00e9s del projecte &#8220;Foix i +&#8221;, esperem inspirar als nostres alumnes a considerar noves oportunitats i a preparar-se per a un futur brillant. Agra\u00efm als professionals i estudiants que van col\u00b7laborar amb nosaltres durant aquesta visita, aix\u00ed com als nostres alumnes que van participar activament en la discussi\u00f3 i van fer preguntes reflexives.<\/p>\n<p style=\"text-align: justify;\">Estem molt contents de veure la passi\u00f3 i el comprom\u00eds dels nostres alumnes per al seu futur, i continuarem treballant per ajudar-los a aconseguir els seus somnis i objectius. Moltes gr\u00e0cies per la vostra participaci\u00f3 i suport continu.<\/p>\n<p style=\"text-align: right;\">Text generat a partir de la IA.<\/p>\n<div id='gallery-1' class='gallery galleryid-10578 gallery-columns-3 gallery-size-thumbnail'><figure class='gallery-item'>\n\t\t\t<div class='gallery-icon portrait'>\n\t\t\t\t<a href='https:\/\/agora.xtec.cat\/insjvfoix\/general\/foix-i-visita-al-salo-de-lensenyament\/attachment\/img_3804\/'><img loading=\"lazy\" decoding=\"async\" width=\"150\" height=\"150\" src=\"https:\/\/agora.xtec.cat\/insjvfoix\/wp-content\/uploads\/usu394\/2023\/03\/IMG_3804-150x150.jpg\" class=\"attachment-thumbnail size-thumbnail\" alt=\"\" \/><\/a>\n\t\t\t<\/div><\/figure><figure class='gallery-item'>\n\t\t\t<div class='gallery-icon portrait'>\n\t\t\t\t<a href='https:\/\/agora.xtec.cat\/insjvfoix\/general\/foix-i-visita-al-salo-de-lensenyament\/attachment\/img_3808\/'><img loading=\"lazy\" decoding=\"async\" width=\"150\" height=\"150\" src=\"https:\/\/agora.xtec.cat\/insjvfoix\/wp-content\/uploads\/usu394\/2023\/03\/IMG_3808-150x150.jpg\" class=\"attachment-thumbnail size-thumbnail\" alt=\"\" \/><\/a>\n\t\t\t<\/div><\/figure><figure class='gallery-item'>\n\t\t\t<div class='gallery-icon portrait'>\n\t\t\t\t<a href='https:\/\/agora.xtec.cat\/insjvfoix\/general\/foix-i-visita-al-salo-de-lensenyament\/attachment\/anyconv-com__img_3819\/'><img loading=\"lazy\" decoding=\"async\" width=\"150\" height=\"150\" src=\"https:\/\/agora.xtec.cat\/insjvfoix\/wp-content\/uploads\/usu394\/2023\/03\/AnyConv.com__IMG_3819-150x150.jpeg\" class=\"attachment-thumbnail size-thumbnail\" alt=\"\" \/><\/a>\n\t\t\t<\/div><\/figure><figure class='gallery-item'>\n\t\t\t<div class='gallery-icon portrait'>\n\t\t\t\t<a href='https:\/\/agora.xtec.cat\/insjvfoix\/general\/foix-i-visita-al-salo-de-lensenyament\/attachment\/anyconv-com__img_3818\/'><img loading=\"lazy\" decoding=\"async\" width=\"150\" height=\"150\" src=\"https:\/\/agora.xtec.cat\/insjvfoix\/wp-content\/uploads\/usu394\/2023\/03\/AnyConv.com__IMG_3818-150x150.jpeg\" class=\"attachment-thumbnail size-thumbnail\" alt=\"\" \/><\/a>\n\t\t\t<\/div><\/figure><figure class='gallery-item'>\n\t\t\t<div class='gallery-icon portrait'>\n\t\t\t\t<a href='https:\/\/agora.xtec.cat\/insjvfoix\/general\/foix-i-visita-al-salo-de-lensenyament\/attachment\/anyconv-com__img_3813\/'><img loading=\"lazy\" decoding=\"async\" width=\"150\" height=\"150\" src=\"https:\/\/agora.xtec.cat\/insjvfoix\/wp-content\/uploads\/usu394\/2023\/03\/AnyConv.com__IMG_3813-150x150.jpeg\" class=\"attachment-thumbnail size-thumbnail\" alt=\"\" \/><\/a>\n\t\t\t<\/div><\/figure><figure class='gallery-item'>\n\t\t\t<div class='gallery-icon landscape'>\n\t\t\t\t<a href='https:\/\/agora.xtec.cat\/insjvfoix\/general\/foix-i-visita-al-salo-de-lensenyament\/attachment\/anyconv-com__img_3812\/'><img loading=\"lazy\" decoding=\"async\" width=\"150\" height=\"150\" src=\"https:\/\/agora.xtec.cat\/insjvfoix\/wp-content\/uploads\/usu394\/2023\/03\/AnyConv.com__IMG_3812-150x150.jpeg\" class=\"attachment-thumbnail size-thumbnail\" alt=\"\" \/><\/a>\n\t\t\t<\/div><\/figure><figure class='gallery-item'>\n\t\t\t<div class='gallery-icon portrait'>\n\t\t\t\t<a href='https:\/\/agora.xtec.cat\/insjvfoix\/general\/foix-i-visita-al-salo-de-lensenyament\/attachment\/anyconv-com__img_3805\/'><img loading=\"lazy\" decoding=\"async\" width=\"150\" height=\"150\" src=\"https:\/\/agora.xtec.cat\/insjvfoix\/wp-content\/uploads\/usu394\/2023\/03\/AnyConv.com__IMG_3805-150x150.jpeg\" class=\"attachment-thumbnail size-thumbnail\" alt=\"\" \/><\/a>\n\t\t\t<\/div><\/figure>\n\t\t<\/div>\n\n","protected":false},"excerpt":{"rendered":"<p>Benvolguts membres de la comunitat de l&#8217;Institut J.V. Foix, Ens plau compartir amb vosaltres la nostra recent visita del projecte &#8220;Foix i +&#8221; amb els alumnes de 4t d&#8217;ESO. El passat dissabte, vam tenir l&#8217;oportunitat de compartir un dia emocionant i informatiu amb els nostres alumnes, a mesura que van comen\u00e7ar a considerar les seves [&hellip;]<\/p>\n","protected":false},"author":287,"featured_media":10584,"comment_status":"open","ping_status":"closed","sticky":false,"template":"","format":"standard","meta":{"_bbp_topic_count":0,"_bbp_reply_count":0,"_bbp_total_topic_count":0,"_bbp_total_reply_count":0,"_bbp_voice_count":0,"_bbp_anonymous_reply_count":0,"_bbp_topic_count_hidden":0,"_bbp_reply_count_hidden":0,"_bbp_forum_subforum_count":0,"site-sidebar-layout":"default","site-content-layout":"","ast-site-content-layout":"","site-content-style":"default","site-sidebar-style":"default","ast-global-header-display":"","ast-banner-title-visibility":"","ast-main-header-display":"","ast-hfb-above-header-display":"","ast-hfb-below-header-display":"","ast-hfb-mobile-header-display":"","site-post-title":"","ast-breadcrumbs-content":"","ast-featured-img":"","footer-sml-layout":"","theme-transparent-header-meta":"","adv-header-id-meta":"","stick-header-meta":"","header-above-stick-meta":"","header-main-stick-meta":"","header-below-stick-meta":"","astra-migrate-meta-layouts":"default","ast-page-background-enabled":"default","ast-page-background-meta":{"desktop":{"background-color":"var(--ast-global-color-5)","background-image":"","background-repeat":"repeat","background-position":"center center","background-size":"auto","background-attachment":"scroll","background-type":"","background-media":"","overlay-type":"","overlay-color":"","overlay-opacity":"","overlay-gradient":""},"tablet":{"background-color":"","background-image":"","background-repeat":"repeat","background-position":"center center","background-size":"auto","background-attachment":"scroll","background-type":"","background-media":"","overlay-type":"","overlay-color":"","overlay-opacity":"","overlay-gradient":""},"mobile":{"background-color":"","background-image":"","background-repeat":"repeat","background-position":"center center","background-size":"auto","background-attachment":"scroll","background-type":"","background-media":"","overlay-type":"","overlay-color":"","overlay-opacity":"","overlay-gradient":""}},"ast-content-background-meta":{"desktop":{"background-color":"var(--ast-global-color-4)","background-image":"","background-repeat":"repeat","background-position":"center center","background-size":"auto","background-attachment":"scroll","background-type":"","background-media":"","overlay-type":"","overlay-color":"","overlay-opacity":"","overlay-gradient":""},"tablet":{"background-color":"var(--ast-global-color-4)","background-image":"","background-repeat":"repeat","background-position":"center center","background-size":"auto","background-attachment":"scroll","background-type":"","background-media":"","overlay-type":"","overlay-color":"","overlay-opacity":"","overlay-gradient":""},"mobile":{"background-color":"var(--ast-global-color-4)","background-image":"","background-repeat":"repeat","background-position":"center center","background-size":"auto","background-attachment":"scroll","background-type":"","background-media":"","overlay-type":"","overlay-color":"","overlay-opacity":"","overlay-gradient":""}},"footnotes":""},"categories":[568,7,134,1,553,29,84],"tags":[307,569,313,454,377],"class_list":["post-10578","post","type-post","status-publish","format-standard","has-post-thumbnail","hentry","category-curs-2022-2023","category-eso-4","category-foix-i","category-general","category-orientacio","category-portada","category-tutoria","tag-4t-eso","tag-curs-2022-2023","tag-foix-i","tag-orientacio","tag-tutoria"],"post_mailing_queue_ids":[],"_links":{"self":[{"href":"https:\/\/agora.xtec.cat\/insjvfoix\/wp-json\/wp\/v2\/posts\/10578","targetHints":{"allow":["GET"]}}],"collection":[{"href":"https:\/\/agora.xtec.cat\/insjvfoix\/wp-json\/wp\/v2\/posts"}],"about":[{"href":"https:\/\/agora.xtec.cat\/insjvfoix\/wp-json\/wp\/v2\/types\/post"}],"author":[{"embeddable":true,"href":"https:\/\/agora.xtec.cat\/insjvfoix\/wp-json\/wp\/v2\/users\/287"}],"replies":[{"embeddable":true,"href":"https:\/\/agora.xtec.cat\/insjvfoix\/wp-json\/wp\/v2\/comments?post=10578"}],"version-history":[{"count":1,"href":"https:\/\/agora.xtec.cat\/insjvfoix\/wp-json\/wp\/v2\/posts\/10578\/revisions"}],"predecessor-version":[{"id":10586,"href":"https:\/\/agora.xtec.cat\/insjvfoix\/wp-json\/wp\/v2\/posts\/10578\/revisions\/10586"}],"wp:featuredmedia":[{"embeddable":true,"href":"https:\/\/agora.xtec.cat\/insjvfoix\/wp-json\/wp\/v2\/media\/10584"}],"wp:attachment":[{"href":"https:\/\/agora.xtec.cat\/insjvfoix\/wp-json\/wp\/v2\/media?parent=10578"}],"wp:term":[{"taxonomy":"category","embeddable":true,"href":"https:\/\/agora.xtec.cat\/insjvfoix\/wp-json\/wp\/v2\/categories?post=10578"},{"taxonomy":"post_tag","embeddable":true,"href":"https:\/\/agora.xtec.cat\/insjvfoix\/wp-json\/wp\/v2\/tags?post=10578"}],"curies":[{"name":"wp","href":"https:\/\/api.w.org\/{rel}","templated":true}]}}