{"id":31,"count":1,"description":"<a href=\"https:\/\/agora.xtec.cat\/insjrubioiors\/wp-content\/uploads\/usu2340\/2026\/09\/Logo_AFA_png.png\"><img class=\"aligncenter wp-image-2929\" src=\"https:\/\/agora.xtec.cat\/insjrubioiors\/wp-content\/uploads\/usu2340\/2026\/09\/Logo_AFA_png-275x300.png\" alt=\"\" width=\"191\" height=\"208\" \/><\/a>\r\n\r\nAFA Institut Joaquim Rubi\u00f3 i Ors: Fem comunitat!\r\nL\u2019AFA som el punt de trobada de les fam\u00edlies del centre. Treballem bra\u00e7 a bra\u00e7 amb l\u2019institut per impulsar projectes, activitats i millores que enriqueixen el dia a dia dels nostres fills i filles.\r\n<strong>Per qu\u00e8 formar part de l\u2019AFA? <\/strong>\r\n\r\nPerqu\u00e8 l\u2019educaci\u00f3 \u00e9s un projecte compartit. Ser soci\/a \u00e9s la millor manera d\u2019estar informat\/da, participar activament en la vida del centre i fer sentir la veu de les fam\u00edlies. Vine i ajuda\u2019ns a construir una comunitat educativa m\u00e9s activa i compromesa!\r\nContacta amb nosaltres\r\nTens dubtes o vols proposar alguna idea? T'esperem:\r\n- Correu: afarubioiors@gmail.com\r\n- Presencialment: Cada dijous, de 17.00 a 19.00 h, al nostre local.\r\nSegueix el nostre dia a dia\r\nNo et perdis cap novetat i estigues al corrent de tot el que organitzem:\r\n-Canal de WhatsApp: <a href=\"https:\/\/whatsapp.com\/channel\/0029Vb8TnR3LCoX8GGFa3W12\">Uneix-te aqu\u00ed<\/a>\r\n-Instagram: <a href=\"https:\/\/instagram.com\/afa_insrubioi\">@afa_insrubioi\u00a0<\/a>\r\n\r\n&nbsp;\r\n\r\n<a href=\"https:\/\/agora.xtec.cat\/insjrubioiors\/wp-content\/uploads\/usu2340\/2026\/09\/file_000000007d2c71f4ab3cba1f54491d52.png\"><img class=\"aligncenter size-medium wp-image-2926\" src=\"https:\/\/agora.xtec.cat\/insjrubioiors\/wp-content\/uploads\/usu2340\/2026\/09\/file_000000007d2c71f4ab3cba1f54491d52-300x300.png\" alt=\"\" width=\"300\" height=\"300\" \/><\/a> <a href=\"https:\/\/agora.xtec.cat\/insjrubioiors\/wp-content\/uploads\/usu2340\/2026\/09\/Fes-te-soci.png\"><img class=\"aligncenter size-medium wp-image-2927\" src=\"https:\/\/agora.xtec.cat\/insjrubioiors\/wp-content\/uploads\/usu2340\/2026\/09\/Fes-te-soci-300x200.png\" alt=\"\" width=\"300\" height=\"200\" \/><\/a> <a href=\"https:\/\/agora.xtec.cat\/insjrubioiors\/wp-content\/uploads\/usu2340\/2026\/09\/afa.png\"><img class=\"aligncenter size-medium wp-image-2928\" src=\"https:\/\/agora.xtec.cat\/insjrubioiors\/wp-content\/uploads\/usu2340\/2026\/09\/afa-170x300.png\" alt=\"\" width=\"170\" height=\"300\" \/><\/a>","link":"https:\/\/agora.xtec.cat\/insjrubioiors\/categoria\/afa\/","name":"AFA","slug":"afa","taxonomy":"category","parent":0,"meta":[],"_links":{"self":[{"href":"https:\/\/agora.xtec.cat\/insjrubioiors\/wp-json\/wp\/v2\/categories\/31","targetHints":{"allow":["GET"]}}],"collection":[{"href":"https:\/\/agora.xtec.cat\/insjrubioiors\/wp-json\/wp\/v2\/categories"}],"about":[{"href":"https:\/\/agora.xtec.cat\/insjrubioiors\/wp-json\/wp\/v2\/taxonomies\/category"}],"wp:post_type":[{"href":"https:\/\/agora.xtec.cat\/insjrubioiors\/wp-json\/wp\/v2\/posts?categories=31"}],"curies":[{"name":"wp","href":"https:\/\/api.w.org\/{rel}","templated":true}]}}