{"id":3415,"date":"2017-10-16T10:41:48","date_gmt":"2017-10-16T10:41:48","guid":{"rendered":"http:\/\/ins-josepvallverdu.cat\/webcentre\/?p=3415"},"modified":"2017-10-16T10:41:48","modified_gmt":"2017-10-16T10:41:48","slug":"el-professor-de-linstitut-josep-vallverdu-francesc-solans-participa-al-debat-del-programa-lleida-activa-de-lleida-tv-sobre-innovacio-didactica","status":"publish","type":"post","link":"https:\/\/agora.xtec.cat\/insjosepvallverdu\/noticies\/el-professor-de-linstitut-josep-vallverdu-francesc-solans-participa-al-debat-del-programa-lleida-activa-de-lleida-tv-sobre-innovacio-didactica\/","title":{"rendered":"El professor de l&#8217;Institut Josep Vallverd\u00fa, Francesc Solans, participa al debat del programa &#8220;Lleida Activa&#8221; de Lleida TV sobre innovaci\u00f3 did\u00e0ctica"},"content":{"rendered":"<p><a href=\"http:\/\/ins-josepvallverdu.cat\/webcentre\/wp-content\/uploads\/2017\/10\/LleidaTV.jpg\" rel=\"attachment wp-att-3420\"><img loading=\"lazy\" decoding=\"async\" class=\"aligncenter size-full wp-image-3420\" src=\"http:\/\/ins-josepvallverdu.cat\/webcentre\/wp-content\/uploads\/2017\/10\/LleidaTV.jpg\" alt=\"Una imatge del professor Solans intervenint en el debat del programa Lleida Activa\" width=\"850\" height=\"477\" \/><\/a><\/p>\n<p>El dissabte 14 d&#8217;octubre de 2017 el professor Francesc Solans, del departament de tecnologia de l&#8217;Institut Josep Vallverd\u00fa, va participar en la taula rodona que el programa &#8220;Lleida Activa&#8221; del canal Lleida Televisi\u00f3 va dedicar a la innovaci\u00f3 educativa. El professor Solans hi va presentar l&#8217;aulaABPi la seva intervenci\u00f3 es pot veure en <a href=\"https:\/\/cdn2.xiptv.cat\/vod\/media\/videos\/lleidatelevisio\/000\/286\/694\/mp4\/286694_LLEIDA_ACTIVA_07_10_INNOVACIO_A.mp4?1507354476\" target=\"_blank\">aquest v\u00eddeo<\/a> que recull la integritat del programa. Si voleu llegir la cr\u00f2nica que de la participaci\u00f3 en aquest debat n&#8217;ha fet el bloc de l&#8217;aulaABP podeu fer-ho en el seg\u00fcent <a href=\"http:\/\/aulabp.blogspot.com.es\/2017\/10\/participacio-en-el-debat-de-lleida-tv.html\" target=\"_blank\">enlla\u00e7<\/a>.<\/p>\n","protected":false},"excerpt":{"rendered":"<p><a href=\"http:\/\/ins-josepvallverdu.cat\/webcentre\/wp-content\/uploads\/2017\/10\/LleidaTV.jpg\" rel=\"attachment wp-att-3420\"><\/a><br \/>\nEl dissabte 14 d&#8217;octubre de 2017 el professor Francesc Solans, del departament de tecnologia de l&#8217;Institut Josep Vallverd\u00fa, va participar en la taula rodona que el programa &#8220;Lleida Activa&#8221; del canal Lleida Televisi\u00f3 va dedicar a la innovaci\u00f3 educativa. El professor Solans&hellip;  <a href=\"https:\/\/agora.xtec.cat\/insjosepvallverdu\/noticies\/el-professor-de-linstitut-josep-vallverdu-francesc-solans-participa-al-debat-del-programa-lleida-activa-de-lleida-tv-sobre-innovacio-didactica\/\" title=\"Read El professor de l&#8217;Institut Josep Vallverd\u00fa, Francesc Solans, participa al debat del programa &#8220;Lleida Activa&#8221; de Lleida TV sobre innovaci\u00f3 did\u00e0ctica\">Llegeix m\u00e9s\u00bb<\/a><\/p>\n","protected":false},"author":8,"featured_media":0,"comment_status":"closed","ping_status":"closed","sticky":false,"template":"","format":"standard","meta":{"_bbp_topic_count":0,"_bbp_reply_count":0,"_bbp_total_topic_count":0,"_bbp_total_reply_count":0,"_bbp_voice_count":0,"_bbp_anonymous_reply_count":0,"_bbp_topic_count_hidden":0,"_bbp_reply_count_hidden":0,"_bbp_forum_subforum_count":0,"footnotes":""},"categories":[110],"tags":[416,125,187,135],"class_list":["post-3415","post","type-post","status-publish","format-standard","hentry","category-noticies","tag-2017-18","tag-aulaabp","tag-innovacio","tag-tecnologia"],"post_mailing_queue_ids":[],"_links":{"self":[{"href":"https:\/\/agora.xtec.cat\/insjosepvallverdu\/wp-json\/wp\/v2\/posts\/3415","targetHints":{"allow":["GET"]}}],"collection":[{"href":"https:\/\/agora.xtec.cat\/insjosepvallverdu\/wp-json\/wp\/v2\/posts"}],"about":[{"href":"https:\/\/agora.xtec.cat\/insjosepvallverdu\/wp-json\/wp\/v2\/types\/post"}],"author":[{"embeddable":true,"href":"https:\/\/agora.xtec.cat\/insjosepvallverdu\/wp-json\/wp\/v2\/users\/8"}],"replies":[{"embeddable":true,"href":"https:\/\/agora.xtec.cat\/insjosepvallverdu\/wp-json\/wp\/v2\/comments?post=3415"}],"version-history":[{"count":0,"href":"https:\/\/agora.xtec.cat\/insjosepvallverdu\/wp-json\/wp\/v2\/posts\/3415\/revisions"}],"wp:attachment":[{"href":"https:\/\/agora.xtec.cat\/insjosepvallverdu\/wp-json\/wp\/v2\/media?parent=3415"}],"wp:term":[{"taxonomy":"category","embeddable":true,"href":"https:\/\/agora.xtec.cat\/insjosepvallverdu\/wp-json\/wp\/v2\/categories?post=3415"},{"taxonomy":"post_tag","embeddable":true,"href":"https:\/\/agora.xtec.cat\/insjosepvallverdu\/wp-json\/wp\/v2\/tags?post=3415"}],"curies":[{"name":"wp","href":"https:\/\/api.w.org\/{rel}","templated":true}]}}