{"id":18005,"date":"2026-04-28T16:16:15","date_gmt":"2026-04-28T14:16:15","guid":{"rendered":"https:\/\/agora.xtec.cat\/insjosepvallverdu\/?p=18005"},"modified":"2026-04-28T16:16:15","modified_gmt":"2026-04-28T14:16:15","slug":"linstitut-josep-vallverdu-celebra-la-diada-de-sant-jordi-amb-multiples-activitats-culturals-i-esportives","status":"publish","type":"post","link":"https:\/\/agora.xtec.cat\/insjosepvallverdu\/portada\/linstitut-josep-vallverdu-celebra-la-diada-de-sant-jordi-amb-multiples-activitats-culturals-i-esportives\/","title":{"rendered":"L&#8217;Institut Josep Vallverd\u00fa celebra la diada de Sant Jordi amb m\u00faltiples activitats culturals i esportives"},"content":{"rendered":"<p><a href=\"https:\/\/agora.xtec.cat\/insjosepvallverdu\/wp-content\/uploads\/usu1806\/2026\/04\/82324ce0-10d4-4b77-8782-88c8a36addb0.jpg\"><img loading=\"lazy\" decoding=\"async\" class=\"aligncenter size-full wp-image-18006\" src=\"https:\/\/agora.xtec.cat\/insjosepvallverdu\/wp-content\/uploads\/usu1806\/2026\/04\/82324ce0-10d4-4b77-8782-88c8a36addb0.jpg\" alt=\"\" width=\"1271\" height=\"953\" srcset=\"https:\/\/agora.xtec.cat\/insjosepvallverdu\/wp-content\/uploads\/usu1806\/2026\/04\/82324ce0-10d4-4b77-8782-88c8a36addb0.jpg 1271w, https:\/\/agora.xtec.cat\/insjosepvallverdu\/wp-content\/uploads\/usu1806\/2026\/04\/82324ce0-10d4-4b77-8782-88c8a36addb0-300x225.jpg 300w, https:\/\/agora.xtec.cat\/insjosepvallverdu\/wp-content\/uploads\/usu1806\/2026\/04\/82324ce0-10d4-4b77-8782-88c8a36addb0-1024x768.jpg 1024w, https:\/\/agora.xtec.cat\/insjosepvallverdu\/wp-content\/uploads\/usu1806\/2026\/04\/82324ce0-10d4-4b77-8782-88c8a36addb0-768x576.jpg 768w, https:\/\/agora.xtec.cat\/insjosepvallverdu\/wp-content\/uploads\/usu1806\/2026\/04\/82324ce0-10d4-4b77-8782-88c8a36addb0-200x150.jpg 200w\" sizes=\"auto, (max-width: 1271px) 100vw, 1271px\" \/><\/a><\/p>\n<p>El dijous 23 d&#8217;abril de 2026, seguint la tradici\u00f3, l&#8217;Institut Josep Vallverd\u00fa va celebrar la diada de Sant Jordi.<\/p>\n<p>La jornada s\u2019ha celebrat tant a l&#8217;institut com en diferents espais del municipi i del centre, com el Terrall, pla\u00e7a 1 d\u2019octubre, carrer Nou pla\u00e7a Abadia i pati amb activitats culturals, liter\u00e0ries i esportives que han omplert els carrers i l\u2019institut de vida.<\/p>\n<p>Al marge de les parades de llibres i roses, tamb\u00e9 s&#8217;han organitzat tallers de contacontes, de titelles, de tradicions catalanes, de jocs de llengua o de cuina catalana.<\/p>\n<p><a href=\"https:\/\/agora.xtec.cat\/insjosepvallverdu\/wp-content\/uploads\/usu1806\/2026\/04\/187f5fc2-e882-4397-b569-031c41171a4b.jpg\"><img loading=\"lazy\" decoding=\"async\" class=\"aligncenter size-full wp-image-18007\" src=\"https:\/\/agora.xtec.cat\/insjosepvallverdu\/wp-content\/uploads\/usu1806\/2026\/04\/187f5fc2-e882-4397-b569-031c41171a4b.jpg\" alt=\"\" width=\"1600\" height=\"901\" srcset=\"https:\/\/agora.xtec.cat\/insjosepvallverdu\/wp-content\/uploads\/usu1806\/2026\/04\/187f5fc2-e882-4397-b569-031c41171a4b.jpg 1600w, https:\/\/agora.xtec.cat\/insjosepvallverdu\/wp-content\/uploads\/usu1806\/2026\/04\/187f5fc2-e882-4397-b569-031c41171a4b-300x169.jpg 300w, https:\/\/agora.xtec.cat\/insjosepvallverdu\/wp-content\/uploads\/usu1806\/2026\/04\/187f5fc2-e882-4397-b569-031c41171a4b-1024x577.jpg 1024w, https:\/\/agora.xtec.cat\/insjosepvallverdu\/wp-content\/uploads\/usu1806\/2026\/04\/187f5fc2-e882-4397-b569-031c41171a4b-768x432.jpg 768w, https:\/\/agora.xtec.cat\/insjosepvallverdu\/wp-content\/uploads\/usu1806\/2026\/04\/187f5fc2-e882-4397-b569-031c41171a4b-1536x865.jpg 1536w\" sizes=\"auto, (max-width: 1600px) 100vw, 1600px\" \/><\/a><\/p>\n<p>A m\u00e9s, la lectura tamb\u00e9 ha estat molt present amb la presentaci\u00f3 de la revista Enderrock i del llibre Ombra del passat, de l&#8217;Abril Ma\u00f1ero, antiga alumna del centre.<\/p>\n<p>La jornada es va cloure amb una actuaci\u00f3 musical i, posteriorment, amb el lliurament dels guardons de les Jornades Esportives.<\/p>\n<p>Si voleu reviure aquesta diada de Sant Jordi de 2026 ho podeu fer visitant la seg\u00fcent <a href=\"https:\/\/photos.app.goo.gl\/667U3ihzmRkmGsJR6\" target=\"_blank\" rel=\"noopener\"><strong>galeria d&#8217;imatges.<\/strong><\/a><\/p>\n","protected":false},"excerpt":{"rendered":"<p><a href=\"https:\/\/agora.xtec.cat\/insjosepvallverdu\/wp-content\/uploads\/usu1806\/2026\/04\/82324ce0-10d4-4b77-8782-88c8a36addb0.jpg\"><\/a><br \/>\nEl dijous 23 d&#8217;abril de 2026, seguint la tradici\u00f3, l&#8217;Institut Josep Vallverd\u00fa va celebrar la diada de Sant Jordi.<br \/>\nLa jornada s\u2019ha celebrat tant a l&#8217;institut com en diferents espais del municipi i del centre, com el Terrall, pla\u00e7a 1 d\u2019octubre, carrer Nou pla\u00e7a Abadia&hellip;  <a href=\"https:\/\/agora.xtec.cat\/insjosepvallverdu\/portada\/linstitut-josep-vallverdu-celebra-la-diada-de-sant-jordi-amb-multiples-activitats-culturals-i-esportives\/\" title=\"Read L&#8217;Institut Josep Vallverd\u00fa celebra la diada de Sant Jordi amb m\u00faltiples activitats culturals i esportives\">Llegeix m\u00e9s\u00bb<\/a><\/p>\n","protected":false},"author":8,"featured_media":0,"comment_status":"closed","ping_status":"open","sticky":false,"template":"","format":"standard","meta":{"_bbp_topic_count":0,"_bbp_reply_count":0,"_bbp_total_topic_count":0,"_bbp_total_reply_count":0,"_bbp_voice_count":0,"_bbp_anonymous_reply_count":0,"_bbp_topic_count_hidden":0,"_bbp_reply_count_hidden":0,"_bbp_forum_subforum_count":0,"footnotes":""},"categories":[29],"tags":[938,38],"class_list":["post-18005","post","type-post","status-publish","format-standard","hentry","category-portada","tag-2025-2026","tag-sant-jordi"],"post_mailing_queue_ids":[],"_links":{"self":[{"href":"https:\/\/agora.xtec.cat\/insjosepvallverdu\/wp-json\/wp\/v2\/posts\/18005","targetHints":{"allow":["GET"]}}],"collection":[{"href":"https:\/\/agora.xtec.cat\/insjosepvallverdu\/wp-json\/wp\/v2\/posts"}],"about":[{"href":"https:\/\/agora.xtec.cat\/insjosepvallverdu\/wp-json\/wp\/v2\/types\/post"}],"author":[{"embeddable":true,"href":"https:\/\/agora.xtec.cat\/insjosepvallverdu\/wp-json\/wp\/v2\/users\/8"}],"replies":[{"embeddable":true,"href":"https:\/\/agora.xtec.cat\/insjosepvallverdu\/wp-json\/wp\/v2\/comments?post=18005"}],"version-history":[{"count":1,"href":"https:\/\/agora.xtec.cat\/insjosepvallverdu\/wp-json\/wp\/v2\/posts\/18005\/revisions"}],"predecessor-version":[{"id":18008,"href":"https:\/\/agora.xtec.cat\/insjosepvallverdu\/wp-json\/wp\/v2\/posts\/18005\/revisions\/18008"}],"wp:attachment":[{"href":"https:\/\/agora.xtec.cat\/insjosepvallverdu\/wp-json\/wp\/v2\/media?parent=18005"}],"wp:term":[{"taxonomy":"category","embeddable":true,"href":"https:\/\/agora.xtec.cat\/insjosepvallverdu\/wp-json\/wp\/v2\/categories?post=18005"},{"taxonomy":"post_tag","embeddable":true,"href":"https:\/\/agora.xtec.cat\/insjosepvallverdu\/wp-json\/wp\/v2\/tags?post=18005"}],"curies":[{"name":"wp","href":"https:\/\/api.w.org\/{rel}","templated":true}]}}