{"id":18001,"date":"2026-04-28T13:27:10","date_gmt":"2026-04-28T11:27:10","guid":{"rendered":"https:\/\/agora.xtec.cat\/insjosepvallverdu\/?p=18001"},"modified":"2026-04-28T13:28:15","modified_gmt":"2026-04-28T11:28:15","slug":"lalumnat-de-3r-deso-de-linstitut-josep-vallverdu-realitza-un-contacontes-en-el-marc-de-la-celebracio-diada-de-sant-jordi","status":"publish","type":"post","link":"https:\/\/agora.xtec.cat\/insjosepvallverdu\/portada\/lalumnat-de-3r-deso-de-linstitut-josep-vallverdu-realitza-un-contacontes-en-el-marc-de-la-celebracio-diada-de-sant-jordi\/","title":{"rendered":"L&#8217;alumnat de 3r d&#8217;ESO de l&#8217;Institut Josep Vallverd\u00fa realitza un Contacontes en el marc de la celebraci\u00f3 diada de Sant Jordi"},"content":{"rendered":"<p><a href=\"https:\/\/agora.xtec.cat\/insjosepvallverdu\/wp-content\/uploads\/usu1806\/2026\/04\/Contacontes.jpg\"><img loading=\"lazy\" decoding=\"async\" class=\"aligncenter size-full wp-image-18002\" src=\"https:\/\/agora.xtec.cat\/insjosepvallverdu\/wp-content\/uploads\/usu1806\/2026\/04\/Contacontes.jpg\" alt=\"\" width=\"1271\" height=\"953\" srcset=\"https:\/\/agora.xtec.cat\/insjosepvallverdu\/wp-content\/uploads\/usu1806\/2026\/04\/Contacontes.jpg 1271w, https:\/\/agora.xtec.cat\/insjosepvallverdu\/wp-content\/uploads\/usu1806\/2026\/04\/Contacontes-300x225.jpg 300w, https:\/\/agora.xtec.cat\/insjosepvallverdu\/wp-content\/uploads\/usu1806\/2026\/04\/Contacontes-1024x768.jpg 1024w, https:\/\/agora.xtec.cat\/insjosepvallverdu\/wp-content\/uploads\/usu1806\/2026\/04\/Contacontes-768x576.jpg 768w, https:\/\/agora.xtec.cat\/insjosepvallverdu\/wp-content\/uploads\/usu1806\/2026\/04\/Contacontes-200x150.jpg 200w\" sizes=\"auto, (max-width: 1271px) 100vw, 1271px\" \/><\/a><\/p>\n<p>Un grup d&#8217;alumnes de 3r d&#8217;ESO de l&#8217;Institut Josep Vallverd\u00fa es va afegir a la celebraci\u00f3 de de Sant Jordi a les Borges Blanques a trav\u00e9s d&#8217;un Contacontes que els va dur a explicar diversos contes al carrer durant la diada.<\/p>\n<p>El grup de nois i noies responsables de l&#8217;activitat es van implicar amb entusiasme i ganes en el Contacontes, un fet que s&#8217;ha pogut veure plasmat en l&#8217;excel\u00b7lent resultat dels contes explicats i en la gran acollida de p\u00fablic que van tenir.<\/p>\n<p><a href=\"https:\/\/agora.xtec.cat\/insjosepvallverdu\/wp-content\/uploads\/usu1806\/2026\/04\/Contacontes2.jpg\"><img loading=\"lazy\" decoding=\"async\" class=\"aligncenter size-full wp-image-18003\" src=\"https:\/\/agora.xtec.cat\/insjosepvallverdu\/wp-content\/uploads\/usu1806\/2026\/04\/Contacontes2.jpg\" alt=\"\" width=\"1694\" height=\"953\" srcset=\"https:\/\/agora.xtec.cat\/insjosepvallverdu\/wp-content\/uploads\/usu1806\/2026\/04\/Contacontes2.jpg 1694w, https:\/\/agora.xtec.cat\/insjosepvallverdu\/wp-content\/uploads\/usu1806\/2026\/04\/Contacontes2-300x169.jpg 300w, https:\/\/agora.xtec.cat\/insjosepvallverdu\/wp-content\/uploads\/usu1806\/2026\/04\/Contacontes2-1024x576.jpg 1024w, https:\/\/agora.xtec.cat\/insjosepvallverdu\/wp-content\/uploads\/usu1806\/2026\/04\/Contacontes2-768x432.jpg 768w, https:\/\/agora.xtec.cat\/insjosepvallverdu\/wp-content\/uploads\/usu1806\/2026\/04\/Contacontes2-1536x864.jpg 1536w\" sizes=\"auto, (max-width: 1694px) 100vw, 1694px\" \/><\/a><\/p>\n<p>Aquesta activitat es va realitzar en el marc del Pla Educatiu d&#8217;Entorn.<\/p>\n<p>Si voleu reviure aquest Contacontes de l&#8217;alumnat de 3r d&#8217;ESO, no dubteu en visitar la seg\u00fcent <a href=\"https:\/\/photos.app.goo.gl\/sBxZZTX47cVgAf8M7\" target=\"_blank\" rel=\"noopener\"><strong>galeria d&#8217;imatges de la jornada.<\/strong><\/a><\/p>\n","protected":false},"excerpt":{"rendered":"<p><a href=\"https:\/\/agora.xtec.cat\/insjosepvallverdu\/wp-content\/uploads\/usu1806\/2026\/04\/Contacontes.jpg\"><\/a><br \/>\nUn grup d&#8217;alumnes de 3r d&#8217;ESO de l&#8217;Institut Josep Vallverd\u00fa es va afegir a la celebraci\u00f3 de de Sant Jordi a les Borges Blanques a trav\u00e9s d&#8217;un Contacontes que els va dur a explicar diversos contes al carrer durant la diada.<br \/>\nEl grup de nois&hellip;  <a href=\"https:\/\/agora.xtec.cat\/insjosepvallverdu\/portada\/lalumnat-de-3r-deso-de-linstitut-josep-vallverdu-realitza-un-contacontes-en-el-marc-de-la-celebracio-diada-de-sant-jordi\/\" title=\"Read L&#8217;alumnat de 3r d&#8217;ESO de l&#8217;Institut Josep Vallverd\u00fa realitza un Contacontes en el marc de la celebraci\u00f3 diada de Sant Jordi\">Llegeix m\u00e9s\u00bb<\/a><\/p>\n","protected":false},"author":8,"featured_media":18002,"comment_status":"closed","ping_status":"open","sticky":false,"template":"","format":"standard","meta":{"_bbp_topic_count":0,"_bbp_reply_count":0,"_bbp_total_topic_count":0,"_bbp_total_reply_count":0,"_bbp_voice_count":0,"_bbp_anonymous_reply_count":0,"_bbp_topic_count_hidden":0,"_bbp_reply_count_hidden":0,"_bbp_forum_subforum_count":0,"footnotes":""},"categories":[113,29],"tags":[938,117,143,170,38],"class_list":["post-18001","post","type-post","status-publish","format-standard","has-post-thumbnail","hentry","category-activitats","category-portada","tag-2025-2026","tag-3r-deso","tag-contacontes","tag-pla-educatiu-dentorn","tag-sant-jordi"],"post_mailing_queue_ids":[],"_links":{"self":[{"href":"https:\/\/agora.xtec.cat\/insjosepvallverdu\/wp-json\/wp\/v2\/posts\/18001","targetHints":{"allow":["GET"]}}],"collection":[{"href":"https:\/\/agora.xtec.cat\/insjosepvallverdu\/wp-json\/wp\/v2\/posts"}],"about":[{"href":"https:\/\/agora.xtec.cat\/insjosepvallverdu\/wp-json\/wp\/v2\/types\/post"}],"author":[{"embeddable":true,"href":"https:\/\/agora.xtec.cat\/insjosepvallverdu\/wp-json\/wp\/v2\/users\/8"}],"replies":[{"embeddable":true,"href":"https:\/\/agora.xtec.cat\/insjosepvallverdu\/wp-json\/wp\/v2\/comments?post=18001"}],"version-history":[{"count":1,"href":"https:\/\/agora.xtec.cat\/insjosepvallverdu\/wp-json\/wp\/v2\/posts\/18001\/revisions"}],"predecessor-version":[{"id":18004,"href":"https:\/\/agora.xtec.cat\/insjosepvallverdu\/wp-json\/wp\/v2\/posts\/18001\/revisions\/18004"}],"wp:featuredmedia":[{"embeddable":true,"href":"https:\/\/agora.xtec.cat\/insjosepvallverdu\/wp-json\/wp\/v2\/media\/18002"}],"wp:attachment":[{"href":"https:\/\/agora.xtec.cat\/insjosepvallverdu\/wp-json\/wp\/v2\/media?parent=18001"}],"wp:term":[{"taxonomy":"category","embeddable":true,"href":"https:\/\/agora.xtec.cat\/insjosepvallverdu\/wp-json\/wp\/v2\/categories?post=18001"},{"taxonomy":"post_tag","embeddable":true,"href":"https:\/\/agora.xtec.cat\/insjosepvallverdu\/wp-json\/wp\/v2\/tags?post=18001"}],"curies":[{"name":"wp","href":"https:\/\/api.w.org\/{rel}","templated":true}]}}