{"id":17995,"date":"2026-04-20T19:30:26","date_gmt":"2026-04-20T17:30:26","guid":{"rendered":"https:\/\/agora.xtec.cat\/insjosepvallverdu\/?p=17995"},"modified":"2026-04-20T19:35:57","modified_gmt":"2026-04-20T17:35:57","slug":"lalumnat-del-cicle-de-gestio-administrativa-de-linstitut-josep-vallverdu-visita-lagencia-tributaria-de-catalunya","status":"publish","type":"post","link":"https:\/\/agora.xtec.cat\/insjosepvallverdu\/portada\/lalumnat-del-cicle-de-gestio-administrativa-de-linstitut-josep-vallverdu-visita-lagencia-tributaria-de-catalunya\/","title":{"rendered":"L\u2019alumnat del cicle de Gesti\u00f3 Administrativa de l&#8217;Institut Josep Vallverd\u00fa visita l&#8217;Ag\u00e8ncia Tribut\u00e0ria de Catalunya"},"content":{"rendered":"<p><a href=\"https:\/\/agora.xtec.cat\/insjosepvallverdu\/wp-content\/uploads\/usu1806\/2026\/04\/PXL_20260413_082443932.jpg\"><img loading=\"lazy\" decoding=\"async\" class=\"aligncenter size-full wp-image-17996\" src=\"https:\/\/agora.xtec.cat\/insjosepvallverdu\/wp-content\/uploads\/usu1806\/2026\/04\/PXL_20260413_082443932.jpg\" alt=\"\" width=\"2000\" height=\"1500\" srcset=\"https:\/\/agora.xtec.cat\/insjosepvallverdu\/wp-content\/uploads\/usu1806\/2026\/04\/PXL_20260413_082443932.jpg 2000w, https:\/\/agora.xtec.cat\/insjosepvallverdu\/wp-content\/uploads\/usu1806\/2026\/04\/PXL_20260413_082443932-300x225.jpg 300w, https:\/\/agora.xtec.cat\/insjosepvallverdu\/wp-content\/uploads\/usu1806\/2026\/04\/PXL_20260413_082443932-1024x768.jpg 1024w, https:\/\/agora.xtec.cat\/insjosepvallverdu\/wp-content\/uploads\/usu1806\/2026\/04\/PXL_20260413_082443932-768x576.jpg 768w, https:\/\/agora.xtec.cat\/insjosepvallverdu\/wp-content\/uploads\/usu1806\/2026\/04\/PXL_20260413_082443932-1536x1152.jpg 1536w, https:\/\/agora.xtec.cat\/insjosepvallverdu\/wp-content\/uploads\/usu1806\/2026\/04\/PXL_20260413_082443932-200x150.jpg 200w\" sizes=\"auto, (max-width: 2000px) 100vw, 2000px\" \/><\/a><\/p>\n<p>Els alumnes de primer curs del CFGM de Gesti\u00f3 Administrativa han visitat la seu de l\u2019Ag\u00e8ncia Tribut\u00e0ria de Catalunya (ATC) a Lleida per con\u00e8ixer de prop el funcionament de l&#8217;administraci\u00f3 fiscal.<\/p>\n<p>Durant la jornada, el grup ha pogut aprofundir en conceptes clau de fiscalitat i en la import\u00e0ncia de la cultura tribut\u00e0ria dins el nostre sistema social.<\/p>\n<p><a href=\"https:\/\/agora.xtec.cat\/insjosepvallverdu\/wp-content\/uploads\/usu1806\/2026\/04\/PXL_20260413_091614341.MP_.jpg\"><img loading=\"lazy\" decoding=\"async\" class=\"aligncenter size-full wp-image-17997\" src=\"https:\/\/agora.xtec.cat\/insjosepvallverdu\/wp-content\/uploads\/usu1806\/2026\/04\/PXL_20260413_091614341.MP_.jpg\" alt=\"\" width=\"2000\" height=\"1500\" srcset=\"https:\/\/agora.xtec.cat\/insjosepvallverdu\/wp-content\/uploads\/usu1806\/2026\/04\/PXL_20260413_091614341.MP_.jpg 2000w, https:\/\/agora.xtec.cat\/insjosepvallverdu\/wp-content\/uploads\/usu1806\/2026\/04\/PXL_20260413_091614341.MP_-300x225.jpg 300w, https:\/\/agora.xtec.cat\/insjosepvallverdu\/wp-content\/uploads\/usu1806\/2026\/04\/PXL_20260413_091614341.MP_-1024x768.jpg 1024w, https:\/\/agora.xtec.cat\/insjosepvallverdu\/wp-content\/uploads\/usu1806\/2026\/04\/PXL_20260413_091614341.MP_-768x576.jpg 768w, https:\/\/agora.xtec.cat\/insjosepvallverdu\/wp-content\/uploads\/usu1806\/2026\/04\/PXL_20260413_091614341.MP_-1536x1152.jpg 1536w, https:\/\/agora.xtec.cat\/insjosepvallverdu\/wp-content\/uploads\/usu1806\/2026\/04\/PXL_20260413_091614341.MP_-200x150.jpg 200w\" sizes=\"auto, (max-width: 2000px) 100vw, 2000px\" \/><\/a><\/p>\n<p>Aquesta iniciativa permetr\u00e0 a l&#8217;alumnat aplicar els coneixements te\u00f2rics del cicle a un entorn professional real, desenvolupant una visi\u00f3 cr\u00edtica i responsable sobre la gesti\u00f3 dels recursos p\u00fablics i les obligacions administratives.<\/p>\n","protected":false},"excerpt":{"rendered":"<p><a href=\"https:\/\/agora.xtec.cat\/insjosepvallverdu\/wp-content\/uploads\/usu1806\/2026\/04\/PXL_20260413_082443932.jpg\"><\/a><br \/>\nEls alumnes de primer curs del CFGM de Gesti\u00f3 Administrativa han visitat la seu de l\u2019Ag\u00e8ncia Tribut\u00e0ria de Catalunya (ATC) a Lleida per con\u00e8ixer de prop el funcionament de l&#8217;administraci\u00f3 fiscal.<br \/>\nDurant la jornada, el grup ha pogut aprofundir en conceptes clau de fiscalitat i&hellip;  <a href=\"https:\/\/agora.xtec.cat\/insjosepvallverdu\/portada\/lalumnat-del-cicle-de-gestio-administrativa-de-linstitut-josep-vallverdu-visita-lagencia-tributaria-de-catalunya\/\" title=\"Read L\u2019alumnat del cicle de Gesti\u00f3 Administrativa de l&#8217;Institut Josep Vallverd\u00fa visita l&#8217;Ag\u00e8ncia Tribut\u00e0ria de Catalunya\">Llegeix m\u00e9s\u00bb<\/a><\/p>\n","protected":false},"author":8,"featured_media":17997,"comment_status":"closed","ping_status":"open","sticky":false,"template":"","format":"standard","meta":{"_bbp_topic_count":0,"_bbp_reply_count":0,"_bbp_total_topic_count":0,"_bbp_total_reply_count":0,"_bbp_voice_count":0,"_bbp_anonymous_reply_count":0,"_bbp_topic_count_hidden":0,"_bbp_reply_count_hidden":0,"_bbp_forum_subforum_count":0,"footnotes":""},"categories":[113,29],"tags":[938,845,846,131],"class_list":["post-17995","post","type-post","status-publish","format-standard","has-post-thumbnail","hentry","category-activitats","category-portada","tag-2025-2026","tag-agencia-tributaria","tag-cfgm-de-gestio-administrativa","tag-cicles-formatius"],"post_mailing_queue_ids":[],"_links":{"self":[{"href":"https:\/\/agora.xtec.cat\/insjosepvallverdu\/wp-json\/wp\/v2\/posts\/17995","targetHints":{"allow":["GET"]}}],"collection":[{"href":"https:\/\/agora.xtec.cat\/insjosepvallverdu\/wp-json\/wp\/v2\/posts"}],"about":[{"href":"https:\/\/agora.xtec.cat\/insjosepvallverdu\/wp-json\/wp\/v2\/types\/post"}],"author":[{"embeddable":true,"href":"https:\/\/agora.xtec.cat\/insjosepvallverdu\/wp-json\/wp\/v2\/users\/8"}],"replies":[{"embeddable":true,"href":"https:\/\/agora.xtec.cat\/insjosepvallverdu\/wp-json\/wp\/v2\/comments?post=17995"}],"version-history":[{"count":1,"href":"https:\/\/agora.xtec.cat\/insjosepvallverdu\/wp-json\/wp\/v2\/posts\/17995\/revisions"}],"predecessor-version":[{"id":17998,"href":"https:\/\/agora.xtec.cat\/insjosepvallverdu\/wp-json\/wp\/v2\/posts\/17995\/revisions\/17998"}],"wp:featuredmedia":[{"embeddable":true,"href":"https:\/\/agora.xtec.cat\/insjosepvallverdu\/wp-json\/wp\/v2\/media\/17997"}],"wp:attachment":[{"href":"https:\/\/agora.xtec.cat\/insjosepvallverdu\/wp-json\/wp\/v2\/media?parent=17995"}],"wp:term":[{"taxonomy":"category","embeddable":true,"href":"https:\/\/agora.xtec.cat\/insjosepvallverdu\/wp-json\/wp\/v2\/categories?post=17995"},{"taxonomy":"post_tag","embeddable":true,"href":"https:\/\/agora.xtec.cat\/insjosepvallverdu\/wp-json\/wp\/v2\/tags?post=17995"}],"curies":[{"name":"wp","href":"https:\/\/api.w.org\/{rel}","templated":true}]}}