{"id":17990,"date":"2026-04-20T19:25:14","date_gmt":"2026-04-20T17:25:14","guid":{"rendered":"https:\/\/agora.xtec.cat\/insjosepvallverdu\/?p=17990"},"modified":"2026-04-20T19:25:14","modified_gmt":"2026-04-20T17:25:14","slug":"els-alumnes-de-1r-deso-de-linstitut-visiten-tarragona-per-descobrir-el-passat-roma-de-la-ciutat","status":"publish","type":"post","link":"https:\/\/agora.xtec.cat\/insjosepvallverdu\/portada\/els-alumnes-de-1r-deso-de-linstitut-visiten-tarragona-per-descobrir-el-passat-roma-de-la-ciutat\/","title":{"rendered":"Els alumnes de 1r d&#8217;ESO de l&#8217;institut visiten Tarragona per descobrir el passat rom\u00e0 de la ciutat"},"content":{"rendered":"<p><a href=\"https:\/\/agora.xtec.cat\/insjosepvallverdu\/wp-content\/uploads\/usu1806\/2026\/04\/Photos-1.zip\">Tarragona 2026<\/a> <a href=\"https:\/\/agora.xtec.cat\/insjosepvallverdu\/wp-content\/uploads\/usu1806\/2026\/04\/IMG_2095-1.jpg\"><img loading=\"lazy\" decoding=\"async\" class=\"aligncenter size-full wp-image-17993\" src=\"https:\/\/agora.xtec.cat\/insjosepvallverdu\/wp-content\/uploads\/usu1806\/2026\/04\/IMG_2095-1.jpg\" alt=\"\" width=\"1512\" height=\"1134\" srcset=\"https:\/\/agora.xtec.cat\/insjosepvallverdu\/wp-content\/uploads\/usu1806\/2026\/04\/IMG_2095-1.jpg 1512w, https:\/\/agora.xtec.cat\/insjosepvallverdu\/wp-content\/uploads\/usu1806\/2026\/04\/IMG_2095-1-300x225.jpg 300w, https:\/\/agora.xtec.cat\/insjosepvallverdu\/wp-content\/uploads\/usu1806\/2026\/04\/IMG_2095-1-1024x768.jpg 1024w, https:\/\/agora.xtec.cat\/insjosepvallverdu\/wp-content\/uploads\/usu1806\/2026\/04\/IMG_2095-1-768x576.jpg 768w, https:\/\/agora.xtec.cat\/insjosepvallverdu\/wp-content\/uploads\/usu1806\/2026\/04\/IMG_2095-1-200x150.jpg 200w\" sizes=\"auto, (max-width: 1512px) 100vw, 1512px\" \/><\/a><\/p>\n<p>El divendres 17 d&#8217;abril de 2026 l&#8217;alumnat de 1r d&#8217;ESO de l&#8217;Institut Josep Vallverd\u00fa va realitzar una sortida a Tarragona per tal de viatjar en el temps i descobrir com era la vida a la T\u00e0rraco romana.<\/p>\n<p>Durant la seva estada a la capital del Tarragon\u00e8s, els estudiants han realitzat un recorregut ple d&#8217;hist\u00f2ria que els ha perm\u00e8s con\u00e8ixer com era la vida quotidiana dels romans, els seus costums i creences, al temps que han pogut descobrir espais tan emblem\u00e0tics com les muralles, el f\u00f2rum, el circ o l&#8217;amfiteatre.<\/p>\n<p><a href=\"https:\/\/agora.xtec.cat\/insjosepvallverdu\/wp-content\/uploads\/usu1806\/2026\/04\/69e1bfd3-2997-4309-a99a-f0ae83055b3e.jpg\"><img loading=\"lazy\" decoding=\"async\" class=\"aligncenter size-full wp-image-17991\" src=\"https:\/\/agora.xtec.cat\/insjosepvallverdu\/wp-content\/uploads\/usu1806\/2026\/04\/69e1bfd3-2997-4309-a99a-f0ae83055b3e.jpg\" alt=\"\" width=\"1600\" height=\"1200\" srcset=\"https:\/\/agora.xtec.cat\/insjosepvallverdu\/wp-content\/uploads\/usu1806\/2026\/04\/69e1bfd3-2997-4309-a99a-f0ae83055b3e.jpg 1600w, https:\/\/agora.xtec.cat\/insjosepvallverdu\/wp-content\/uploads\/usu1806\/2026\/04\/69e1bfd3-2997-4309-a99a-f0ae83055b3e-300x225.jpg 300w, https:\/\/agora.xtec.cat\/insjosepvallverdu\/wp-content\/uploads\/usu1806\/2026\/04\/69e1bfd3-2997-4309-a99a-f0ae83055b3e-1024x768.jpg 1024w, https:\/\/agora.xtec.cat\/insjosepvallverdu\/wp-content\/uploads\/usu1806\/2026\/04\/69e1bfd3-2997-4309-a99a-f0ae83055b3e-768x576.jpg 768w, https:\/\/agora.xtec.cat\/insjosepvallverdu\/wp-content\/uploads\/usu1806\/2026\/04\/69e1bfd3-2997-4309-a99a-f0ae83055b3e-1536x1152.jpg 1536w, https:\/\/agora.xtec.cat\/insjosepvallverdu\/wp-content\/uploads\/usu1806\/2026\/04\/69e1bfd3-2997-4309-a99a-f0ae83055b3e-200x150.jpg 200w\" sizes=\"auto, (max-width: 1600px) 100vw, 1600px\" \/><\/a><\/p>\n<p>Tot plegat, en una jornada d\u2019aprenentatge vivencial on han pogut entendre el passat tot caminant pels mateixos carrers que els romans trepitjaven ara fa m\u00e9s de dos mil anys,<\/p>\n<p>Per tal de reviure aquesta activitat podeu visitar la seg\u00fcent <a href=\"https:\/\/photos.app.goo.gl\/3YRtB8mhb1Wyus3U7\" target=\"_blank\" rel=\"noopener\"><strong>galeria fotogr\u00e0fica.<\/strong><\/a><\/p>\n","protected":false},"excerpt":{"rendered":"<p><a href=\"https:\/\/agora.xtec.cat\/insjosepvallverdu\/wp-content\/uploads\/usu1806\/2026\/04\/Photos-1.zip\">Tarragona 2026<\/a> <a href=\"https:\/\/agora.xtec.cat\/insjosepvallverdu\/wp-content\/uploads\/usu1806\/2026\/04\/IMG_2095-1.jpg\"><\/a><br \/>\nEl divendres 17 d&#8217;abril de 2026 l&#8217;alumnat de 1r d&#8217;ESO de l&#8217;Institut Josep Vallverd\u00fa va realitzar una sortida a Tarragona per tal de viatjar en el temps i descobrir com era la vida a la T\u00e0rraco romana.<br \/>\nDurant la seva estada a&hellip;  <a href=\"https:\/\/agora.xtec.cat\/insjosepvallverdu\/portada\/els-alumnes-de-1r-deso-de-linstitut-visiten-tarragona-per-descobrir-el-passat-roma-de-la-ciutat\/\" title=\"Read Els alumnes de 1r d&#8217;ESO de l&#8217;institut visiten Tarragona per descobrir el passat rom\u00e0 de la ciutat\">Llegeix m\u00e9s\u00bb<\/a><\/p>\n","protected":false},"author":8,"featured_media":17993,"comment_status":"closed","ping_status":"open","sticky":false,"template":"","format":"standard","meta":{"_bbp_topic_count":0,"_bbp_reply_count":0,"_bbp_total_topic_count":0,"_bbp_total_reply_count":0,"_bbp_voice_count":0,"_bbp_anonymous_reply_count":0,"_bbp_topic_count_hidden":0,"_bbp_reply_count_hidden":0,"_bbp_forum_subforum_count":0,"footnotes":""},"categories":[113,29],"tags":[164,938,1008,1007,114,803,156],"class_list":["post-17990","post","type-post","status-publish","format-standard","has-post-thumbnail","hentry","category-activitats","category-portada","tag-1r-deso","tag-2025-2026","tag-historia-antiga","tag-mon-roma","tag-sortida","tag-tarraco","tag-tarragona"],"post_mailing_queue_ids":[],"_links":{"self":[{"href":"https:\/\/agora.xtec.cat\/insjosepvallverdu\/wp-json\/wp\/v2\/posts\/17990","targetHints":{"allow":["GET"]}}],"collection":[{"href":"https:\/\/agora.xtec.cat\/insjosepvallverdu\/wp-json\/wp\/v2\/posts"}],"about":[{"href":"https:\/\/agora.xtec.cat\/insjosepvallverdu\/wp-json\/wp\/v2\/types\/post"}],"author":[{"embeddable":true,"href":"https:\/\/agora.xtec.cat\/insjosepvallverdu\/wp-json\/wp\/v2\/users\/8"}],"replies":[{"embeddable":true,"href":"https:\/\/agora.xtec.cat\/insjosepvallverdu\/wp-json\/wp\/v2\/comments?post=17990"}],"version-history":[{"count":1,"href":"https:\/\/agora.xtec.cat\/insjosepvallverdu\/wp-json\/wp\/v2\/posts\/17990\/revisions"}],"predecessor-version":[{"id":17994,"href":"https:\/\/agora.xtec.cat\/insjosepvallverdu\/wp-json\/wp\/v2\/posts\/17990\/revisions\/17994"}],"wp:featuredmedia":[{"embeddable":true,"href":"https:\/\/agora.xtec.cat\/insjosepvallverdu\/wp-json\/wp\/v2\/media\/17993"}],"wp:attachment":[{"href":"https:\/\/agora.xtec.cat\/insjosepvallverdu\/wp-json\/wp\/v2\/media?parent=17990"}],"wp:term":[{"taxonomy":"category","embeddable":true,"href":"https:\/\/agora.xtec.cat\/insjosepvallverdu\/wp-json\/wp\/v2\/categories?post=17990"},{"taxonomy":"post_tag","embeddable":true,"href":"https:\/\/agora.xtec.cat\/insjosepvallverdu\/wp-json\/wp\/v2\/tags?post=17990"}],"curies":[{"name":"wp","href":"https:\/\/api.w.org\/{rel}","templated":true}]}}