{"id":17982,"date":"2026-04-16T09:36:30","date_gmt":"2026-04-16T07:36:30","guid":{"rendered":"https:\/\/agora.xtec.cat\/insjosepvallverdu\/?p=17982"},"modified":"2026-04-16T09:36:30","modified_gmt":"2026-04-16T07:36:30","slug":"lalumnat-de-batxillerat-de-llati-i-de-fisica-i-quimica-visita-tarragona-per-realitzar-ho-diferents-activitats-educatives","status":"publish","type":"post","link":"https:\/\/agora.xtec.cat\/insjosepvallverdu\/portada\/lalumnat-de-batxillerat-de-llati-i-de-fisica-i-quimica-visita-tarragona-per-realitzar-ho-diferents-activitats-educatives\/","title":{"rendered":"L&#8217;alumnat de batxillerat de Llat\u00ed i de F\u00edsica i Qu\u00edmica visita Tarragona per realitzar-ho diferents activitats educatives"},"content":{"rendered":"<p><a href=\"https:\/\/agora.xtec.cat\/insjosepvallverdu\/wp-content\/uploads\/usu1806\/2026\/04\/Tarraco1.jpg\"><img loading=\"lazy\" decoding=\"async\" class=\"aligncenter size-full wp-image-17983\" src=\"https:\/\/agora.xtec.cat\/insjosepvallverdu\/wp-content\/uploads\/usu1806\/2026\/04\/Tarraco1.jpg\" alt=\"\" width=\"1271\" height=\"953\" srcset=\"https:\/\/agora.xtec.cat\/insjosepvallverdu\/wp-content\/uploads\/usu1806\/2026\/04\/Tarraco1.jpg 1271w, https:\/\/agora.xtec.cat\/insjosepvallverdu\/wp-content\/uploads\/usu1806\/2026\/04\/Tarraco1-300x225.jpg 300w, https:\/\/agora.xtec.cat\/insjosepvallverdu\/wp-content\/uploads\/usu1806\/2026\/04\/Tarraco1-1024x768.jpg 1024w, https:\/\/agora.xtec.cat\/insjosepvallverdu\/wp-content\/uploads\/usu1806\/2026\/04\/Tarraco1-768x576.jpg 768w, https:\/\/agora.xtec.cat\/insjosepvallverdu\/wp-content\/uploads\/usu1806\/2026\/04\/Tarraco1-200x150.jpg 200w\" sizes=\"auto, (max-width: 1271px) 100vw, 1271px\" \/><\/a><\/p>\n<p>El dimarts 14 d&#8217;abril de 2026, els alumnes de Llat\u00ed i el de F\u00edsicia i Qu\u00edmica de Batxillerat van realitzar una sortida conjunta a Tarragona per realitzar-hi diferents activitats.<\/p>\n<p>Durant el mat\u00ed, l\u2019alumnat de Cl\u00e0ssiques va fer un recorregut per la T\u00e0rraco romana, on els alumnes de 2n de Batxillerat van exercir de guies explicant els principals espais i monuments de l&#8217;antiga ciutat romana.<\/p>\n<p>A la tarda, aquest matexios alumnes van assistir al Festival de Teatre Grecollat\u00ed, gaudint d\u2019una representaci\u00f3 actualitzada de &#8220;Mostel\u00b7l\u00e0ria&#8221;, l&#8217;obra de teatre del comedi\u00f2graf rom\u00e0 Plaute.<\/p>\n<p><a href=\"https:\/\/agora.xtec.cat\/insjosepvallverdu\/wp-content\/uploads\/usu1806\/2026\/04\/Platja2.jpg\"><img loading=\"lazy\" decoding=\"async\" class=\"aligncenter size-full wp-image-17984\" src=\"https:\/\/agora.xtec.cat\/insjosepvallverdu\/wp-content\/uploads\/usu1806\/2026\/04\/Platja2.jpg\" alt=\"\" width=\"1271\" height=\"953\" srcset=\"https:\/\/agora.xtec.cat\/insjosepvallverdu\/wp-content\/uploads\/usu1806\/2026\/04\/Platja2.jpg 1271w, https:\/\/agora.xtec.cat\/insjosepvallverdu\/wp-content\/uploads\/usu1806\/2026\/04\/Platja2-300x225.jpg 300w, https:\/\/agora.xtec.cat\/insjosepvallverdu\/wp-content\/uploads\/usu1806\/2026\/04\/Platja2-1024x768.jpg 1024w, https:\/\/agora.xtec.cat\/insjosepvallverdu\/wp-content\/uploads\/usu1806\/2026\/04\/Platja2-768x576.jpg 768w, https:\/\/agora.xtec.cat\/insjosepvallverdu\/wp-content\/uploads\/usu1806\/2026\/04\/Platja2-200x150.jpg 200w\" sizes=\"auto, (max-width: 1271px) 100vw, 1271px\" \/><\/a><\/p>\n<p>Per la seva apart, l\u2019alumnat de F\u00edsica i Qu\u00edmica es va despla\u00e7ar a la platja per dur a terme una activitat de Reptes, analitzant la pres\u00e8ncia de micro i mesopl\u00e0stics a la sorra i recollint dades seguint un protocol cient\u00edfic.<\/p>\n<p>Tot plegat, un dia ple d\u2019aprenentatge, conviv\u00e8ncia i experi\u00e8ncies fora de l\u2019aula que podeu reviure a trav\u00e9s d&#8217;aquesta <a href=\"https:\/\/photos.app.goo.gl\/Zv\" target=\"_blank\" rel=\"noopener\"><strong>galeria fotogr\u00e0fica.<\/strong><\/a><\/p>\n","protected":false},"excerpt":{"rendered":"<p><a href=\"https:\/\/agora.xtec.cat\/insjosepvallverdu\/wp-content\/uploads\/usu1806\/2026\/04\/Tarraco1.jpg\"><\/a><br \/>\nEl dimarts 14 d&#8217;abril de 2026, els alumnes de Llat\u00ed i el de F\u00edsicia i Qu\u00edmica de Batxillerat van realitzar una sortida conjunta a Tarragona per realitzar-hi diferents activitats.<br \/>\nDurant el mat\u00ed, l\u2019alumnat de Cl\u00e0ssiques va fer un recorregut per la T\u00e0rraco romana, on els&hellip;  <a href=\"https:\/\/agora.xtec.cat\/insjosepvallverdu\/portada\/lalumnat-de-batxillerat-de-llati-i-de-fisica-i-quimica-visita-tarragona-per-realitzar-ho-diferents-activitats-educatives\/\" title=\"Read L&#8217;alumnat de batxillerat de Llat\u00ed i de F\u00edsica i Qu\u00edmica visita Tarragona per realitzar-ho diferents activitats educatives\">Llegeix m\u00e9s\u00bb<\/a><\/p>\n","protected":false},"author":8,"featured_media":17983,"comment_status":"closed","ping_status":"open","sticky":false,"template":"","format":"standard","meta":{"_bbp_topic_count":0,"_bbp_reply_count":0,"_bbp_total_topic_count":0,"_bbp_total_reply_count":0,"_bbp_voice_count":0,"_bbp_anonymous_reply_count":0,"_bbp_topic_count_hidden":0,"_bbp_reply_count_hidden":0,"_bbp_forum_subforum_count":0,"footnotes":""},"categories":[113,29],"tags":[938,1005,213,592,803,156],"class_list":["post-17982","post","type-post","status-publish","format-standard","has-post-thumbnail","hentry","category-activitats","category-portada","tag-2025-2026","tag-classiques","tag-fisica-i-quimica","tag-llati","tag-tarraco","tag-tarragona"],"post_mailing_queue_ids":[],"_links":{"self":[{"href":"https:\/\/agora.xtec.cat\/insjosepvallverdu\/wp-json\/wp\/v2\/posts\/17982","targetHints":{"allow":["GET"]}}],"collection":[{"href":"https:\/\/agora.xtec.cat\/insjosepvallverdu\/wp-json\/wp\/v2\/posts"}],"about":[{"href":"https:\/\/agora.xtec.cat\/insjosepvallverdu\/wp-json\/wp\/v2\/types\/post"}],"author":[{"embeddable":true,"href":"https:\/\/agora.xtec.cat\/insjosepvallverdu\/wp-json\/wp\/v2\/users\/8"}],"replies":[{"embeddable":true,"href":"https:\/\/agora.xtec.cat\/insjosepvallverdu\/wp-json\/wp\/v2\/comments?post=17982"}],"version-history":[{"count":1,"href":"https:\/\/agora.xtec.cat\/insjosepvallverdu\/wp-json\/wp\/v2\/posts\/17982\/revisions"}],"predecessor-version":[{"id":17985,"href":"https:\/\/agora.xtec.cat\/insjosepvallverdu\/wp-json\/wp\/v2\/posts\/17982\/revisions\/17985"}],"wp:featuredmedia":[{"embeddable":true,"href":"https:\/\/agora.xtec.cat\/insjosepvallverdu\/wp-json\/wp\/v2\/media\/17983"}],"wp:attachment":[{"href":"https:\/\/agora.xtec.cat\/insjosepvallverdu\/wp-json\/wp\/v2\/media?parent=17982"}],"wp:term":[{"taxonomy":"category","embeddable":true,"href":"https:\/\/agora.xtec.cat\/insjosepvallverdu\/wp-json\/wp\/v2\/categories?post=17982"},{"taxonomy":"post_tag","embeddable":true,"href":"https:\/\/agora.xtec.cat\/insjosepvallverdu\/wp-json\/wp\/v2\/tags?post=17982"}],"curies":[{"name":"wp","href":"https:\/\/api.w.org\/{rel}","templated":true}]}}