{"id":17973,"date":"2026-04-13T18:26:18","date_gmt":"2026-04-13T16:26:18","guid":{"rendered":"https:\/\/agora.xtec.cat\/insjosepvallverdu\/?p=17973"},"modified":"2026-04-13T18:30:04","modified_gmt":"2026-04-13T16:30:04","slug":"linstitut-josep-vallverdu-de-dol-per-la-mort-daaron-moreno-actual-alumne-del-centre","status":"publish","type":"post","link":"https:\/\/agora.xtec.cat\/insjosepvallverdu\/portada\/linstitut-josep-vallverdu-de-dol-per-la-mort-daaron-moreno-actual-alumne-del-centre\/","title":{"rendered":"L&#8217;Institut Josep Vallverd\u00fa, de dol per la mort d&#8217;Aaron Moreno, actual alumne del centre"},"content":{"rendered":"<p><a href=\"https:\/\/agora.xtec.cat\/insjosepvallverdu\/wp-content\/uploads\/usu1806\/2026\/04\/AaronDOL.jpg\"><img loading=\"lazy\" decoding=\"async\" class=\"aligncenter size-full wp-image-17974\" src=\"https:\/\/agora.xtec.cat\/insjosepvallverdu\/wp-content\/uploads\/usu1806\/2026\/04\/AaronDOL.jpg\" alt=\"\" width=\"2000\" height=\"1500\" srcset=\"https:\/\/agora.xtec.cat\/insjosepvallverdu\/wp-content\/uploads\/usu1806\/2026\/04\/AaronDOL.jpg 2000w, https:\/\/agora.xtec.cat\/insjosepvallverdu\/wp-content\/uploads\/usu1806\/2026\/04\/AaronDOL-300x225.jpg 300w, https:\/\/agora.xtec.cat\/insjosepvallverdu\/wp-content\/uploads\/usu1806\/2026\/04\/AaronDOL-1024x768.jpg 1024w, https:\/\/agora.xtec.cat\/insjosepvallverdu\/wp-content\/uploads\/usu1806\/2026\/04\/AaronDOL-768x576.jpg 768w, https:\/\/agora.xtec.cat\/insjosepvallverdu\/wp-content\/uploads\/usu1806\/2026\/04\/AaronDOL-1536x1152.jpg 1536w, https:\/\/agora.xtec.cat\/insjosepvallverdu\/wp-content\/uploads\/usu1806\/2026\/04\/AaronDOL-200x150.jpg 200w\" sizes=\"auto, (max-width: 2000px) 100vw, 2000px\" \/><\/a><\/p>\n<p>El dijous 9 d&#8217;abril de 2026 la not\u00edcia de la mort de l&#8217;alumne de 4t d&#8217;ESO del nostre centre, Aaron Moreno Carrasco, va colpir la comunitat educativa de l&#8217;Institut Josep Vallverd\u00fa.<\/p>\n<p>Tot i que actualment estava matriculat a 4t d&#8217;ESO a l&#8217;institut, l&#8217;ingr\u00e9s de l&#8217;Aaron a l&#8217;Hospital de Sant Joan de D\u00e9u, fruit de la seva greu malaltia, feia que el seguiment de la seva activitat acad\u00e8mica el realitz\u00e9s el personal docent responsable de l&#8217;atenci\u00f3 educativa en aquest centre m\u00e8dic.<\/p>\n<p>Malgrat no ser f\u00edsicament a les nostres aules, la mort de l&#8217;Aaron, que no ha pogut v\u00e8ncer la male\u00efda malaltia que l&#8217;afectava, ha estat molt sentida per tota la comunitat educativa del centre.<\/p>\n<p>L&#8217;Aaron Moreno, nascut el 19 de juliol de 2007, va arribar a l&#8217;Institut Josep Vallverd\u00fa el setembre de 2020, despr\u00e9s d&#8217;haver acabat la prim\u00e0ria a l&#8217;escola Albirka d&#8217;Arbeca, on residia. Al Vallverd\u00fa hi va realitzar els dos primers cursos de l&#8217;ESO fins que, el 2022, es va traslladar a la ciutat de Lleida on va estudiar a l&#8217;Institut Torre Vicens.<\/p>\n<p>El curs 2024-2025, ja hospitalitzat a Sant Joan de D\u00e9u, l&#8217;Aaron Moreno va tornar a matricular-se a l&#8217;Institut Josep Vallverd\u00fa, del que ha estat alumne aquests dos darrers cursos, si b\u00e9 no podia assistir normalment a les classes i seguia la doc\u00e8ncia a trav\u00e9s de l&#8217;atenci\u00f3 educativa hospital\u00e0ria.<\/p>\n<p>Des de la comunitat educativa de l&#8217;Institut Josep Vallverd\u00fa ens volem afegir al dol per la seva p\u00e8rdua i traslladar el nostre afecte m\u00e9s sentit a la seva fam\u00edlia i als seus amics.<\/p>\n<p>Des d&#8217;aquest mes d&#8217;abril, el cel de les Garrigues t\u00e9 un nou estel.<\/p>\n<p>Deixeu que, en record de l&#8217;Aaron, fem nostres els versos del poeta Miquel Mart\u00ed i Pol en la seva \u201cLletra a Dolors\u201d:<\/p>\n<p><em>Em costa imaginar-te<\/em><br \/>\n<em>absent per sempre,<\/em><br \/>\n<em>tants records de tu<\/em><br \/>\n<em>se m\u2019acumulen,<\/em><br \/>\n<em>que ni deixen espai<\/em><br \/>\n<em>a la tristesa,<\/em><br \/>\n<em>i et visc intensament<\/em><br \/>\n<em>sense tenir-te.<\/em><\/p>\n","protected":false},"excerpt":{"rendered":"<p><a href=\"https:\/\/agora.xtec.cat\/insjosepvallverdu\/wp-content\/uploads\/usu1806\/2026\/04\/AaronDOL.jpg\"><\/a><br \/>\nEl dijous 9 d&#8217;abril de 2026 la not\u00edcia de la mort de l&#8217;alumne de 4t d&#8217;ESO del nostre centre, Aaron Moreno Carrasco, va colpir la comunitat educativa de l&#8217;Institut Josep Vallverd\u00fa.<br \/>\nTot i que actualment estava matriculat a 4t d&#8217;ESO a l&#8217;institut, l&#8217;ingr\u00e9s de l&#8217;Aaron&hellip;  <a href=\"https:\/\/agora.xtec.cat\/insjosepvallverdu\/portada\/linstitut-josep-vallverdu-de-dol-per-la-mort-daaron-moreno-actual-alumne-del-centre\/\" title=\"Read L&#8217;Institut Josep Vallverd\u00fa, de dol per la mort d&#8217;Aaron Moreno, actual alumne del centre\">Llegeix m\u00e9s\u00bb<\/a><\/p>\n","protected":false},"author":8,"featured_media":17974,"comment_status":"closed","ping_status":"open","sticky":false,"template":"","format":"standard","meta":{"_bbp_topic_count":0,"_bbp_reply_count":0,"_bbp_total_topic_count":0,"_bbp_total_reply_count":0,"_bbp_voice_count":0,"_bbp_anonymous_reply_count":0,"_bbp_topic_count_hidden":0,"_bbp_reply_count_hidden":0,"_bbp_forum_subforum_count":0,"footnotes":""},"categories":[110,29],"tags":[938,417],"class_list":["post-17973","post","type-post","status-publish","format-standard","has-post-thumbnail","hentry","category-noticies","category-portada","tag-2025-2026","tag-dol"],"post_mailing_queue_ids":[],"_links":{"self":[{"href":"https:\/\/agora.xtec.cat\/insjosepvallverdu\/wp-json\/wp\/v2\/posts\/17973","targetHints":{"allow":["GET"]}}],"collection":[{"href":"https:\/\/agora.xtec.cat\/insjosepvallverdu\/wp-json\/wp\/v2\/posts"}],"about":[{"href":"https:\/\/agora.xtec.cat\/insjosepvallverdu\/wp-json\/wp\/v2\/types\/post"}],"author":[{"embeddable":true,"href":"https:\/\/agora.xtec.cat\/insjosepvallverdu\/wp-json\/wp\/v2\/users\/8"}],"replies":[{"embeddable":true,"href":"https:\/\/agora.xtec.cat\/insjosepvallverdu\/wp-json\/wp\/v2\/comments?post=17973"}],"version-history":[{"count":6,"href":"https:\/\/agora.xtec.cat\/insjosepvallverdu\/wp-json\/wp\/v2\/posts\/17973\/revisions"}],"predecessor-version":[{"id":17980,"href":"https:\/\/agora.xtec.cat\/insjosepvallverdu\/wp-json\/wp\/v2\/posts\/17973\/revisions\/17980"}],"wp:featuredmedia":[{"embeddable":true,"href":"https:\/\/agora.xtec.cat\/insjosepvallverdu\/wp-json\/wp\/v2\/media\/17974"}],"wp:attachment":[{"href":"https:\/\/agora.xtec.cat\/insjosepvallverdu\/wp-json\/wp\/v2\/media?parent=17973"}],"wp:term":[{"taxonomy":"category","embeddable":true,"href":"https:\/\/agora.xtec.cat\/insjosepvallverdu\/wp-json\/wp\/v2\/categories?post=17973"},{"taxonomy":"post_tag","embeddable":true,"href":"https:\/\/agora.xtec.cat\/insjosepvallverdu\/wp-json\/wp\/v2\/tags?post=17973"}],"curies":[{"name":"wp","href":"https:\/\/api.w.org\/{rel}","templated":true}]}}