{"id":17969,"date":"2026-04-13T18:00:05","date_gmt":"2026-04-13T16:00:05","guid":{"rendered":"https:\/\/agora.xtec.cat\/insjosepvallverdu\/?p=17969"},"modified":"2026-04-13T18:00:05","modified_gmt":"2026-04-13T16:00:05","slug":"lalumnat-de-1r-de-batxillerat-de-linstitut-realitza-un-viatge-cultural-a-mila-i-al-llac-de-como-al-cor-de-la-llombardia-italiana","status":"publish","type":"post","link":"https:\/\/agora.xtec.cat\/insjosepvallverdu\/portada\/lalumnat-de-1r-de-batxillerat-de-linstitut-realitza-un-viatge-cultural-a-mila-i-al-llac-de-como-al-cor-de-la-llombardia-italiana\/","title":{"rendered":"L&#8217;alumnat de 1r de batxillerat de l&#8217;institut realitza un viatge cultural a Mil\u00e0 i al llac de Como, al  cor de la Llombardia italiana"},"content":{"rendered":"<p><a href=\"https:\/\/agora.xtec.cat\/insjosepvallverdu\/wp-content\/uploads\/usu1806\/2026\/04\/Mila1.jpg\"><img loading=\"lazy\" decoding=\"async\" class=\"aligncenter size-full wp-image-17970\" src=\"https:\/\/agora.xtec.cat\/insjosepvallverdu\/wp-content\/uploads\/usu1806\/2026\/04\/Mila1.jpg\" alt=\"\" width=\"1170\" height=\"878\" srcset=\"https:\/\/agora.xtec.cat\/insjosepvallverdu\/wp-content\/uploads\/usu1806\/2026\/04\/Mila1.jpg 1170w, https:\/\/agora.xtec.cat\/insjosepvallverdu\/wp-content\/uploads\/usu1806\/2026\/04\/Mila1-300x225.jpg 300w, https:\/\/agora.xtec.cat\/insjosepvallverdu\/wp-content\/uploads\/usu1806\/2026\/04\/Mila1-1024x768.jpg 1024w, https:\/\/agora.xtec.cat\/insjosepvallverdu\/wp-content\/uploads\/usu1806\/2026\/04\/Mila1-768x576.jpg 768w, https:\/\/agora.xtec.cat\/insjosepvallverdu\/wp-content\/uploads\/usu1806\/2026\/04\/Mila1-200x150.jpg 200w\" sizes=\"auto, (max-width: 1170px) 100vw, 1170px\" \/><\/a><\/p>\n<p>Entre els dies 7 i 10 d&#8217;abril de 2026, l&#8217;alumnat de 1r de batxillerat de l&#8217;Institut Josep Vallverd\u00fa, acompanyat pels professors Dani Negrillo, Montse Rib\u00e9 i N\u00faria Sabat\u00e9, ha realitzat un viatge a la ciutat de Mil\u00e0.<\/p>\n<p>Durant aquesta sortida a la Llombardia italiana, el grup\u00a0 ha pogut gaudir d\u2019uns dies plens de visites i experi\u00e8ncies inoblidables. Durant l\u2019estada, els alumnes van poder descobrir alguns dels llocs m\u00e9s emblem\u00e0tics de la ciutat, com el Duomo, la Galleria Vittorio Emanuele II i el Castell Sforzesco.<\/p>\n<p>Tamb\u00e9 van visitar espais culturals i hist\u00f2rics com la bas\u00edlica de Sant Ambr\u00f2s, San Bernardino alle Ossa i la bas\u00edlica de Santo Stefano. A m\u00e9s, han passejat per barris caracter\u00edstics com Brera, Navigli i el barri xin\u00e8s, aix\u00ed com pel conegut quadril\u00e0ter de la moda.<\/p>\n<p><a href=\"https:\/\/agora.xtec.cat\/insjosepvallverdu\/wp-content\/uploads\/usu1806\/2026\/04\/Como2.jpg\"><img loading=\"lazy\" decoding=\"async\" class=\"aligncenter size-full wp-image-17971\" src=\"https:\/\/agora.xtec.cat\/insjosepvallverdu\/wp-content\/uploads\/usu1806\/2026\/04\/Como2.jpg\" alt=\"\" width=\"1170\" height=\"878\" srcset=\"https:\/\/agora.xtec.cat\/insjosepvallverdu\/wp-content\/uploads\/usu1806\/2026\/04\/Como2.jpg 1170w, https:\/\/agora.xtec.cat\/insjosepvallverdu\/wp-content\/uploads\/usu1806\/2026\/04\/Como2-300x225.jpg 300w, https:\/\/agora.xtec.cat\/insjosepvallverdu\/wp-content\/uploads\/usu1806\/2026\/04\/Como2-1024x768.jpg 1024w, https:\/\/agora.xtec.cat\/insjosepvallverdu\/wp-content\/uploads\/usu1806\/2026\/04\/Como2-768x576.jpg 768w, https:\/\/agora.xtec.cat\/insjosepvallverdu\/wp-content\/uploads\/usu1806\/2026\/04\/Como2-200x150.jpg 200w\" sizes=\"auto, (max-width: 1170px) 100vw, 1170px\" \/><\/a><\/p>\n<p>El viatge ha incl\u00f2s tamb\u00e9 una visita a l\u2019estadi de San Siro, a la Borsa de Mil\u00e0 i a l\u2019estaci\u00f3 central. Un dels moments m\u00e9s especials ha estat l\u2019excursi\u00f3 al llac de Como, on han fet un tour amb vaixell gaudint d\u2019un paisatge espectacular.<\/p>\n<p>Si voleu reviure aquesta experi\u00e8ncia, no dubteu en visitar la seg\u00fcent <a href=\"https:\/\/photos.app.goo.gl\/i4wipbCu2Qa4Wy6Z9\" target=\"_blank\" rel=\"noopener\"><strong>galeria d&#8217;imatge del viatge.<\/strong><\/a><\/p>\n","protected":false},"excerpt":{"rendered":"<p><a href=\"https:\/\/agora.xtec.cat\/insjosepvallverdu\/wp-content\/uploads\/usu1806\/2026\/04\/Mila1.jpg\"><\/a><br \/>\nEntre els dies 7 i 10 d&#8217;abril de 2026, l&#8217;alumnat de 1r de batxillerat de l&#8217;Institut Josep Vallverd\u00fa, acompanyat pels professors Dani Negrillo, Montse Rib\u00e9 i N\u00faria Sabat\u00e9, ha realitzat un viatge a la ciutat de Mil\u00e0.<br \/>\nDurant aquesta sortida a la Llombardia italiana, el&hellip;  <a href=\"https:\/\/agora.xtec.cat\/insjosepvallverdu\/portada\/lalumnat-de-1r-de-batxillerat-de-linstitut-realitza-un-viatge-cultural-a-mila-i-al-llac-de-como-al-cor-de-la-llombardia-italiana\/\" title=\"Read L&#8217;alumnat de 1r de batxillerat de l&#8217;institut realitza un viatge cultural a Mil\u00e0 i al llac de Como, al  cor de la Llombardia italiana\">Llegeix m\u00e9s\u00bb<\/a><\/p>\n","protected":false},"author":8,"featured_media":17970,"comment_status":"closed","ping_status":"open","sticky":false,"template":"","format":"standard","meta":{"_bbp_topic_count":0,"_bbp_reply_count":0,"_bbp_total_topic_count":0,"_bbp_total_reply_count":0,"_bbp_voice_count":0,"_bbp_anonymous_reply_count":0,"_bbp_topic_count_hidden":0,"_bbp_reply_count_hidden":0,"_bbp_forum_subforum_count":0,"footnotes":""},"categories":[113,29],"tags":[496,938,152,1004,1003,883],"class_list":["post-17969","post","type-post","status-publish","format-standard","has-post-thumbnail","hentry","category-activitats","category-portada","tag-1r-de-batxillerat","tag-2025-2026","tag-italia","tag-llombardia","tag-mila","tag-viatge-cultural"],"post_mailing_queue_ids":[],"_links":{"self":[{"href":"https:\/\/agora.xtec.cat\/insjosepvallverdu\/wp-json\/wp\/v2\/posts\/17969","targetHints":{"allow":["GET"]}}],"collection":[{"href":"https:\/\/agora.xtec.cat\/insjosepvallverdu\/wp-json\/wp\/v2\/posts"}],"about":[{"href":"https:\/\/agora.xtec.cat\/insjosepvallverdu\/wp-json\/wp\/v2\/types\/post"}],"author":[{"embeddable":true,"href":"https:\/\/agora.xtec.cat\/insjosepvallverdu\/wp-json\/wp\/v2\/users\/8"}],"replies":[{"embeddable":true,"href":"https:\/\/agora.xtec.cat\/insjosepvallverdu\/wp-json\/wp\/v2\/comments?post=17969"}],"version-history":[{"count":1,"href":"https:\/\/agora.xtec.cat\/insjosepvallverdu\/wp-json\/wp\/v2\/posts\/17969\/revisions"}],"predecessor-version":[{"id":17972,"href":"https:\/\/agora.xtec.cat\/insjosepvallverdu\/wp-json\/wp\/v2\/posts\/17969\/revisions\/17972"}],"wp:featuredmedia":[{"embeddable":true,"href":"https:\/\/agora.xtec.cat\/insjosepvallverdu\/wp-json\/wp\/v2\/media\/17970"}],"wp:attachment":[{"href":"https:\/\/agora.xtec.cat\/insjosepvallverdu\/wp-json\/wp\/v2\/media?parent=17969"}],"wp:term":[{"taxonomy":"category","embeddable":true,"href":"https:\/\/agora.xtec.cat\/insjosepvallverdu\/wp-json\/wp\/v2\/categories?post=17969"},{"taxonomy":"post_tag","embeddable":true,"href":"https:\/\/agora.xtec.cat\/insjosepvallverdu\/wp-json\/wp\/v2\/tags?post=17969"}],"curies":[{"name":"wp","href":"https:\/\/api.w.org\/{rel}","templated":true}]}}