{"id":17966,"date":"2026-04-13T17:52:22","date_gmt":"2026-04-13T15:52:22","guid":{"rendered":"https:\/\/agora.xtec.cat\/insjosepvallverdu\/?p=17966"},"modified":"2026-04-13T17:52:22","modified_gmt":"2026-04-13T15:52:22","slug":"un-grup-dalumnes-de-segon-cicle-de-leso-i-de-batxillerat-de-linstitut-josep-vallverdu-es-presenta-als-examens-oficials-dels-nivells-b1-i-b2-dangles-de-leoi","status":"publish","type":"post","link":"https:\/\/agora.xtec.cat\/insjosepvallverdu\/portada\/un-grup-dalumnes-de-segon-cicle-de-leso-i-de-batxillerat-de-linstitut-josep-vallverdu-es-presenta-als-examens-oficials-dels-nivells-b1-i-b2-dangles-de-leoi\/","title":{"rendered":"Un grup d&#8217;alumnes de segon cicle de l&#8217;ESO i de Batxillerat de l&#8217;Institut Josep Vallverd\u00fa es presenta als ex\u00e0mens oficials dels nivells B1 i B2 d&#8217;angl\u00e8s de l&#8217;EOI"},"content":{"rendered":"<p><a href=\"https:\/\/agora.xtec.cat\/insjosepvallverdu\/wp-content\/uploads\/usu1806\/2026\/04\/EOI.jpg\"><img loading=\"lazy\" decoding=\"async\" class=\"aligncenter size-full wp-image-17967\" src=\"https:\/\/agora.xtec.cat\/insjosepvallverdu\/wp-content\/uploads\/usu1806\/2026\/04\/EOI.jpg\" alt=\"\" width=\"658\" height=\"524\" srcset=\"https:\/\/agora.xtec.cat\/insjosepvallverdu\/wp-content\/uploads\/usu1806\/2026\/04\/EOI.jpg 658w, https:\/\/agora.xtec.cat\/insjosepvallverdu\/wp-content\/uploads\/usu1806\/2026\/04\/EOI-300x239.jpg 300w\" sizes=\"auto, (max-width: 658px) 100vw, 658px\" \/><\/a><\/p>\n<p>El divendres 10 d&#8217;abril de 2026, un grup d&#8217;alumnes de segon cicle de l&#8217;ESO i de Batxillerat, acompanyat per professorat del Departament de Lleng\u00fces Estrangeres de l&#8217;Institut Josep Vallverd\u00fa, va realitzar, a l&#8217;Escola Oficial d&#8217;Idiomes de Lleida, els ex\u00e0mens del nivell B1 i B2 d&#8217;angl\u00e8s.<\/p>\n<p>Amb iniciatives com aquesta, l&#8217;Institut Josep Vallverd\u00fa, i m\u00e9s espec\u00edficament, el seu Departament de Lleng\u00fces Estrangeres, incentiva que el seu alumnat pugui acabar les etapes tant de l&#8217;ESO com del Batxillerat amb l&#8217;obtenci\u00f3 d&#8217;un t\u00edtol oficial que acrediti les seves capacitat en les lleng\u00fces estrangeres impartides\u00a0 al nostre centre.<\/p>\n<p>Esperem que els ex\u00e0mens els anessin d&#8217;all\u00f2 m\u00e9s b\u00e9 i que els alumnes presentats puguin obtenir el preuat t\u00edtol!<\/p>\n","protected":false},"excerpt":{"rendered":"<p><a href=\"https:\/\/agora.xtec.cat\/insjosepvallverdu\/wp-content\/uploads\/usu1806\/2026\/04\/EOI.jpg\"><\/a><br \/>\nEl divendres 10 d&#8217;abril de 2026, un grup d&#8217;alumnes de segon cicle de l&#8217;ESO i de Batxillerat, acompanyat per professorat del Departament de Lleng\u00fces Estrangeres de l&#8217;Institut Josep Vallverd\u00fa, va realitzar, a l&#8217;Escola Oficial d&#8217;Idiomes de Lleida, els ex\u00e0mens del nivell B1 i B2&hellip;  <a href=\"https:\/\/agora.xtec.cat\/insjosepvallverdu\/portada\/un-grup-dalumnes-de-segon-cicle-de-leso-i-de-batxillerat-de-linstitut-josep-vallverdu-es-presenta-als-examens-oficials-dels-nivells-b1-i-b2-dangles-de-leoi\/\" title=\"Read Un grup d&#8217;alumnes de segon cicle de l&#8217;ESO i de Batxillerat de l&#8217;Institut Josep Vallverd\u00fa es presenta als ex\u00e0mens oficials dels nivells B1 i B2 d&#8217;angl\u00e8s de l&#8217;EOI\">Llegeix m\u00e9s\u00bb<\/a><\/p>\n","protected":false},"author":8,"featured_media":0,"comment_status":"closed","ping_status":"open","sticky":false,"template":"","format":"standard","meta":{"_bbp_topic_count":0,"_bbp_reply_count":0,"_bbp_total_topic_count":0,"_bbp_total_reply_count":0,"_bbp_voice_count":0,"_bbp_anonymous_reply_count":0,"_bbp_topic_count_hidden":0,"_bbp_reply_count_hidden":0,"_bbp_forum_subforum_count":0,"footnotes":""},"categories":[110,29],"tags":[938,42,1001,1002,485,336],"class_list":["post-17966","post","type-post","status-publish","format-standard","hentry","category-noticies","category-portada","tag-2025-2026","tag-angles","tag-b1","tag-b2","tag-eoi","tag-examens-oficials"],"post_mailing_queue_ids":[],"_links":{"self":[{"href":"https:\/\/agora.xtec.cat\/insjosepvallverdu\/wp-json\/wp\/v2\/posts\/17966","targetHints":{"allow":["GET"]}}],"collection":[{"href":"https:\/\/agora.xtec.cat\/insjosepvallverdu\/wp-json\/wp\/v2\/posts"}],"about":[{"href":"https:\/\/agora.xtec.cat\/insjosepvallverdu\/wp-json\/wp\/v2\/types\/post"}],"author":[{"embeddable":true,"href":"https:\/\/agora.xtec.cat\/insjosepvallverdu\/wp-json\/wp\/v2\/users\/8"}],"replies":[{"embeddable":true,"href":"https:\/\/agora.xtec.cat\/insjosepvallverdu\/wp-json\/wp\/v2\/comments?post=17966"}],"version-history":[{"count":1,"href":"https:\/\/agora.xtec.cat\/insjosepvallverdu\/wp-json\/wp\/v2\/posts\/17966\/revisions"}],"predecessor-version":[{"id":17968,"href":"https:\/\/agora.xtec.cat\/insjosepvallverdu\/wp-json\/wp\/v2\/posts\/17966\/revisions\/17968"}],"wp:attachment":[{"href":"https:\/\/agora.xtec.cat\/insjosepvallverdu\/wp-json\/wp\/v2\/media?parent=17966"}],"wp:term":[{"taxonomy":"category","embeddable":true,"href":"https:\/\/agora.xtec.cat\/insjosepvallverdu\/wp-json\/wp\/v2\/categories?post=17966"},{"taxonomy":"post_tag","embeddable":true,"href":"https:\/\/agora.xtec.cat\/insjosepvallverdu\/wp-json\/wp\/v2\/tags?post=17966"}],"curies":[{"name":"wp","href":"https:\/\/api.w.org\/{rel}","templated":true}]}}