{"id":17962,"date":"2026-04-13T17:45:31","date_gmt":"2026-04-13T15:45:31","guid":{"rendered":"https:\/\/agora.xtec.cat\/insjosepvallverdu\/?p=17962"},"modified":"2026-04-13T17:45:31","modified_gmt":"2026-04-13T15:45:31","slug":"lalumnat-de-3r-deso-de-linstitut-visita-el-museu-moli-paperer-de-capellades","status":"publish","type":"post","link":"https:\/\/agora.xtec.cat\/insjosepvallverdu\/portada\/lalumnat-de-3r-deso-de-linstitut-visita-el-museu-moli-paperer-de-capellades\/","title":{"rendered":"L&#8217;alumnat de 3r d&#8217;ESO de l&#8217;institut visita el Museu Mol\u00ed Paperer de Capellades"},"content":{"rendered":"<p><a href=\"https:\/\/agora.xtec.cat\/insjosepvallverdu\/wp-content\/uploads\/usu1806\/2026\/04\/Paper0.jpg\"><img loading=\"lazy\" decoding=\"async\" class=\"aligncenter size-full wp-image-17963\" src=\"https:\/\/agora.xtec.cat\/insjosepvallverdu\/wp-content\/uploads\/usu1806\/2026\/04\/Paper0.jpg\" alt=\"\" width=\"836\" height=\"627\" srcset=\"https:\/\/agora.xtec.cat\/insjosepvallverdu\/wp-content\/uploads\/usu1806\/2026\/04\/Paper0.jpg 836w, https:\/\/agora.xtec.cat\/insjosepvallverdu\/wp-content\/uploads\/usu1806\/2026\/04\/Paper0-300x225.jpg 300w, https:\/\/agora.xtec.cat\/insjosepvallverdu\/wp-content\/uploads\/usu1806\/2026\/04\/Paper0-768x576.jpg 768w, https:\/\/agora.xtec.cat\/insjosepvallverdu\/wp-content\/uploads\/usu1806\/2026\/04\/Paper0-200x150.jpg 200w\" sizes=\"auto, (max-width: 836px) 100vw, 836px\" \/><\/a><\/p>\n<p>El dijous 9 d&#8217;abril de 2026 l&#8217;alumnat de 3r d&#8217;ESO de l&#8217;Institut Josep Vallverd\u00fa va visitar el Museu Mol\u00ed Paperer, situat a l&#8217;antic mol\u00ed paperer de Capellades, a la comarca de l&#8217;Anoia, anomenat \u00abMol\u00ed de la Vila\u00bb, que conserva l&#8217;estructura pr\u00f2pia dels molins del segle XVIII.<\/p>\n<p>Aquesta visita s&#8217;emmarca en el treball de s\u00edntesi dels estudiants de 3r d&#8217;ESO que est\u00e0 dedicat al paper.<\/p>\n<p><a href=\"https:\/\/agora.xtec.cat\/insjosepvallverdu\/wp-content\/uploads\/usu1806\/2026\/04\/Paper1.jpg\"><img loading=\"lazy\" decoding=\"async\" class=\"aligncenter size-full wp-image-17964\" src=\"https:\/\/agora.xtec.cat\/insjosepvallverdu\/wp-content\/uploads\/usu1806\/2026\/04\/Paper1.jpg\" alt=\"\" width=\"836\" height=\"627\" srcset=\"https:\/\/agora.xtec.cat\/insjosepvallverdu\/wp-content\/uploads\/usu1806\/2026\/04\/Paper1.jpg 836w, https:\/\/agora.xtec.cat\/insjosepvallverdu\/wp-content\/uploads\/usu1806\/2026\/04\/Paper1-300x225.jpg 300w, https:\/\/agora.xtec.cat\/insjosepvallverdu\/wp-content\/uploads\/usu1806\/2026\/04\/Paper1-768x576.jpg 768w, https:\/\/agora.xtec.cat\/insjosepvallverdu\/wp-content\/uploads\/usu1806\/2026\/04\/Paper1-200x150.jpg 200w\" sizes=\"auto, (max-width: 836px) 100vw, 836px\" \/><\/a><\/p>\n<p>Durant la visita els alumnes van poder veure com era antigament el proc\u00e9s de fabricaci\u00f3 del paper artesanal i va participar en un taller d&#8217;elaboraci\u00f3 de paper.<\/p>\n<p>Una activitat molt interessant que de ben segur ajudar\u00e0 a aprendre a valorar la import\u00e0ncia del paper que utilitzem cada dia.<\/p>\n<p>Per tal de reviure aquesta sortida, podeu visitar la seg\u00fcent <a href=\"https:\/\/photos.app.goo.gl\/TbwSQdgSYsVXevoG9\" target=\"_blank\" rel=\"noopener\"><strong>galeria d&#8217;imatges.<\/strong><\/a><\/p>\n","protected":false},"excerpt":{"rendered":"<p><a href=\"https:\/\/agora.xtec.cat\/insjosepvallverdu\/wp-content\/uploads\/usu1806\/2026\/04\/Paper0.jpg\"><\/a><br \/>\nEl dijous 9 d&#8217;abril de 2026 l&#8217;alumnat de 3r d&#8217;ESO de l&#8217;Institut Josep Vallverd\u00fa va visitar el Museu Mol\u00ed Paperer, situat a l&#8217;antic mol\u00ed paperer de Capellades, a la comarca de l&#8217;Anoia, anomenat \u00abMol\u00ed de la Vila\u00bb, que conserva l&#8217;estructura pr\u00f2pia dels molins del&hellip;  <a href=\"https:\/\/agora.xtec.cat\/insjosepvallverdu\/portada\/lalumnat-de-3r-deso-de-linstitut-visita-el-museu-moli-paperer-de-capellades\/\" title=\"Read L&#8217;alumnat de 3r d&#8217;ESO de l&#8217;institut visita el Museu Mol\u00ed Paperer de Capellades\">Llegeix m\u00e9s\u00bb<\/a><\/p>\n","protected":false},"author":8,"featured_media":17963,"comment_status":"closed","ping_status":"open","sticky":false,"template":"","format":"standard","meta":{"_bbp_topic_count":0,"_bbp_reply_count":0,"_bbp_total_topic_count":0,"_bbp_total_reply_count":0,"_bbp_voice_count":0,"_bbp_anonymous_reply_count":0,"_bbp_topic_count_hidden":0,"_bbp_reply_count_hidden":0,"_bbp_forum_subforum_count":0,"footnotes":""},"categories":[113,29],"tags":[938,117,997,998,999,1000],"class_list":["post-17962","post","type-post","status-publish","format-standard","has-post-thumbnail","hentry","category-activitats","category-portada","tag-2025-2026","tag-3r-deso","tag-capellades","tag-museu-moli-paperer","tag-paper","tag-treball-de-sintesi"],"post_mailing_queue_ids":[],"_links":{"self":[{"href":"https:\/\/agora.xtec.cat\/insjosepvallverdu\/wp-json\/wp\/v2\/posts\/17962","targetHints":{"allow":["GET"]}}],"collection":[{"href":"https:\/\/agora.xtec.cat\/insjosepvallverdu\/wp-json\/wp\/v2\/posts"}],"about":[{"href":"https:\/\/agora.xtec.cat\/insjosepvallverdu\/wp-json\/wp\/v2\/types\/post"}],"author":[{"embeddable":true,"href":"https:\/\/agora.xtec.cat\/insjosepvallverdu\/wp-json\/wp\/v2\/users\/8"}],"replies":[{"embeddable":true,"href":"https:\/\/agora.xtec.cat\/insjosepvallverdu\/wp-json\/wp\/v2\/comments?post=17962"}],"version-history":[{"count":1,"href":"https:\/\/agora.xtec.cat\/insjosepvallverdu\/wp-json\/wp\/v2\/posts\/17962\/revisions"}],"predecessor-version":[{"id":17965,"href":"https:\/\/agora.xtec.cat\/insjosepvallverdu\/wp-json\/wp\/v2\/posts\/17962\/revisions\/17965"}],"wp:featuredmedia":[{"embeddable":true,"href":"https:\/\/agora.xtec.cat\/insjosepvallverdu\/wp-json\/wp\/v2\/media\/17963"}],"wp:attachment":[{"href":"https:\/\/agora.xtec.cat\/insjosepvallverdu\/wp-json\/wp\/v2\/media?parent=17962"}],"wp:term":[{"taxonomy":"category","embeddable":true,"href":"https:\/\/agora.xtec.cat\/insjosepvallverdu\/wp-json\/wp\/v2\/categories?post=17962"},{"taxonomy":"post_tag","embeddable":true,"href":"https:\/\/agora.xtec.cat\/insjosepvallverdu\/wp-json\/wp\/v2\/tags?post=17962"}],"curies":[{"name":"wp","href":"https:\/\/api.w.org\/{rel}","templated":true}]}}