{"id":17959,"date":"2026-04-10T11:22:50","date_gmt":"2026-04-10T09:22:50","guid":{"rendered":"https:\/\/agora.xtec.cat\/insjosepvallverdu\/?p=17959"},"modified":"2026-04-10T11:22:50","modified_gmt":"2026-04-10T09:22:50","slug":"lalumnat-de-2n-del-cicle-de-gestio-administrativa-de-linstitut-crea-la-cooperativa-all-in-events","status":"publish","type":"post","link":"https:\/\/agora.xtec.cat\/insjosepvallverdu\/portada\/lalumnat-de-2n-del-cicle-de-gestio-administrativa-de-linstitut-crea-la-cooperativa-all-in-events\/","title":{"rendered":"L&#8217;alumnat de 2n del cicle de Gesti\u00f3 Administrativa de l&#8217;institut crea la cooperativa All in Events"},"content":{"rendered":"<p><a href=\"https:\/\/agora.xtec.cat\/insjosepvallverdu\/wp-content\/uploads\/usu1806\/2026\/04\/Allin-1.jpg\"><img loading=\"lazy\" decoding=\"async\" class=\"aligncenter size-full wp-image-17960\" src=\"https:\/\/agora.xtec.cat\/insjosepvallverdu\/wp-content\/uploads\/usu1806\/2026\/04\/Allin-1.jpg\" alt=\"\" width=\"2288\" height=\"1919\" srcset=\"https:\/\/agora.xtec.cat\/insjosepvallverdu\/wp-content\/uploads\/usu1806\/2026\/04\/Allin-1.jpg 2288w, https:\/\/agora.xtec.cat\/insjosepvallverdu\/wp-content\/uploads\/usu1806\/2026\/04\/Allin-1-300x252.jpg 300w, https:\/\/agora.xtec.cat\/insjosepvallverdu\/wp-content\/uploads\/usu1806\/2026\/04\/Allin-1-1024x859.jpg 1024w, https:\/\/agora.xtec.cat\/insjosepvallverdu\/wp-content\/uploads\/usu1806\/2026\/04\/Allin-1-768x644.jpg 768w, https:\/\/agora.xtec.cat\/insjosepvallverdu\/wp-content\/uploads\/usu1806\/2026\/04\/Allin-1-1536x1288.jpg 1536w, https:\/\/agora.xtec.cat\/insjosepvallverdu\/wp-content\/uploads\/usu1806\/2026\/04\/Allin-1-2048x1718.jpg 2048w\" sizes=\"auto, (max-width: 2288px) 100vw, 2288px\" \/><\/a><\/p>\n<p>L&#8217;estudiantat de 2n curs del Cicle Formatiu de Grau Mitj\u00e0 de Gesti\u00f3 Administrativa de l&#8217;Institut Josep Vallverd\u00fa ha creat la seva pr\u00f2pia cooperativa d&#8217;alumnes, en el marc del m\u00f2dul optatiu de cooperativisme.<\/p>\n<p>Aquesta cooperativa, batejada amb el nom d&#8217;All in Events, neix amb l&#8217;objectiu de crear i organitzar esdeveniments. La seva primera acci\u00f3 ha estat crear, dissenyar i distribuir la samarreta oficial de les Jornades Esportives celebrades al nostre centre durant els dies 26 i 27 de mar\u00e7 de 2026.<\/p>\n<p>En el\u00a0 marc d&#8217;aquest projecte, l&#8217;alumnat ha pogut realitzar les seg\u00fcents accions: fer difusi\u00f3 del seu producte, comercialitzar-lo dins del centre, contactar amb prove\u00efdors del territori, comparar opcions i gestionar enc\u00e0rrecs, aix\u00ed com tamb\u00e9 aplicar tasques reals de gesti\u00f3 i documentaci\u00f3 administrativa.<\/p>\n<p>Una activitat que ha perm\u00e8s a l&#8217;alumnat portar a la pr\u00e0ctica els coneixements apresos a l&#8217;aula i apropar-se a la realitat del m\u00f3n laboral.<\/p>\n<p>&nbsp;<\/p>\n<p>&nbsp;<\/p>\n","protected":false},"excerpt":{"rendered":"<p><a href=\"https:\/\/agora.xtec.cat\/insjosepvallverdu\/wp-content\/uploads\/usu1806\/2026\/04\/Allin-1.jpg\"><\/a><br \/>\nL&#8217;estudiantat de 2n curs del Cicle Formatiu de Grau Mitj\u00e0 de Gesti\u00f3 Administrativa de l&#8217;Institut Josep Vallverd\u00fa ha creat la seva pr\u00f2pia cooperativa d&#8217;alumnes, en el marc del m\u00f2dul optatiu de cooperativisme.<br \/>\nAquesta cooperativa, batejada amb el nom d&#8217;All in Events, neix amb l&#8217;objectiu de&hellip;  <a href=\"https:\/\/agora.xtec.cat\/insjosepvallverdu\/portada\/lalumnat-de-2n-del-cicle-de-gestio-administrativa-de-linstitut-crea-la-cooperativa-all-in-events\/\" title=\"Read L&#8217;alumnat de 2n del cicle de Gesti\u00f3 Administrativa de l&#8217;institut crea la cooperativa All in Events\">Llegeix m\u00e9s\u00bb<\/a><\/p>\n","protected":false},"author":8,"featured_media":17960,"comment_status":"closed","ping_status":"open","sticky":false,"template":"","format":"standard","meta":{"_bbp_topic_count":0,"_bbp_reply_count":0,"_bbp_total_topic_count":0,"_bbp_total_reply_count":0,"_bbp_voice_count":0,"_bbp_anonymous_reply_count":0,"_bbp_topic_count_hidden":0,"_bbp_reply_count_hidden":0,"_bbp_forum_subforum_count":0,"footnotes":""},"categories":[113,29],"tags":[938,996,846,901],"class_list":["post-17959","post","type-post","status-publish","format-standard","has-post-thumbnail","hentry","category-activitats","category-portada","tag-2025-2026","tag-all-in-events","tag-cfgm-de-gestio-administrativa","tag-cooperativisme"],"post_mailing_queue_ids":[],"_links":{"self":[{"href":"https:\/\/agora.xtec.cat\/insjosepvallverdu\/wp-json\/wp\/v2\/posts\/17959","targetHints":{"allow":["GET"]}}],"collection":[{"href":"https:\/\/agora.xtec.cat\/insjosepvallverdu\/wp-json\/wp\/v2\/posts"}],"about":[{"href":"https:\/\/agora.xtec.cat\/insjosepvallverdu\/wp-json\/wp\/v2\/types\/post"}],"author":[{"embeddable":true,"href":"https:\/\/agora.xtec.cat\/insjosepvallverdu\/wp-json\/wp\/v2\/users\/8"}],"replies":[{"embeddable":true,"href":"https:\/\/agora.xtec.cat\/insjosepvallverdu\/wp-json\/wp\/v2\/comments?post=17959"}],"version-history":[{"count":1,"href":"https:\/\/agora.xtec.cat\/insjosepvallverdu\/wp-json\/wp\/v2\/posts\/17959\/revisions"}],"predecessor-version":[{"id":17961,"href":"https:\/\/agora.xtec.cat\/insjosepvallverdu\/wp-json\/wp\/v2\/posts\/17959\/revisions\/17961"}],"wp:featuredmedia":[{"embeddable":true,"href":"https:\/\/agora.xtec.cat\/insjosepvallverdu\/wp-json\/wp\/v2\/media\/17960"}],"wp:attachment":[{"href":"https:\/\/agora.xtec.cat\/insjosepvallverdu\/wp-json\/wp\/v2\/media?parent=17959"}],"wp:term":[{"taxonomy":"category","embeddable":true,"href":"https:\/\/agora.xtec.cat\/insjosepvallverdu\/wp-json\/wp\/v2\/categories?post=17959"},{"taxonomy":"post_tag","embeddable":true,"href":"https:\/\/agora.xtec.cat\/insjosepvallverdu\/wp-json\/wp\/v2\/tags?post=17959"}],"curies":[{"name":"wp","href":"https:\/\/api.w.org\/{rel}","templated":true}]}}