{"id":17956,"date":"2026-04-10T11:14:08","date_gmt":"2026-04-10T09:14:08","guid":{"rendered":"https:\/\/agora.xtec.cat\/insjosepvallverdu\/?p=17956"},"modified":"2026-04-10T11:14:08","modified_gmt":"2026-04-10T09:14:08","slug":"un-grup-dalumnes-de-2n-batxillerat-de-linstitut-josep-vallverdu-participa-a-lolimpiada-deconomia","status":"publish","type":"post","link":"https:\/\/agora.xtec.cat\/insjosepvallverdu\/portada\/un-grup-dalumnes-de-2n-batxillerat-de-linstitut-josep-vallverdu-participa-a-lolimpiada-deconomia\/","title":{"rendered":"Un grup d&#8217;alumnes de 2n batxillerat de l&#8217;Institut Josep Vallverd\u00fa participa a l&#8217;Olimp\u00edada d&#8217;Economia"},"content":{"rendered":"<p><a href=\"https:\/\/agora.xtec.cat\/insjosepvallverdu\/wp-content\/uploads\/usu1806\/2026\/04\/Olimpiada.jpg\"><img loading=\"lazy\" decoding=\"async\" class=\"aligncenter size-full wp-image-17957\" src=\"https:\/\/agora.xtec.cat\/insjosepvallverdu\/wp-content\/uploads\/usu1806\/2026\/04\/Olimpiada.jpg\" alt=\"\" width=\"1271\" height=\"953\" srcset=\"https:\/\/agora.xtec.cat\/insjosepvallverdu\/wp-content\/uploads\/usu1806\/2026\/04\/Olimpiada.jpg 1271w, https:\/\/agora.xtec.cat\/insjosepvallverdu\/wp-content\/uploads\/usu1806\/2026\/04\/Olimpiada-300x225.jpg 300w, https:\/\/agora.xtec.cat\/insjosepvallverdu\/wp-content\/uploads\/usu1806\/2026\/04\/Olimpiada-1024x768.jpg 1024w, https:\/\/agora.xtec.cat\/insjosepvallverdu\/wp-content\/uploads\/usu1806\/2026\/04\/Olimpiada-768x576.jpg 768w, https:\/\/agora.xtec.cat\/insjosepvallverdu\/wp-content\/uploads\/usu1806\/2026\/04\/Olimpiada-200x150.jpg 200w\" sizes=\"auto, (max-width: 1271px) 100vw, 1271px\" \/><\/a><\/p>\n<p>El dijous 26 de mar\u00e7 de 2026, un grup d&#8217;alumnes de 2n de Batxillerat\u00a0 de l&#8217;Institut Josep Vallverd\u00fa va participar a la fase local lleidatana de l\u2019Olimp\u00edada d\u2019Economia.<\/p>\n<p>Aquesta fase de l&#8217;Olimp\u00edada es va celebrar <span style=\"font-family: inherit; font-size: 1em;\">a l\u2019edifici polivalent de la Universitat de Lleida i va estar organitzada per la Facultat de Dret i Economia de la mateixa UdL.<\/span><\/p>\n<p>Durant una hora i mitja, els alumnes van posar a prova els seus coneixements, les seves habilitats anal\u00edtiques i la seva capacitat de raonament en l\u2019\u00e0mbit econ\u00f2mic.<\/p>\n<p>Enhorabona a l\u2019alumnat participant per l\u2019esfor\u00e7 i la dedicaci\u00f3! Experi\u00e8ncies com aquesta s\u00f3n una gran oportunitat per cr\u00e9ixer acad\u00e8micament i personalment.<\/p>\n","protected":false},"excerpt":{"rendered":"<p><a href=\"https:\/\/agora.xtec.cat\/insjosepvallverdu\/wp-content\/uploads\/usu1806\/2026\/04\/Olimpiada.jpg\"><\/a><br \/>\nEl dijous 26 de mar\u00e7 de 2026, un grup d&#8217;alumnes de 2n de Batxillerat\u00a0 de l&#8217;Institut Josep Vallverd\u00fa va participar a la fase local lleidatana de l\u2019Olimp\u00edada d\u2019Economia.<br \/>\nAquesta fase de l&#8217;Olimp\u00edada es va celebrar a l\u2019edifici polivalent de la Universitat de Lleida i va&hellip;  <a href=\"https:\/\/agora.xtec.cat\/insjosepvallverdu\/portada\/un-grup-dalumnes-de-2n-batxillerat-de-linstitut-josep-vallverdu-participa-a-lolimpiada-deconomia\/\" title=\"Read Un grup d&#8217;alumnes de 2n batxillerat de l&#8217;Institut Josep Vallverd\u00fa participa a l&#8217;Olimp\u00edada d&#8217;Economia\">Llegeix m\u00e9s\u00bb<\/a><\/p>\n","protected":false},"author":8,"featured_media":17957,"comment_status":"closed","ping_status":"open","sticky":false,"template":"","format":"standard","meta":{"_bbp_topic_count":0,"_bbp_reply_count":0,"_bbp_total_topic_count":0,"_bbp_total_reply_count":0,"_bbp_voice_count":0,"_bbp_anonymous_reply_count":0,"_bbp_topic_count_hidden":0,"_bbp_reply_count_hidden":0,"_bbp_forum_subforum_count":0,"footnotes":""},"categories":[113,29],"tags":[938,373,340,583,358],"class_list":["post-17956","post","type-post","status-publish","format-standard","has-post-thumbnail","hentry","category-activitats","category-portada","tag-2025-2026","tag-2n-de-batxillerat","tag-economia","tag-olimpiada-deconomia","tag-udl"],"post_mailing_queue_ids":[],"_links":{"self":[{"href":"https:\/\/agora.xtec.cat\/insjosepvallverdu\/wp-json\/wp\/v2\/posts\/17956","targetHints":{"allow":["GET"]}}],"collection":[{"href":"https:\/\/agora.xtec.cat\/insjosepvallverdu\/wp-json\/wp\/v2\/posts"}],"about":[{"href":"https:\/\/agora.xtec.cat\/insjosepvallverdu\/wp-json\/wp\/v2\/types\/post"}],"author":[{"embeddable":true,"href":"https:\/\/agora.xtec.cat\/insjosepvallverdu\/wp-json\/wp\/v2\/users\/8"}],"replies":[{"embeddable":true,"href":"https:\/\/agora.xtec.cat\/insjosepvallverdu\/wp-json\/wp\/v2\/comments?post=17956"}],"version-history":[{"count":1,"href":"https:\/\/agora.xtec.cat\/insjosepvallverdu\/wp-json\/wp\/v2\/posts\/17956\/revisions"}],"predecessor-version":[{"id":17958,"href":"https:\/\/agora.xtec.cat\/insjosepvallverdu\/wp-json\/wp\/v2\/posts\/17956\/revisions\/17958"}],"wp:featuredmedia":[{"embeddable":true,"href":"https:\/\/agora.xtec.cat\/insjosepvallverdu\/wp-json\/wp\/v2\/media\/17957"}],"wp:attachment":[{"href":"https:\/\/agora.xtec.cat\/insjosepvallverdu\/wp-json\/wp\/v2\/media?parent=17956"}],"wp:term":[{"taxonomy":"category","embeddable":true,"href":"https:\/\/agora.xtec.cat\/insjosepvallverdu\/wp-json\/wp\/v2\/categories?post=17956"},{"taxonomy":"post_tag","embeddable":true,"href":"https:\/\/agora.xtec.cat\/insjosepvallverdu\/wp-json\/wp\/v2\/tags?post=17956"}],"curies":[{"name":"wp","href":"https:\/\/api.w.org\/{rel}","templated":true}]}}