{"id":17949,"date":"2026-04-09T11:40:03","date_gmt":"2026-04-09T09:40:03","guid":{"rendered":"https:\/\/agora.xtec.cat\/insjosepvallverdu\/?p=17949"},"modified":"2026-04-09T11:40:03","modified_gmt":"2026-04-09T09:40:03","slug":"un-grup-dagents-rurals-explica-a-lalumnat-de-2n-deso-de-linstitut-les-particularitats-de-lentorn-natural-de-les-garrigues","status":"publish","type":"post","link":"https:\/\/agora.xtec.cat\/insjosepvallverdu\/portada\/un-grup-dagents-rurals-explica-a-lalumnat-de-2n-deso-de-linstitut-les-particularitats-de-lentorn-natural-de-les-garrigues\/","title":{"rendered":"Un grup d&#8217;Agents Rurals explica a l&#8217;alumnat de 2n d&#8217;ESO de l&#8217;institut les particularitats de l&#8217;entorn natural de les Garrigues"},"content":{"rendered":"<p><a href=\"https:\/\/agora.xtec.cat\/insjosepvallverdu\/wp-content\/uploads\/usu1806\/2026\/04\/PHOTO-2026-04-08-09-11-09-1.jpg\"><img loading=\"lazy\" decoding=\"async\" class=\"aligncenter size-full wp-image-17950\" src=\"https:\/\/agora.xtec.cat\/insjosepvallverdu\/wp-content\/uploads\/usu1806\/2026\/04\/PHOTO-2026-04-08-09-11-09-1.jpg\" alt=\"\" width=\"2048\" height=\"1536\" srcset=\"https:\/\/agora.xtec.cat\/insjosepvallverdu\/wp-content\/uploads\/usu1806\/2026\/04\/PHOTO-2026-04-08-09-11-09-1.jpg 2048w, https:\/\/agora.xtec.cat\/insjosepvallverdu\/wp-content\/uploads\/usu1806\/2026\/04\/PHOTO-2026-04-08-09-11-09-1-300x225.jpg 300w, https:\/\/agora.xtec.cat\/insjosepvallverdu\/wp-content\/uploads\/usu1806\/2026\/04\/PHOTO-2026-04-08-09-11-09-1-1024x768.jpg 1024w, https:\/\/agora.xtec.cat\/insjosepvallverdu\/wp-content\/uploads\/usu1806\/2026\/04\/PHOTO-2026-04-08-09-11-09-1-768x576.jpg 768w, https:\/\/agora.xtec.cat\/insjosepvallverdu\/wp-content\/uploads\/usu1806\/2026\/04\/PHOTO-2026-04-08-09-11-09-1-1536x1152.jpg 1536w, https:\/\/agora.xtec.cat\/insjosepvallverdu\/wp-content\/uploads\/usu1806\/2026\/04\/PHOTO-2026-04-08-09-11-09-1-200x150.jpg 200w\" sizes=\"auto, (max-width: 2048px) 100vw, 2048px\" \/><\/a><\/p>\n<p>El dimarts 7 d&#8217;abril de 2026 els diferents grups de 2n d&#8217;ESO de l&#8217;Institut Josep Vallverd\u00fa van participar en una sessi\u00f3, impartida per dues Agents Rurals, que explicava les particularitats de l&#8217;entorn natural de la comarca de les Garrigues.<\/p>\n<p>Al marge d&#8217;aquesta exposici\u00f3, les agents tamb\u00e9 van aprofitar per donar a con\u00e8ixer la legislaci\u00f3 en relaci\u00f3 a la protecci\u00f3 de l&#8217;\u00e0mbit rural i les activitats que es poden o no realitzar en aquest espai.<\/p>\n<p><a href=\"https:\/\/agora.xtec.cat\/insjosepvallverdu\/wp-content\/uploads\/usu1806\/2026\/04\/IMG_3581-1-1-scaled.jpeg\"><img loading=\"lazy\" decoding=\"async\" class=\"aligncenter size-full wp-image-17951\" src=\"https:\/\/agora.xtec.cat\/insjosepvallverdu\/wp-content\/uploads\/usu1806\/2026\/04\/IMG_3581-1-1-scaled.jpeg\" alt=\"\" width=\"2560\" height=\"1440\" srcset=\"https:\/\/agora.xtec.cat\/insjosepvallverdu\/wp-content\/uploads\/usu1806\/2026\/04\/IMG_3581-1-1-scaled.jpeg 2560w, https:\/\/agora.xtec.cat\/insjosepvallverdu\/wp-content\/uploads\/usu1806\/2026\/04\/IMG_3581-1-1-300x169.jpeg 300w, https:\/\/agora.xtec.cat\/insjosepvallverdu\/wp-content\/uploads\/usu1806\/2026\/04\/IMG_3581-1-1-1024x576.jpeg 1024w, https:\/\/agora.xtec.cat\/insjosepvallverdu\/wp-content\/uploads\/usu1806\/2026\/04\/IMG_3581-1-1-768x432.jpeg 768w, https:\/\/agora.xtec.cat\/insjosepvallverdu\/wp-content\/uploads\/usu1806\/2026\/04\/IMG_3581-1-1-1536x864.jpeg 1536w, https:\/\/agora.xtec.cat\/insjosepvallverdu\/wp-content\/uploads\/usu1806\/2026\/04\/IMG_3581-1-1-2048x1152.jpeg 2048w\" sizes=\"auto, (max-width: 2560px) 100vw, 2560px\" \/><\/a><\/p>\n<p>L&#8217;alumnat de les diferents classes de 2n d&#8217;ESO va seguit amb molta atenci\u00f3 i molt d&#8217;inter\u00e8s aquesta xerrada, que fa anys que els Agents Rurals realitzen al nostre centre.<\/p>\n","protected":false},"excerpt":{"rendered":"<p><a href=\"https:\/\/agora.xtec.cat\/insjosepvallverdu\/wp-content\/uploads\/usu1806\/2026\/04\/PHOTO-2026-04-08-09-11-09-1.jpg\"><\/a><br \/>\nEl dimarts 7 d&#8217;abril de 2026 els diferents grups de 2n d&#8217;ESO de l&#8217;Institut Josep Vallverd\u00fa van participar en una sessi\u00f3, impartida per dues Agents Rurals, que explicava les particularitats de l&#8217;entorn natural de la comarca de les Garrigues.<br \/>\nAl marge d&#8217;aquesta exposici\u00f3, les agents&hellip;  <a href=\"https:\/\/agora.xtec.cat\/insjosepvallverdu\/portada\/un-grup-dagents-rurals-explica-a-lalumnat-de-2n-deso-de-linstitut-les-particularitats-de-lentorn-natural-de-les-garrigues\/\" title=\"Read Un grup d&#8217;Agents Rurals explica a l&#8217;alumnat de 2n d&#8217;ESO de l&#8217;institut les particularitats de l&#8217;entorn natural de les Garrigues\">Llegeix m\u00e9s\u00bb<\/a><\/p>\n","protected":false},"author":8,"featured_media":17950,"comment_status":"closed","ping_status":"open","sticky":false,"template":"","format":"standard","meta":{"_bbp_topic_count":0,"_bbp_reply_count":0,"_bbp_total_topic_count":0,"_bbp_total_reply_count":0,"_bbp_voice_count":0,"_bbp_anonymous_reply_count":0,"_bbp_topic_count_hidden":0,"_bbp_reply_count_hidden":0,"_bbp_forum_subforum_count":0,"footnotes":""},"categories":[113,29],"tags":[938,427,994,995,262],"class_list":["post-17949","post","type-post","status-publish","format-standard","has-post-thumbnail","hentry","category-activitats","category-portada","tag-2025-2026","tag-2n-deso","tag-agents-rurals","tag-entorn-natural-de-les-garrigues","tag-xerrada"],"post_mailing_queue_ids":[],"_links":{"self":[{"href":"https:\/\/agora.xtec.cat\/insjosepvallverdu\/wp-json\/wp\/v2\/posts\/17949","targetHints":{"allow":["GET"]}}],"collection":[{"href":"https:\/\/agora.xtec.cat\/insjosepvallverdu\/wp-json\/wp\/v2\/posts"}],"about":[{"href":"https:\/\/agora.xtec.cat\/insjosepvallverdu\/wp-json\/wp\/v2\/types\/post"}],"author":[{"embeddable":true,"href":"https:\/\/agora.xtec.cat\/insjosepvallverdu\/wp-json\/wp\/v2\/users\/8"}],"replies":[{"embeddable":true,"href":"https:\/\/agora.xtec.cat\/insjosepvallverdu\/wp-json\/wp\/v2\/comments?post=17949"}],"version-history":[{"count":1,"href":"https:\/\/agora.xtec.cat\/insjosepvallverdu\/wp-json\/wp\/v2\/posts\/17949\/revisions"}],"predecessor-version":[{"id":17952,"href":"https:\/\/agora.xtec.cat\/insjosepvallverdu\/wp-json\/wp\/v2\/posts\/17949\/revisions\/17952"}],"wp:featuredmedia":[{"embeddable":true,"href":"https:\/\/agora.xtec.cat\/insjosepvallverdu\/wp-json\/wp\/v2\/media\/17950"}],"wp:attachment":[{"href":"https:\/\/agora.xtec.cat\/insjosepvallverdu\/wp-json\/wp\/v2\/media?parent=17949"}],"wp:term":[{"taxonomy":"category","embeddable":true,"href":"https:\/\/agora.xtec.cat\/insjosepvallverdu\/wp-json\/wp\/v2\/categories?post=17949"},{"taxonomy":"post_tag","embeddable":true,"href":"https:\/\/agora.xtec.cat\/insjosepvallverdu\/wp-json\/wp\/v2\/tags?post=17949"}],"curies":[{"name":"wp","href":"https:\/\/api.w.org\/{rel}","templated":true}]}}