{"id":17945,"date":"2026-04-09T11:29:58","date_gmt":"2026-04-09T09:29:58","guid":{"rendered":"https:\/\/agora.xtec.cat\/insjosepvallverdu\/?p=17945"},"modified":"2026-04-09T11:29:58","modified_gmt":"2026-04-09T09:29:58","slug":"un-grup-dexalumnes-del-centre-participa-en-dues-taules-rodones-per-tal-de-transmetre-la-seva-experiencia-a-lalumnat-de-2n-de-batxillerat","status":"publish","type":"post","link":"https:\/\/agora.xtec.cat\/insjosepvallverdu\/portada\/un-grup-dexalumnes-del-centre-participa-en-dues-taules-rodones-per-tal-de-transmetre-la-seva-experiencia-a-lalumnat-de-2n-de-batxillerat\/","title":{"rendered":"Un grup d&#8217;exalumnes del centre participa en dues taules rodones per tal de transmetre la seva experi\u00e8ncia a l&#8217;alumnat de 2n de batxillerat"},"content":{"rendered":"<p>&nbsp;<\/p>\n<p><a href=\"https:\/\/agora.xtec.cat\/insjosepvallverdu\/wp-content\/uploads\/usu1806\/2026\/04\/IMG_3575-scaled.jpg\"><img loading=\"lazy\" decoding=\"async\" class=\"aligncenter size-full wp-image-17946\" src=\"https:\/\/agora.xtec.cat\/insjosepvallverdu\/wp-content\/uploads\/usu1806\/2026\/04\/IMG_3575-scaled.jpg\" alt=\"\" width=\"2560\" height=\"1920\" srcset=\"https:\/\/agora.xtec.cat\/insjosepvallverdu\/wp-content\/uploads\/usu1806\/2026\/04\/IMG_3575-scaled.jpg 2560w, https:\/\/agora.xtec.cat\/insjosepvallverdu\/wp-content\/uploads\/usu1806\/2026\/04\/IMG_3575-300x225.jpg 300w, https:\/\/agora.xtec.cat\/insjosepvallverdu\/wp-content\/uploads\/usu1806\/2026\/04\/IMG_3575-1024x768.jpg 1024w, https:\/\/agora.xtec.cat\/insjosepvallverdu\/wp-content\/uploads\/usu1806\/2026\/04\/IMG_3575-768x576.jpg 768w, https:\/\/agora.xtec.cat\/insjosepvallverdu\/wp-content\/uploads\/usu1806\/2026\/04\/IMG_3575-1536x1152.jpg 1536w, https:\/\/agora.xtec.cat\/insjosepvallverdu\/wp-content\/uploads\/usu1806\/2026\/04\/IMG_3575-2048x1536.jpg 2048w, https:\/\/agora.xtec.cat\/insjosepvallverdu\/wp-content\/uploads\/usu1806\/2026\/04\/IMG_3575-200x150.jpg 200w\" sizes=\"auto, (max-width: 2560px) 100vw, 2560px\" \/><\/a><\/p>\n<p>El dimarts 7 d&#8217;abril de 2026, en el marc de les activitats d&#8217;orientaci\u00f3 acad\u00e8mica que l&#8217;Institut Josep Vallverd\u00fa realitza destinades al seu alumnat de 2n de batxillerat, el centre va acollir dues taules rodones amb exalumnes de la casa.<\/p>\n<p>Durant aquesta sessi\u00f3, els antics alumnes, que actualment cursen estudis universitaris o cicles de formaci\u00f3 professional de grau superior, van compartir la seva experi\u00e8ncia acad\u00e8mica despr\u00e9s de passar per l&#8217;institut, <span style=\"font-family: inherit; font-size: 1em;\">explicant aspectes relacionats amb els estudis escollits, l\u2019adaptaci\u00f3 a la vida universit\u00e0ria i orientacions que poden ser d\u2019inter\u00e8s per als nostres alumnes en aquesta etapa final.<\/span><\/p>\n<p><a href=\"https:\/\/agora.xtec.cat\/insjosepvallverdu\/wp-content\/uploads\/usu1806\/2026\/04\/IMG_3577-scaled.jpg\"><img loading=\"lazy\" decoding=\"async\" class=\"aligncenter size-full wp-image-17947\" src=\"https:\/\/agora.xtec.cat\/insjosepvallverdu\/wp-content\/uploads\/usu1806\/2026\/04\/IMG_3577-scaled.jpg\" alt=\"\" width=\"2560\" height=\"1920\" srcset=\"https:\/\/agora.xtec.cat\/insjosepvallverdu\/wp-content\/uploads\/usu1806\/2026\/04\/IMG_3577-scaled.jpg 2560w, https:\/\/agora.xtec.cat\/insjosepvallverdu\/wp-content\/uploads\/usu1806\/2026\/04\/IMG_3577-300x225.jpg 300w, https:\/\/agora.xtec.cat\/insjosepvallverdu\/wp-content\/uploads\/usu1806\/2026\/04\/IMG_3577-1024x768.jpg 1024w, https:\/\/agora.xtec.cat\/insjosepvallverdu\/wp-content\/uploads\/usu1806\/2026\/04\/IMG_3577-768x576.jpg 768w, https:\/\/agora.xtec.cat\/insjosepvallverdu\/wp-content\/uploads\/usu1806\/2026\/04\/IMG_3577-1536x1152.jpg 1536w, https:\/\/agora.xtec.cat\/insjosepvallverdu\/wp-content\/uploads\/usu1806\/2026\/04\/IMG_3577-2048x1536.jpg 2048w, https:\/\/agora.xtec.cat\/insjosepvallverdu\/wp-content\/uploads\/usu1806\/2026\/04\/IMG_3577-200x150.jpg 200w\" sizes=\"auto, (max-width: 2560px) 100vw, 2560px\" \/><\/a><\/p>\n<p>Tot plegat, una activitat molt profitosa que ha de servir per ajudar a la orientaci\u00f3 acad\u00e8mica dels alumnes que enguany finalitzen els seus estudis de batxillerat.<\/p>\n","protected":false},"excerpt":{"rendered":"<p>&nbsp;<br \/>\n<a href=\"https:\/\/agora.xtec.cat\/insjosepvallverdu\/wp-content\/uploads\/usu1806\/2026\/04\/IMG_3575-scaled.jpg\"><\/a><br \/>\nEl dimarts 7 d&#8217;abril de 2026, en el marc de les activitats d&#8217;orientaci\u00f3 acad\u00e8mica que l&#8217;Institut Josep Vallverd\u00fa realitza destinades al seu alumnat de 2n de batxillerat, el centre va acollir dues taules rodones amb exalumnes de la casa.<br \/>\nDurant aquesta sessi\u00f3, els antics alumnes,&hellip;  <a href=\"https:\/\/agora.xtec.cat\/insjosepvallverdu\/portada\/un-grup-dexalumnes-del-centre-participa-en-dues-taules-rodones-per-tal-de-transmetre-la-seva-experiencia-a-lalumnat-de-2n-de-batxillerat\/\" title=\"Read Un grup d&#8217;exalumnes del centre participa en dues taules rodones per tal de transmetre la seva experi\u00e8ncia a l&#8217;alumnat de 2n de batxillerat\">Llegeix m\u00e9s\u00bb<\/a><\/p>\n","protected":false},"author":8,"featured_media":17947,"comment_status":"closed","ping_status":"open","sticky":false,"template":"","format":"standard","meta":{"_bbp_topic_count":0,"_bbp_reply_count":0,"_bbp_total_topic_count":0,"_bbp_total_reply_count":0,"_bbp_voice_count":0,"_bbp_anonymous_reply_count":0,"_bbp_topic_count_hidden":0,"_bbp_reply_count_hidden":0,"_bbp_forum_subforum_count":0,"footnotes":""},"categories":[113,29],"tags":[938,373,842,993],"class_list":["post-17945","post","type-post","status-publish","format-standard","has-post-thumbnail","hentry","category-activitats","category-portada","tag-2025-2026","tag-2n-de-batxillerat","tag-orientacio-academica","tag-taula-rodona-dexalumnes"],"post_mailing_queue_ids":[],"_links":{"self":[{"href":"https:\/\/agora.xtec.cat\/insjosepvallverdu\/wp-json\/wp\/v2\/posts\/17945","targetHints":{"allow":["GET"]}}],"collection":[{"href":"https:\/\/agora.xtec.cat\/insjosepvallverdu\/wp-json\/wp\/v2\/posts"}],"about":[{"href":"https:\/\/agora.xtec.cat\/insjosepvallverdu\/wp-json\/wp\/v2\/types\/post"}],"author":[{"embeddable":true,"href":"https:\/\/agora.xtec.cat\/insjosepvallverdu\/wp-json\/wp\/v2\/users\/8"}],"replies":[{"embeddable":true,"href":"https:\/\/agora.xtec.cat\/insjosepvallverdu\/wp-json\/wp\/v2\/comments?post=17945"}],"version-history":[{"count":1,"href":"https:\/\/agora.xtec.cat\/insjosepvallverdu\/wp-json\/wp\/v2\/posts\/17945\/revisions"}],"predecessor-version":[{"id":17948,"href":"https:\/\/agora.xtec.cat\/insjosepvallverdu\/wp-json\/wp\/v2\/posts\/17945\/revisions\/17948"}],"wp:featuredmedia":[{"embeddable":true,"href":"https:\/\/agora.xtec.cat\/insjosepvallverdu\/wp-json\/wp\/v2\/media\/17947"}],"wp:attachment":[{"href":"https:\/\/agora.xtec.cat\/insjosepvallverdu\/wp-json\/wp\/v2\/media?parent=17945"}],"wp:term":[{"taxonomy":"category","embeddable":true,"href":"https:\/\/agora.xtec.cat\/insjosepvallverdu\/wp-json\/wp\/v2\/categories?post=17945"},{"taxonomy":"post_tag","embeddable":true,"href":"https:\/\/agora.xtec.cat\/insjosepvallverdu\/wp-json\/wp\/v2\/tags?post=17945"}],"curies":[{"name":"wp","href":"https:\/\/api.w.org\/{rel}","templated":true}]}}