{"id":17941,"date":"2026-04-09T11:22:11","date_gmt":"2026-04-09T09:22:11","guid":{"rendered":"https:\/\/agora.xtec.cat\/insjosepvallverdu\/?p=17941"},"modified":"2026-04-09T11:22:11","modified_gmt":"2026-04-09T09:22:11","slug":"linstitut-josep-vallverdu-viu-la-seva-gran-festa-de-lesport-amb-la-celebracio-de-la-trenta-cinquena-edicio-de-les-jornades-esportives","status":"publish","type":"post","link":"https:\/\/agora.xtec.cat\/insjosepvallverdu\/portada\/linstitut-josep-vallverdu-viu-la-seva-gran-festa-de-lesport-amb-la-celebracio-de-la-trenta-cinquena-edicio-de-les-jornades-esportives\/","title":{"rendered":"L&#8217;Institut Josep Vallverd\u00fa viu la seva gran festa de l&#8217;esport amb la celebraci\u00f3 de la trenta-cinquena edici\u00f3 de les Jornades Esportives"},"content":{"rendered":"<p><a href=\"https:\/\/agora.xtec.cat\/insjosepvallverdu\/wp-content\/uploads\/usu1806\/2026\/04\/Jornades-1.jpg\"><img loading=\"lazy\" decoding=\"async\" class=\"aligncenter size-full wp-image-17943\" src=\"https:\/\/agora.xtec.cat\/insjosepvallverdu\/wp-content\/uploads\/usu1806\/2026\/04\/Jornades-1.jpg\" alt=\"\" width=\"836\" height=\"627\" srcset=\"https:\/\/agora.xtec.cat\/insjosepvallverdu\/wp-content\/uploads\/usu1806\/2026\/04\/Jornades-1.jpg 836w, https:\/\/agora.xtec.cat\/insjosepvallverdu\/wp-content\/uploads\/usu1806\/2026\/04\/Jornades-1-300x225.jpg 300w, https:\/\/agora.xtec.cat\/insjosepvallverdu\/wp-content\/uploads\/usu1806\/2026\/04\/Jornades-1-768x576.jpg 768w, https:\/\/agora.xtec.cat\/insjosepvallverdu\/wp-content\/uploads\/usu1806\/2026\/04\/Jornades-1-200x150.jpg 200w\" sizes=\"auto, (max-width: 836px) 100vw, 836px\" \/><\/a><\/p>\n<p>El dijous 26 i el divendres 27 de mar\u00e7 de 2026, seguint la tradici\u00f3 iniciada ara fa m\u00e9s de tres d\u00e8cades amb la celebraci\u00f3 de les 24 hores d\u2019esport i nom\u00e9s truncada per la pand\u00e8mia de la COVID-19, l\u2019Institut Josep Vallverd\u00fa es va tornar a omplir d\u2019esport i activitat f\u00edsica amb la disputa de la trenta-cinquena edici\u00f3 de les Jornades Esportives.<\/p>\n<p>Les pistes exteriors del centre, en el cas de l\u2019alumnat de 1r i 2n d\u2019ESO, i els pavellos municipals de l\u2019Oli i Francesc Maci\u00e0, en el cas del cicle superior de l\u2019ESO i de Batxillerat i Cicles Formatius, es van convertir en l\u2019escenari de m\u00faltiples competicions esportives que van fer les del\u00edcies de l\u2019alumnat tant per la seva esportivitat com per la seva emoci\u00f3.<\/p>\n<p><a href=\"https:\/\/agora.xtec.cat\/insjosepvallverdu\/wp-content\/uploads\/usu1806\/2026\/04\/Jornades_2.jpg\"><img loading=\"lazy\" decoding=\"async\" class=\"aligncenter size-full wp-image-17942\" src=\"https:\/\/agora.xtec.cat\/insjosepvallverdu\/wp-content\/uploads\/usu1806\/2026\/04\/Jornades_2.jpg\" alt=\"\" width=\"836\" height=\"627\" srcset=\"https:\/\/agora.xtec.cat\/insjosepvallverdu\/wp-content\/uploads\/usu1806\/2026\/04\/Jornades_2.jpg 836w, https:\/\/agora.xtec.cat\/insjosepvallverdu\/wp-content\/uploads\/usu1806\/2026\/04\/Jornades_2-300x225.jpg 300w, https:\/\/agora.xtec.cat\/insjosepvallverdu\/wp-content\/uploads\/usu1806\/2026\/04\/Jornades_2-768x576.jpg 768w, https:\/\/agora.xtec.cat\/insjosepvallverdu\/wp-content\/uploads\/usu1806\/2026\/04\/Jornades_2-200x150.jpg 200w\" sizes=\"auto, (max-width: 836px) 100vw, 836px\" \/><\/a><\/p>\n<p>Com sempre, les jornades es van inaugurar amb un ball a c\u00e0rrec de l\u2019alumnat de 1r de Batxillerat i amb la presentaci\u00f3 dels diferents equips que representaven totes i cadascuna de les diferents classes de l\u2019institut.<\/p>\n<p>Tot plegat, una activitat hist\u00f2rica i entranyable que continua ben viva tal i com podeu certificar en la <a href=\"https:\/\/photos.app.goo.gl\/JFwiWHiiUcbgNB2n7\" target=\"_blank\" rel=\"noopener\"><strong>galeria d\u2019imatges de les Jornades Esportives de 2026.<\/strong><\/a><\/p>\n","protected":false},"excerpt":{"rendered":"<p><a href=\"https:\/\/agora.xtec.cat\/insjosepvallverdu\/wp-content\/uploads\/usu1806\/2026\/04\/Jornades-1.jpg\"><\/a><br \/>\nEl dijous 26 i el divendres 27 de mar\u00e7 de 2026, seguint la tradici\u00f3 iniciada ara fa m\u00e9s de tres d\u00e8cades amb la celebraci\u00f3 de les 24 hores d\u2019esport i nom\u00e9s truncada per la pand\u00e8mia de la COVID-19, l\u2019Institut Josep Vallverd\u00fa es va tornar&hellip;  <a href=\"https:\/\/agora.xtec.cat\/insjosepvallverdu\/portada\/linstitut-josep-vallverdu-viu-la-seva-gran-festa-de-lesport-amb-la-celebracio-de-la-trenta-cinquena-edicio-de-les-jornades-esportives\/\" title=\"Read L&#8217;Institut Josep Vallverd\u00fa viu la seva gran festa de l&#8217;esport amb la celebraci\u00f3 de la trenta-cinquena edici\u00f3 de les Jornades Esportives\">Llegeix m\u00e9s\u00bb<\/a><\/p>\n","protected":false},"author":8,"featured_media":17943,"comment_status":"closed","ping_status":"open","sticky":false,"template":"","format":"standard","meta":{"_bbp_topic_count":0,"_bbp_reply_count":0,"_bbp_total_topic_count":0,"_bbp_total_reply_count":0,"_bbp_voice_count":0,"_bbp_anonymous_reply_count":0,"_bbp_topic_count_hidden":0,"_bbp_reply_count_hidden":0,"_bbp_forum_subforum_count":0,"footnotes":""},"categories":[113,29],"tags":[938,151],"class_list":["post-17941","post","type-post","status-publish","format-standard","has-post-thumbnail","hentry","category-activitats","category-portada","tag-2025-2026","tag-jornades-esportives"],"post_mailing_queue_ids":[],"_links":{"self":[{"href":"https:\/\/agora.xtec.cat\/insjosepvallverdu\/wp-json\/wp\/v2\/posts\/17941","targetHints":{"allow":["GET"]}}],"collection":[{"href":"https:\/\/agora.xtec.cat\/insjosepvallverdu\/wp-json\/wp\/v2\/posts"}],"about":[{"href":"https:\/\/agora.xtec.cat\/insjosepvallverdu\/wp-json\/wp\/v2\/types\/post"}],"author":[{"embeddable":true,"href":"https:\/\/agora.xtec.cat\/insjosepvallverdu\/wp-json\/wp\/v2\/users\/8"}],"replies":[{"embeddable":true,"href":"https:\/\/agora.xtec.cat\/insjosepvallverdu\/wp-json\/wp\/v2\/comments?post=17941"}],"version-history":[{"count":1,"href":"https:\/\/agora.xtec.cat\/insjosepvallverdu\/wp-json\/wp\/v2\/posts\/17941\/revisions"}],"predecessor-version":[{"id":17944,"href":"https:\/\/agora.xtec.cat\/insjosepvallverdu\/wp-json\/wp\/v2\/posts\/17941\/revisions\/17944"}],"wp:featuredmedia":[{"embeddable":true,"href":"https:\/\/agora.xtec.cat\/insjosepvallverdu\/wp-json\/wp\/v2\/media\/17943"}],"wp:attachment":[{"href":"https:\/\/agora.xtec.cat\/insjosepvallverdu\/wp-json\/wp\/v2\/media?parent=17941"}],"wp:term":[{"taxonomy":"category","embeddable":true,"href":"https:\/\/agora.xtec.cat\/insjosepvallverdu\/wp-json\/wp\/v2\/categories?post=17941"},{"taxonomy":"post_tag","embeddable":true,"href":"https:\/\/agora.xtec.cat\/insjosepvallverdu\/wp-json\/wp\/v2\/tags?post=17941"}],"curies":[{"name":"wp","href":"https:\/\/api.w.org\/{rel}","templated":true}]}}