{"id":17937,"date":"2026-04-09T11:15:39","date_gmt":"2026-04-09T09:15:39","guid":{"rendered":"https:\/\/agora.xtec.cat\/insjosepvallverdu\/?p=17937"},"modified":"2026-04-09T11:15:39","modified_gmt":"2026-04-09T09:15:39","slug":"linstitut-josep-vallverdu-va-acollir-lalumnat-de-la-flint-hill-school-de-washington-dc-en-el-marc-de-la-dotzena-edicio-de-lintercanvi-amb-aquest-centre-dels-eua","status":"publish","type":"post","link":"https:\/\/agora.xtec.cat\/insjosepvallverdu\/portada\/linstitut-josep-vallverdu-va-acollir-lalumnat-de-la-flint-hill-school-de-washington-dc-en-el-marc-de-la-dotzena-edicio-de-lintercanvi-amb-aquest-centre-dels-eua\/","title":{"rendered":"L&#8217;Institut Josep Vallverd\u00fa va acollir l&#8217;alumnat de la Flint Hill School de Washington DC en el marc de la dotzena edici\u00f3 de l&#8217;intercanvi amb aquest centre dels EUA"},"content":{"rendered":"<p><a href=\"https:\/\/agora.xtec.cat\/insjosepvallverdu\/wp-content\/uploads\/usu1806\/2026\/04\/EUA-1.jpg\"><img loading=\"lazy\" decoding=\"async\" class=\"aligncenter size-full wp-image-17939\" src=\"https:\/\/agora.xtec.cat\/insjosepvallverdu\/wp-content\/uploads\/usu1806\/2026\/04\/EUA-1.jpg\" alt=\"\" width=\"1271\" height=\"953\" srcset=\"https:\/\/agora.xtec.cat\/insjosepvallverdu\/wp-content\/uploads\/usu1806\/2026\/04\/EUA-1.jpg 1271w, https:\/\/agora.xtec.cat\/insjosepvallverdu\/wp-content\/uploads\/usu1806\/2026\/04\/EUA-1-300x225.jpg 300w, https:\/\/agora.xtec.cat\/insjosepvallverdu\/wp-content\/uploads\/usu1806\/2026\/04\/EUA-1-1024x768.jpg 1024w, https:\/\/agora.xtec.cat\/insjosepvallverdu\/wp-content\/uploads\/usu1806\/2026\/04\/EUA-1-768x576.jpg 768w, https:\/\/agora.xtec.cat\/insjosepvallverdu\/wp-content\/uploads\/usu1806\/2026\/04\/EUA-1-200x150.jpg 200w\" sizes=\"auto, (max-width: 1271px) 100vw, 1271px\" \/><\/a><\/p>\n<p>Aquest any hem celebrat el 12\u00e8 intercanvi entre l\u2019Institut Josep Vallverd\u00fa i la Flint Hill School de Virg\u00ednia (Washington DC) i aquesta vegada ens tocava fer d\u2019amfitrions! Han estat 10 dies intensos, plens d\u2019experi\u00e8ncies, aprenentatges i moments compartits que quedaran per sempre en la mem\u00f2ria dels nostres alumnes. El primer cap de setmana vam descobrir alguns dels racons m\u00e9s emblem\u00e0tics de Barcelona: Parc G\u00fcell, Sagrada Fam\u00edlia, Casa Batll\u00f3, el barri G\u00f2tic, la Catedral, la Rambla i el mercat de la Boqueria\u2026 una immersi\u00f3 total en la nostra cultura!<\/p>\n<p>Durant la setmana, els alumnes americans han assistit a classes a l\u2019institut i han participat en activitats conjuntes amb els nostres estudiants, combinant conviv\u00e8ncia i aprenentatge. Tamb\u00e9 hem mostrat el millor del nostre entorn a les Garrigues: cabanes de volta, Espai Maci\u00e0, Cal Gineret, el pou de gel de Juneda o la banqueta del canal d\u2019Urgell. I a Lleida ciutat: la Seu Vella, el carrer Major i fins i tot un assaig dels castellers! Han viscut tradicions \u00faniques com els correfocs amb els diables dels Borjuts i espectacles de focs artificials, descobrint la for\u00e7a de la cultura popular catalana.<\/p>\n<p><a href=\"https:\/\/agora.xtec.cat\/insjosepvallverdu\/wp-content\/uploads\/usu1806\/2026\/04\/EUA-2.jpg\"><img loading=\"lazy\" decoding=\"async\" class=\"aligncenter size-full wp-image-17938\" src=\"https:\/\/agora.xtec.cat\/insjosepvallverdu\/wp-content\/uploads\/usu1806\/2026\/04\/EUA-2.jpg\" alt=\"\" width=\"1271\" height=\"953\" srcset=\"https:\/\/agora.xtec.cat\/insjosepvallverdu\/wp-content\/uploads\/usu1806\/2026\/04\/EUA-2.jpg 1271w, https:\/\/agora.xtec.cat\/insjosepvallverdu\/wp-content\/uploads\/usu1806\/2026\/04\/EUA-2-300x225.jpg 300w, https:\/\/agora.xtec.cat\/insjosepvallverdu\/wp-content\/uploads\/usu1806\/2026\/04\/EUA-2-1024x768.jpg 1024w, https:\/\/agora.xtec.cat\/insjosepvallverdu\/wp-content\/uploads\/usu1806\/2026\/04\/EUA-2-768x576.jpg 768w, https:\/\/agora.xtec.cat\/insjosepvallverdu\/wp-content\/uploads\/usu1806\/2026\/04\/EUA-2-200x150.jpg 200w\" sizes=\"auto, (max-width: 1271px) 100vw, 1271px\" \/><\/a><\/p>\n<p>L\u2019intercanvi tamb\u00e9 ens ha portat a Saragossa, amb la visita a la Bas\u00edlica del Pilar, el Palau de l\u2019Aljafer\u00eda i un passeig pel centre hist\u00f2ric. A m\u00e9s, hem visitat la Cripta de la Col\u00f2nia G\u00fcell i Montserrat, amb el seu monestir, la Moreneta i l\u2019emocionant actuaci\u00f3 de l\u2019Escolania. I a Barcelona, Montju\u00efc ens ha obert les portes al MNAC, l\u2019Estadi Ol\u00edmpic i el Museu Ol\u00edmpic i de l\u2019Esport. El cap de setmana amb les fam\u00edlies ha estat la cirereta del past\u00eds: Tarragona, Cambrils, Poblet, Montblanc, la fira de Mollerussa\u2026 compartint cultura, tradicions i vida quotidiana.<\/p>\n<p>I vam posar el punt final amb un moment molt especial: un acte conjunt de fam\u00edlies, alumnes i professorat a la Cooperativa d\u2019Arbeca, compartint taula i rialles en una espectacular \u201cpaella\u201d de marisc per a gaireb\u00e9 50 persones. Un final de festa immillorable que resumeix l\u2019ess\u00e8ncia d\u2019aquest intercanvi: conviv\u00e8ncia, amistat i records inoblidables. Dotze edicions despr\u00e9s, aquest intercanvi continua demostrant que l\u2019educaci\u00f3 va molt m\u00e9s enll\u00e0 de les aules: crea vincles, obre ments i construeix ponts entre cultures.<\/p>\n<p>Gr\u00e0cies a totes les fam\u00edlies, professorat i alumnes per fer-ho possible!<\/p>\n<p>Si voleu reviure aquesta dotzena edici\u00f3 de l&#8217;intercanvi amb la Flint Hill School, no dubteu en visitar la seg\u00fcent<a href=\"https:\/\/photos.app.goo.gl\/ULyGYMzNgaeHxzWJ6\" target=\"_blank\" rel=\"noopener\"><strong> galeria fotogr\u00e0fica.<\/strong><\/a><\/p>\n","protected":false},"excerpt":{"rendered":"<p><a href=\"https:\/\/agora.xtec.cat\/insjosepvallverdu\/wp-content\/uploads\/usu1806\/2026\/04\/EUA-1.jpg\"><\/a><br \/>\nAquest any hem celebrat el 12\u00e8 intercanvi entre l\u2019Institut Josep Vallverd\u00fa i la Flint Hill School de Virg\u00ednia (Washington DC) i aquesta vegada ens tocava fer d\u2019amfitrions! Han estat 10 dies intensos, plens d\u2019experi\u00e8ncies, aprenentatges i moments compartits que quedaran per sempre en la&hellip;  <a href=\"https:\/\/agora.xtec.cat\/insjosepvallverdu\/portada\/linstitut-josep-vallverdu-va-acollir-lalumnat-de-la-flint-hill-school-de-washington-dc-en-el-marc-de-la-dotzena-edicio-de-lintercanvi-amb-aquest-centre-dels-eua\/\" title=\"Read L&#8217;Institut Josep Vallverd\u00fa va acollir l&#8217;alumnat de la Flint Hill School de Washington DC en el marc de la dotzena edici\u00f3 de l&#8217;intercanvi amb aquest centre dels EUA\">Llegeix m\u00e9s\u00bb<\/a><\/p>\n","protected":false},"author":8,"featured_media":17939,"comment_status":"closed","ping_status":"open","sticky":false,"template":"","format":"standard","meta":{"_bbp_topic_count":0,"_bbp_reply_count":0,"_bbp_total_topic_count":0,"_bbp_total_reply_count":0,"_bbp_voice_count":0,"_bbp_anonymous_reply_count":0,"_bbp_topic_count_hidden":0,"_bbp_reply_count_hidden":0,"_bbp_forum_subforum_count":0,"footnotes":""},"categories":[113,29],"tags":[938,352,353,208],"class_list":["post-17937","post","type-post","status-publish","format-standard","has-post-thumbnail","hentry","category-activitats","category-portada","tag-2025-2026","tag-eua","tag-flint-hill-school","tag-intercanvi"],"post_mailing_queue_ids":[],"_links":{"self":[{"href":"https:\/\/agora.xtec.cat\/insjosepvallverdu\/wp-json\/wp\/v2\/posts\/17937","targetHints":{"allow":["GET"]}}],"collection":[{"href":"https:\/\/agora.xtec.cat\/insjosepvallverdu\/wp-json\/wp\/v2\/posts"}],"about":[{"href":"https:\/\/agora.xtec.cat\/insjosepvallverdu\/wp-json\/wp\/v2\/types\/post"}],"author":[{"embeddable":true,"href":"https:\/\/agora.xtec.cat\/insjosepvallverdu\/wp-json\/wp\/v2\/users\/8"}],"replies":[{"embeddable":true,"href":"https:\/\/agora.xtec.cat\/insjosepvallverdu\/wp-json\/wp\/v2\/comments?post=17937"}],"version-history":[{"count":1,"href":"https:\/\/agora.xtec.cat\/insjosepvallverdu\/wp-json\/wp\/v2\/posts\/17937\/revisions"}],"predecessor-version":[{"id":17940,"href":"https:\/\/agora.xtec.cat\/insjosepvallverdu\/wp-json\/wp\/v2\/posts\/17937\/revisions\/17940"}],"wp:featuredmedia":[{"embeddable":true,"href":"https:\/\/agora.xtec.cat\/insjosepvallverdu\/wp-json\/wp\/v2\/media\/17939"}],"wp:attachment":[{"href":"https:\/\/agora.xtec.cat\/insjosepvallverdu\/wp-json\/wp\/v2\/media?parent=17937"}],"wp:term":[{"taxonomy":"category","embeddable":true,"href":"https:\/\/agora.xtec.cat\/insjosepvallverdu\/wp-json\/wp\/v2\/categories?post=17937"},{"taxonomy":"post_tag","embeddable":true,"href":"https:\/\/agora.xtec.cat\/insjosepvallverdu\/wp-json\/wp\/v2\/tags?post=17937"}],"curies":[{"name":"wp","href":"https:\/\/api.w.org\/{rel}","templated":true}]}}