{"id":1160,"date":"2026-02-19T19:38:40","date_gmt":"2026-02-19T18:38:40","guid":{"rendered":"https:\/\/agora.xtec.cat\/insjosefinacastellvi\/?p=1160"},"modified":"2026-02-19T19:39:21","modified_gmt":"2026-02-19T18:39:21","slug":"%f0%9f%8e%89gran-noticia-per-al-nostre-institut%f0%9f%8e%89","status":"publish","type":"post","link":"https:\/\/agora.xtec.cat\/insjosefinacastellvi\/portada\/%f0%9f%8e%89gran-noticia-per-al-nostre-institut%f0%9f%8e%89\/","title":{"rendered":"\ud83c\udf89Gran not\u00edcia per al nostre institut!\ud83c\udf89"},"content":{"rendered":"\n<p>L\u2019alumnat de 1r de Batxillerat ha guanyat la fase local de la Lliga del Debat i s\u2019ha classificat per a la fase final, que tindr\u00e0 lloc a Alacant del 20 al 22 d\u2019abril. Volem destacar tamb\u00e9 la implicaci\u00f3 de l\u2019alumnat de 4t d\u2019ESO, que ha col\u00b7laborat activament en la preparaci\u00f3 dels debats i ha contribu\u00eft a aquest gran resultat. Enhorabona a tot l\u2019equip, professorat incl\u00f2s, pel seu esfor\u00e7, comprom\u00eds i treball en equip!<\/p>\n\n\n\n<p>Continuem sumant \u00e8xits!<\/p>\n\n\n\n<p>Us convidem a veure el reportatge de l&#8217;Aula Oberta que 3cat va gravar al centre.<\/p>\n\n\n\n<p><a href=\"https:\/\/www.3cat.cat\/3cat\/debats-als-instituts-entrenar-loratoria-i-el-pensament-critic\/audio\/1270671\">https:\/\/www.3cat.cat\/3cat\/debats-als-instituts-entrenar-loratoria-i-el-pensament-critic\/audio\/1270671<\/a><\/p>\n\n\n\n<figure class=\"wp-block-gallery has-nested-images columns-2 is-cropped wp-block-gallery-1 is-layout-flex wp-block-gallery-is-layout-flex\">\n<figure class=\"wp-block-image size-large\"><a href=\"https:\/\/agora.xtec.cat\/insjosefinacastellvi\/wp-content\/uploads\/usu789\/2026\/02\/Foto-01.jpeg\"><img loading=\"lazy\" decoding=\"async\" width=\"1024\" height=\"576\" data-id=\"1162\" src=\"https:\/\/agora.xtec.cat\/insjosefinacastellvi\/wp-content\/uploads\/usu789\/2026\/02\/Foto-01-1024x576.jpeg\" alt=\"\" class=\"wp-image-1162\" srcset=\"https:\/\/agora.xtec.cat\/insjosefinacastellvi\/wp-content\/uploads\/usu789\/2026\/02\/Foto-01-1024x576.jpeg 1024w, https:\/\/agora.xtec.cat\/insjosefinacastellvi\/wp-content\/uploads\/usu789\/2026\/02\/Foto-01-300x169.jpeg 300w, https:\/\/agora.xtec.cat\/insjosefinacastellvi\/wp-content\/uploads\/usu789\/2026\/02\/Foto-01-768x432.jpeg 768w, https:\/\/agora.xtec.cat\/insjosefinacastellvi\/wp-content\/uploads\/usu789\/2026\/02\/Foto-01-1536x864.jpeg 1536w, https:\/\/agora.xtec.cat\/insjosefinacastellvi\/wp-content\/uploads\/usu789\/2026\/02\/Foto-01.jpeg 1600w\" sizes=\"auto, (max-width: 1024px) 100vw, 1024px\" \/><\/a><\/figure>\n\n\n\n<figure class=\"wp-block-image size-large\"><a href=\"https:\/\/agora.xtec.cat\/insjosefinacastellvi\/wp-content\/uploads\/usu789\/2026\/02\/Foto-02.jpeg\"><img loading=\"lazy\" decoding=\"async\" width=\"1024\" height=\"473\" data-id=\"1161\" src=\"https:\/\/agora.xtec.cat\/insjosefinacastellvi\/wp-content\/uploads\/usu789\/2026\/02\/Foto-02-1024x473.jpeg\" alt=\"\" class=\"wp-image-1161\" srcset=\"https:\/\/agora.xtec.cat\/insjosefinacastellvi\/wp-content\/uploads\/usu789\/2026\/02\/Foto-02-1024x473.jpeg 1024w, https:\/\/agora.xtec.cat\/insjosefinacastellvi\/wp-content\/uploads\/usu789\/2026\/02\/Foto-02-300x139.jpeg 300w, https:\/\/agora.xtec.cat\/insjosefinacastellvi\/wp-content\/uploads\/usu789\/2026\/02\/Foto-02-768x355.jpeg 768w, https:\/\/agora.xtec.cat\/insjosefinacastellvi\/wp-content\/uploads\/usu789\/2026\/02\/Foto-02-1536x710.jpeg 1536w, https:\/\/agora.xtec.cat\/insjosefinacastellvi\/wp-content\/uploads\/usu789\/2026\/02\/Foto-02.jpeg 2000w\" sizes=\"auto, (max-width: 1024px) 100vw, 1024px\" \/><\/a><\/figure>\n\n\n\n<figure class=\"wp-block-image size-large\"><a href=\"https:\/\/agora.xtec.cat\/insjosefinacastellvi\/wp-content\/uploads\/usu789\/2026\/02\/Foto-03.jpg\"><img loading=\"lazy\" decoding=\"async\" width=\"1024\" height=\"535\" data-id=\"1163\" src=\"https:\/\/agora.xtec.cat\/insjosefinacastellvi\/wp-content\/uploads\/usu789\/2026\/02\/Foto-03-1024x535.jpg\" alt=\"\" class=\"wp-image-1163\" srcset=\"https:\/\/agora.xtec.cat\/insjosefinacastellvi\/wp-content\/uploads\/usu789\/2026\/02\/Foto-03-1024x535.jpg 1024w, https:\/\/agora.xtec.cat\/insjosefinacastellvi\/wp-content\/uploads\/usu789\/2026\/02\/Foto-03-300x157.jpg 300w, https:\/\/agora.xtec.cat\/insjosefinacastellvi\/wp-content\/uploads\/usu789\/2026\/02\/Foto-03-768x401.jpg 768w, https:\/\/agora.xtec.cat\/insjosefinacastellvi\/wp-content\/uploads\/usu789\/2026\/02\/Foto-03.jpg 1280w\" sizes=\"auto, (max-width: 1024px) 100vw, 1024px\" \/><\/a><\/figure>\n\n\n\n<figure class=\"wp-block-image size-large\"><a href=\"https:\/\/agora.xtec.cat\/insjosefinacastellvi\/wp-content\/uploads\/usu789\/2026\/02\/Foto-04.jpeg\"><img loading=\"lazy\" decoding=\"async\" width=\"1024\" height=\"473\" data-id=\"1164\" src=\"https:\/\/agora.xtec.cat\/insjosefinacastellvi\/wp-content\/uploads\/usu789\/2026\/02\/Foto-04-1024x473.jpeg\" alt=\"\" class=\"wp-image-1164\" srcset=\"https:\/\/agora.xtec.cat\/insjosefinacastellvi\/wp-content\/uploads\/usu789\/2026\/02\/Foto-04-1024x473.jpeg 1024w, https:\/\/agora.xtec.cat\/insjosefinacastellvi\/wp-content\/uploads\/usu789\/2026\/02\/Foto-04-300x139.jpeg 300w, https:\/\/agora.xtec.cat\/insjosefinacastellvi\/wp-content\/uploads\/usu789\/2026\/02\/Foto-04-768x355.jpeg 768w, https:\/\/agora.xtec.cat\/insjosefinacastellvi\/wp-content\/uploads\/usu789\/2026\/02\/Foto-04-1536x710.jpeg 1536w, https:\/\/agora.xtec.cat\/insjosefinacastellvi\/wp-content\/uploads\/usu789\/2026\/02\/Foto-04.jpeg 2000w\" sizes=\"auto, (max-width: 1024px) 100vw, 1024px\" \/><\/a><\/figure>\n<\/figure>\n","protected":false},"excerpt":{"rendered":"<p>L\u2019alumnat de 1r de Batxillerat ha guanyat la fase local de la Lliga del Debat i s\u2019ha classificat per a la fase final, que tindr\u00e0 lloc a Alacant del 20 al 22 d\u2019abril. Volem destacar tamb\u00e9 la implicaci\u00f3 de l\u2019alumnat de 4t d\u2019ESO, que ha col\u00b7laborat activament en la preparaci\u00f3 dels debats i ha contribu\u00eft [&hellip;]<\/p>\n","protected":false},"author":1,"featured_media":1162,"comment_status":"open","ping_status":"open","sticky":false,"template":"","format":"standard","meta":{"site-sidebar-layout":"default","site-content-layout":"","ast-site-content-layout":"default","site-content-style":"default","site-sidebar-style":"default","ast-global-header-display":"","ast-banner-title-visibility":"","ast-main-header-display":"","ast-hfb-above-header-display":"","ast-hfb-below-header-display":"","ast-hfb-mobile-header-display":"","site-post-title":"","ast-breadcrumbs-content":"","ast-featured-img":"","footer-sml-layout":"","theme-transparent-header-meta":"","adv-header-id-meta":"","stick-header-meta":"","header-above-stick-meta":"","header-main-stick-meta":"","header-below-stick-meta":"","astra-migrate-meta-layouts":"set","ast-page-background-enabled":"default","ast-page-background-meta":{"desktop":{"background-color":"var(--ast-global-color-4)","background-image":"","background-repeat":"repeat","background-position":"center center","background-size":"auto","background-attachment":"scroll","background-type":"","background-media":"","overlay-type":"","overlay-color":"","overlay-opacity":"","overlay-gradient":""},"tablet":{"background-color":"","background-image":"","background-repeat":"repeat","background-position":"center center","background-size":"auto","background-attachment":"scroll","background-type":"","background-media":"","overlay-type":"","overlay-color":"","overlay-opacity":"","overlay-gradient":""},"mobile":{"background-color":"","background-image":"","background-repeat":"repeat","background-position":"center center","background-size":"auto","background-attachment":"scroll","background-type":"","background-media":"","overlay-type":"","overlay-color":"","overlay-opacity":"","overlay-gradient":""}},"ast-content-background-meta":{"desktop":{"background-color":"var(--ast-global-color-5)","background-image":"","background-repeat":"repeat","background-position":"center center","background-size":"auto","background-attachment":"scroll","background-type":"","background-media":"","overlay-type":"","overlay-color":"","overlay-opacity":"","overlay-gradient":""},"tablet":{"background-color":"var(--ast-global-color-5)","background-image":"","background-repeat":"repeat","background-position":"center center","background-size":"auto","background-attachment":"scroll","background-type":"","background-media":"","overlay-type":"","overlay-color":"","overlay-opacity":"","overlay-gradient":""},"mobile":{"background-color":"var(--ast-global-color-5)","background-image":"","background-repeat":"repeat","background-position":"center center","background-size":"auto","background-attachment":"scroll","background-type":"","background-media":"","overlay-type":"","overlay-color":"","overlay-opacity":"","overlay-gradient":""}},"footnotes":""},"categories":[29],"tags":[],"class_list":["post-1160","post","type-post","status-publish","format-standard","has-post-thumbnail","hentry","category-portada"],"post_mailing_queue_ids":[],"_links":{"self":[{"href":"https:\/\/agora.xtec.cat\/insjosefinacastellvi\/wp-json\/wp\/v2\/posts\/1160","targetHints":{"allow":["GET"]}}],"collection":[{"href":"https:\/\/agora.xtec.cat\/insjosefinacastellvi\/wp-json\/wp\/v2\/posts"}],"about":[{"href":"https:\/\/agora.xtec.cat\/insjosefinacastellvi\/wp-json\/wp\/v2\/types\/post"}],"author":[{"embeddable":true,"href":"https:\/\/agora.xtec.cat\/insjosefinacastellvi\/wp-json\/wp\/v2\/users\/1"}],"replies":[{"embeddable":true,"href":"https:\/\/agora.xtec.cat\/insjosefinacastellvi\/wp-json\/wp\/v2\/comments?post=1160"}],"version-history":[{"count":1,"href":"https:\/\/agora.xtec.cat\/insjosefinacastellvi\/wp-json\/wp\/v2\/posts\/1160\/revisions"}],"predecessor-version":[{"id":1165,"href":"https:\/\/agora.xtec.cat\/insjosefinacastellvi\/wp-json\/wp\/v2\/posts\/1160\/revisions\/1165"}],"wp:featuredmedia":[{"embeddable":true,"href":"https:\/\/agora.xtec.cat\/insjosefinacastellvi\/wp-json\/wp\/v2\/media\/1162"}],"wp:attachment":[{"href":"https:\/\/agora.xtec.cat\/insjosefinacastellvi\/wp-json\/wp\/v2\/media?parent=1160"}],"wp:term":[{"taxonomy":"category","embeddable":true,"href":"https:\/\/agora.xtec.cat\/insjosefinacastellvi\/wp-json\/wp\/v2\/categories?post=1160"},{"taxonomy":"post_tag","embeddable":true,"href":"https:\/\/agora.xtec.cat\/insjosefinacastellvi\/wp-json\/wp\/v2\/tags?post=1160"}],"curies":[{"name":"wp","href":"https:\/\/api.w.org\/{rel}","templated":true}]}}