{"id":1142,"date":"2026-02-08T09:04:21","date_gmt":"2026-02-08T08:04:21","guid":{"rendered":"https:\/\/agora.xtec.cat\/insjosefinacastellvi\/?p=1142"},"modified":"2026-02-19T19:30:15","modified_gmt":"2026-02-19T18:30:15","slug":"adeu-josefina-castellvi","status":"publish","type":"post","link":"https:\/\/agora.xtec.cat\/insjosefinacastellvi\/portada\/adeu-josefina-castellvi\/","title":{"rendered":"Ad\u00e9u Josefina Castellv\u00ed"},"content":{"rendered":"\n<figure class=\"wp-block-image size-large\"><a href=\"https:\/\/agora.xtec.cat\/insjosefinacastellvi\/wp-content\/uploads\/usu789\/2026\/02\/Josefina-Castellvi-3.pdf.png\"><img loading=\"lazy\" decoding=\"async\" width=\"1024\" height=\"576\" src=\"https:\/\/agora.xtec.cat\/insjosefinacastellvi\/wp-content\/uploads\/usu789\/2026\/02\/Josefina-Castellvi-3.pdf-1024x576.png\" alt=\"\" class=\"wp-image-1143\" srcset=\"https:\/\/agora.xtec.cat\/insjosefinacastellvi\/wp-content\/uploads\/usu789\/2026\/02\/Josefina-Castellvi-3.pdf-1024x576.png 1024w, https:\/\/agora.xtec.cat\/insjosefinacastellvi\/wp-content\/uploads\/usu789\/2026\/02\/Josefina-Castellvi-3.pdf-300x169.png 300w, https:\/\/agora.xtec.cat\/insjosefinacastellvi\/wp-content\/uploads\/usu789\/2026\/02\/Josefina-Castellvi-3.pdf-768x432.png 768w, https:\/\/agora.xtec.cat\/insjosefinacastellvi\/wp-content\/uploads\/usu789\/2026\/02\/Josefina-Castellvi-3.pdf-1536x864.png 1536w, https:\/\/agora.xtec.cat\/insjosefinacastellvi\/wp-content\/uploads\/usu789\/2026\/02\/Josefina-Castellvi-3.pdf.png 1920w\" sizes=\"auto, (max-width: 1024px) 100vw, 1024px\" \/><\/a><\/figure>\n\n\n\n<p>Amb tristesa recordem Josefina Castellv\u00ed i Piulachs, bi\u00f2loga marina i ocean\u00f2grafa, pionera de la recerca cient\u00edfica a l&#8217;Ant\u00e0rtida i referent indiscutible de la ci\u00e8ncia catalana. Va ser la primera dona a dirigir una base cient\u00edfica espanyola a l&#8217;Ant\u00e0rtida i va dedicar tota la seva vida a l&#8217;estudi del mar i a la divulgaci\u00f3 cient\u00edfica.<\/p>\n\n\n\n<p>El seu comprom\u00eds, la seva valentia i la seva passi\u00f3 pel coneixement continuen inspirant generacions d&#8217;estudiants i cient\u00edfiques.<\/p>\n\n\n\n<p>Gr\u00e0cies pel teu llegat, Josefina.<\/p>\n\n\n\n<p>Sempre formar\u00e0s part de la nostra escola.<\/p>\n\n\n\n<p><\/p>\n","protected":false},"excerpt":{"rendered":"<p>Amb tristesa recordem Josefina Castellv\u00ed i Piulachs, bi\u00f2loga marina i ocean\u00f2grafa, pionera de la recerca cient\u00edfica a l&#8217;Ant\u00e0rtida i referent indiscutible de la ci\u00e8ncia catalana. Va ser la primera dona a dirigir una base cient\u00edfica espanyola a l&#8217;Ant\u00e0rtida i va dedicar tota la seva vida a l&#8217;estudi del mar i a la divulgaci\u00f3 cient\u00edfica.<\/p>\n","protected":false},"author":1,"featured_media":1144,"comment_status":"open","ping_status":"open","sticky":false,"template":"","format":"standard","meta":{"site-sidebar-layout":"default","site-content-layout":"","ast-site-content-layout":"default","site-content-style":"default","site-sidebar-style":"default","ast-global-header-display":"","ast-banner-title-visibility":"","ast-main-header-display":"","ast-hfb-above-header-display":"","ast-hfb-below-header-display":"","ast-hfb-mobile-header-display":"","site-post-title":"","ast-breadcrumbs-content":"","ast-featured-img":"disabled","footer-sml-layout":"","theme-transparent-header-meta":"","adv-header-id-meta":"","stick-header-meta":"","header-above-stick-meta":"","header-main-stick-meta":"","header-below-stick-meta":"","astra-migrate-meta-layouts":"set","ast-page-background-enabled":"default","ast-page-background-meta":{"desktop":{"background-color":"var(--ast-global-color-4)","background-image":"","background-repeat":"repeat","background-position":"center center","background-size":"auto","background-attachment":"scroll","background-type":"","background-media":"","overlay-type":"","overlay-color":"","overlay-opacity":"","overlay-gradient":""},"tablet":{"background-color":"","background-image":"","background-repeat":"repeat","background-position":"center center","background-size":"auto","background-attachment":"scroll","background-type":"","background-media":"","overlay-type":"","overlay-color":"","overlay-opacity":"","overlay-gradient":""},"mobile":{"background-color":"","background-image":"","background-repeat":"repeat","background-position":"center center","background-size":"auto","background-attachment":"scroll","background-type":"","background-media":"","overlay-type":"","overlay-color":"","overlay-opacity":"","overlay-gradient":""}},"ast-content-background-meta":{"desktop":{"background-color":"var(--ast-global-color-5)","background-image":"","background-repeat":"repeat","background-position":"center center","background-size":"auto","background-attachment":"scroll","background-type":"","background-media":"","overlay-type":"","overlay-color":"","overlay-opacity":"","overlay-gradient":""},"tablet":{"background-color":"var(--ast-global-color-5)","background-image":"","background-repeat":"repeat","background-position":"center center","background-size":"auto","background-attachment":"scroll","background-type":"","background-media":"","overlay-type":"","overlay-color":"","overlay-opacity":"","overlay-gradient":""},"mobile":{"background-color":"var(--ast-global-color-5)","background-image":"","background-repeat":"repeat","background-position":"center center","background-size":"auto","background-attachment":"scroll","background-type":"","background-media":"","overlay-type":"","overlay-color":"","overlay-opacity":"","overlay-gradient":""}},"footnotes":""},"categories":[29],"tags":[],"class_list":["post-1142","post","type-post","status-publish","format-standard","has-post-thumbnail","hentry","category-portada"],"post_mailing_queue_ids":[],"_links":{"self":[{"href":"https:\/\/agora.xtec.cat\/insjosefinacastellvi\/wp-json\/wp\/v2\/posts\/1142","targetHints":{"allow":["GET"]}}],"collection":[{"href":"https:\/\/agora.xtec.cat\/insjosefinacastellvi\/wp-json\/wp\/v2\/posts"}],"about":[{"href":"https:\/\/agora.xtec.cat\/insjosefinacastellvi\/wp-json\/wp\/v2\/types\/post"}],"author":[{"embeddable":true,"href":"https:\/\/agora.xtec.cat\/insjosefinacastellvi\/wp-json\/wp\/v2\/users\/1"}],"replies":[{"embeddable":true,"href":"https:\/\/agora.xtec.cat\/insjosefinacastellvi\/wp-json\/wp\/v2\/comments?post=1142"}],"version-history":[{"count":3,"href":"https:\/\/agora.xtec.cat\/insjosefinacastellvi\/wp-json\/wp\/v2\/posts\/1142\/revisions"}],"predecessor-version":[{"id":1147,"href":"https:\/\/agora.xtec.cat\/insjosefinacastellvi\/wp-json\/wp\/v2\/posts\/1142\/revisions\/1147"}],"wp:featuredmedia":[{"embeddable":true,"href":"https:\/\/agora.xtec.cat\/insjosefinacastellvi\/wp-json\/wp\/v2\/media\/1144"}],"wp:attachment":[{"href":"https:\/\/agora.xtec.cat\/insjosefinacastellvi\/wp-json\/wp\/v2\/media?parent=1142"}],"wp:term":[{"taxonomy":"category","embeddable":true,"href":"https:\/\/agora.xtec.cat\/insjosefinacastellvi\/wp-json\/wp\/v2\/categories?post=1142"},{"taxonomy":"post_tag","embeddable":true,"href":"https:\/\/agora.xtec.cat\/insjosefinacastellvi\/wp-json\/wp\/v2\/tags?post=1142"}],"curies":[{"name":"wp","href":"https:\/\/api.w.org\/{rel}","templated":true}]}}