{"id":8888,"date":"2022-04-21T14:39:48","date_gmt":"2022-04-21T12:39:48","guid":{"rendered":"https:\/\/agora.xtec.cat\/insjoanmercader\/?p=8888"},"modified":"2022-04-21T14:40:17","modified_gmt":"2022-04-21T12:40:17","slug":"els-estudiants-del-mupfs-acabem-les-practiques-al-joan-mercader","status":"publish","type":"post","link":"https:\/\/agora.xtec.cat\/insjoanmercader\/general\/els-estudiants-del-mupfs-acabem-les-practiques-al-joan-mercader\/","title":{"rendered":"Els estudiants del MUPFS acabem les pr\u00e0ctiques al Joan Mercader"},"content":{"rendered":"<p>Els estudiants de pr\u00e0ctiques del M\u00e0ster de Formaci\u00f3 del Professorat hem acabat la nostra estada a l\u2019institut Joan Mercader. Aquesta etapa ha culminat la nostra formaci\u00f3 com a docents i ha complementat all\u00f2 que hem apr\u00e8s te\u00f2ricament a la Universitat. Agra\u00efm a l\u2019institut l\u2019oportunitat que ens ha brindat, ha sigut molt enriquidor poder impregnar-nos del funcionament del centre i poder interactuar amb alumnat i professorat.<\/p>\n<p>L\u2019experi\u00e8ncia dels docents i el <em>feedback<\/em> dels alumnes ens ha servit per construir-nos com a educadors i poder donar resposta a dubtes i inquietuds que \u00fanicament la viv\u00e8ncia pr\u00e0ctica pot solucionar. Dels molts aprenentatges que hem adquirit al Joan Mercader, el m\u00e9s significatiu \u00e9s que la tasca docent requereix una vocaci\u00f3 que es cultiva dia a dia, i que darrere de totes les activitats proposades hi ha moltes hores de feina i dedicaci\u00f3. Alumnat i professorat construeixen plegats el curr\u00edculum, que en definitiva \u00e9s tot all\u00f2 que passa a l\u2019aula; ja sigui una classe te\u00f2rica, un treball en grup, una recerca guiada o la interacci\u00f3 entre els companys i companyes de classe.<\/p>\n<p>L\u2019Institut Joan Mercader t\u00e9 projectes innovadors que s\u2019ajusten a la realitat de la societat global, i alhora els treballen des d\u2019una perspectiva local. Iniciatives com \u201cEl Dia Digital\u201d, \u201cL\u2019Hora de Lectura\u201d, excursions per Igualada i al seu entorn mostren un inter\u00e8s per desenvolupar sinergies entre els alumnes i tot all\u00f2 que els envolta, tot preparant-los pel futur que els espera.<\/p>\n<p>El que m\u00e9s ens ha agradat del centre \u00e9s el seu tracte proper, tant amb l\u2019equip directiu com amb els docents i l\u2019alumnat. Hem tingut ocasi\u00f3 de veure diferents maneres d\u2019ensenyar i d\u2019aprendre, metodologies diverses de les quals hem obtingut un coneixement immens. A m\u00e9s a m\u00e9s, el centre ens ha ofert l\u2019oportunitat de dur a terme la unitat did\u00e0ctica que hem dissenyat a la Universitat i veure com funcionava a l\u2019aula. Aquesta experi\u00e8ncia ha enriquit la nostra formaci\u00f3 i hem pogut detectar punts forts a conservar i punts febles a polir de cara al futur. No ens hem limitat a observar, sin\u00f3 que hem pogut formar part del centre activament.<\/p>\n<p>Les nostres pr\u00e0ctiques han acabat, per\u00f2 ens enduem un trosset de l\u2019institut Joan Mercader amb nosaltres, especialment dels i les alumnes que han donat sentit a la nostra estada aqu\u00ed. Moltes gr\u00e0cies a tothom!<\/p>\n<p>Nil Requena (Estudiant del MUPFS)<\/p>\n<table style=\"border-collapse: collapse; width: 100%;\">\n<tbody>\n<tr>\n<td style=\"width: 50%;\"><a href=\"https:\/\/agora.xtec.cat\/insjoanmercader\/wp-content\/uploads\/usu427\/2022\/04\/Foto-Nil-1-scaled.jpeg\"><img loading=\"lazy\" decoding=\"async\" class=\"alignnone size-large wp-image-8889\" src=\"https:\/\/agora.xtec.cat\/insjoanmercader\/wp-content\/uploads\/usu427\/2022\/04\/Foto-Nil-1-768x1024.jpeg\" alt=\"\" width=\"768\" height=\"1024\" srcset=\"https:\/\/agora.xtec.cat\/insjoanmercader\/wp-content\/uploads\/usu427\/2022\/04\/Foto-Nil-1-768x1024.jpeg 768w, https:\/\/agora.xtec.cat\/insjoanmercader\/wp-content\/uploads\/usu427\/2022\/04\/Foto-Nil-1-225x300.jpeg 225w, https:\/\/agora.xtec.cat\/insjoanmercader\/wp-content\/uploads\/usu427\/2022\/04\/Foto-Nil-1-1152x1536.jpeg 1152w, https:\/\/agora.xtec.cat\/insjoanmercader\/wp-content\/uploads\/usu427\/2022\/04\/Foto-Nil-1-1536x2048.jpeg 1536w, https:\/\/agora.xtec.cat\/insjoanmercader\/wp-content\/uploads\/usu427\/2022\/04\/Foto-Nil-1-scaled.jpeg 1920w\" sizes=\"auto, (max-width: 768px) 100vw, 768px\" \/><\/a><\/td>\n<td style=\"width: 50%;\"><a href=\"https:\/\/agora.xtec.cat\/insjoanmercader\/wp-content\/uploads\/usu427\/2022\/04\/Foto-Nil-i-Toni.jpg\"><img loading=\"lazy\" decoding=\"async\" class=\"alignnone size-large wp-image-8891\" src=\"https:\/\/agora.xtec.cat\/insjoanmercader\/wp-content\/uploads\/usu427\/2022\/04\/Foto-Nil-i-Toni-768x1024.jpg\" alt=\"\" width=\"768\" height=\"1024\" srcset=\"https:\/\/agora.xtec.cat\/insjoanmercader\/wp-content\/uploads\/usu427\/2022\/04\/Foto-Nil-i-Toni-768x1024.jpg 768w, https:\/\/agora.xtec.cat\/insjoanmercader\/wp-content\/uploads\/usu427\/2022\/04\/Foto-Nil-i-Toni-225x300.jpg 225w, https:\/\/agora.xtec.cat\/insjoanmercader\/wp-content\/uploads\/usu427\/2022\/04\/Foto-Nil-i-Toni-1152x1536.jpg 1152w, https:\/\/agora.xtec.cat\/insjoanmercader\/wp-content\/uploads\/usu427\/2022\/04\/Foto-Nil-i-Toni.jpg 1512w\" sizes=\"auto, (max-width: 768px) 100vw, 768px\" \/><\/a><\/td>\n<\/tr>\n<\/tbody>\n<\/table>\n","protected":false},"excerpt":{"rendered":"<p>Els estudiants de pr\u00e0ctiques del M\u00e0ster de Formaci\u00f3 del Professorat hem acabat la nostra estada a l\u2019institut Joan Mercader. Aquesta etapa ha culminat la nostra formaci\u00f3 com a docents i ha complementat all\u00f2 que hem apr\u00e8s te\u00f2ricament a la Universitat. Agra\u00efm a l\u2019institut l\u2019oportunitat que ens ha brindat, ha sigut molt enriquidor poder impregnar-nos del [&hellip;]<\/p>\n","protected":false},"author":88,"featured_media":8890,"comment_status":"closed","ping_status":"closed","sticky":false,"template":"","format":"standard","meta":{"_bbp_topic_count":0,"_bbp_reply_count":0,"_bbp_total_topic_count":0,"_bbp_total_reply_count":0,"_bbp_voice_count":0,"_bbp_anonymous_reply_count":0,"_bbp_topic_count_hidden":0,"_bbp_reply_count_hidden":0,"_bbp_forum_subforum_count":0,"site-sidebar-layout":"default","site-content-layout":"","ast-site-content-layout":"","site-content-style":"default","site-sidebar-style":"default","ast-global-header-display":"","ast-banner-title-visibility":"","ast-main-header-display":"","ast-hfb-above-header-display":"","ast-hfb-below-header-display":"","ast-hfb-mobile-header-display":"","site-post-title":"","ast-breadcrumbs-content":"","ast-featured-img":"","footer-sml-layout":"","theme-transparent-header-meta":"","adv-header-id-meta":"","stick-header-meta":"","header-above-stick-meta":"","header-main-stick-meta":"","header-below-stick-meta":"","astra-migrate-meta-layouts":"default","ast-page-background-enabled":"default","ast-page-background-meta":{"desktop":{"background-color":"var(--ast-global-color-4)","background-image":"","background-repeat":"repeat","background-position":"center center","background-size":"auto","background-attachment":"scroll","background-type":"","background-media":"","overlay-type":"","overlay-color":"","overlay-opacity":"","overlay-gradient":""},"tablet":{"background-color":"","background-image":"","background-repeat":"repeat","background-position":"center center","background-size":"auto","background-attachment":"scroll","background-type":"","background-media":"","overlay-type":"","overlay-color":"","overlay-opacity":"","overlay-gradient":""},"mobile":{"background-color":"","background-image":"","background-repeat":"repeat","background-position":"center center","background-size":"auto","background-attachment":"scroll","background-type":"","background-media":"","overlay-type":"","overlay-color":"","overlay-opacity":"","overlay-gradient":""}},"ast-content-background-meta":{"desktop":{"background-color":"var(--ast-global-color-5)","background-image":"","background-repeat":"repeat","background-position":"center center","background-size":"auto","background-attachment":"scroll","background-type":"","background-media":"","overlay-type":"","overlay-color":"","overlay-opacity":"","overlay-gradient":""},"tablet":{"background-color":"var(--ast-global-color-5)","background-image":"","background-repeat":"repeat","background-position":"center center","background-size":"auto","background-attachment":"scroll","background-type":"","background-media":"","overlay-type":"","overlay-color":"","overlay-opacity":"","overlay-gradient":""},"mobile":{"background-color":"var(--ast-global-color-5)","background-image":"","background-repeat":"repeat","background-position":"center center","background-size":"auto","background-attachment":"scroll","background-type":"","background-media":"","overlay-type":"","overlay-color":"","overlay-opacity":"","overlay-gradient":""}},"footnotes":""},"categories":[199,167,3,1,29,88],"tags":[],"class_list":["post-8888","post","type-post","status-publish","format-standard","has-post-thumbnail","hentry","category-centre-formador-mupfs","category-docents","category-eso","category-general","category-portada","category-revista-mercaderies"],"post_mailing_queue_ids":[],"_links":{"self":[{"href":"https:\/\/agora.xtec.cat\/insjoanmercader\/wp-json\/wp\/v2\/posts\/8888","targetHints":{"allow":["GET"]}}],"collection":[{"href":"https:\/\/agora.xtec.cat\/insjoanmercader\/wp-json\/wp\/v2\/posts"}],"about":[{"href":"https:\/\/agora.xtec.cat\/insjoanmercader\/wp-json\/wp\/v2\/types\/post"}],"author":[{"embeddable":true,"href":"https:\/\/agora.xtec.cat\/insjoanmercader\/wp-json\/wp\/v2\/users\/88"}],"replies":[{"embeddable":true,"href":"https:\/\/agora.xtec.cat\/insjoanmercader\/wp-json\/wp\/v2\/comments?post=8888"}],"version-history":[{"count":2,"href":"https:\/\/agora.xtec.cat\/insjoanmercader\/wp-json\/wp\/v2\/posts\/8888\/revisions"}],"predecessor-version":[{"id":8893,"href":"https:\/\/agora.xtec.cat\/insjoanmercader\/wp-json\/wp\/v2\/posts\/8888\/revisions\/8893"}],"wp:featuredmedia":[{"embeddable":true,"href":"https:\/\/agora.xtec.cat\/insjoanmercader\/wp-json\/wp\/v2\/media\/8890"}],"wp:attachment":[{"href":"https:\/\/agora.xtec.cat\/insjoanmercader\/wp-json\/wp\/v2\/media?parent=8888"}],"wp:term":[{"taxonomy":"category","embeddable":true,"href":"https:\/\/agora.xtec.cat\/insjoanmercader\/wp-json\/wp\/v2\/categories?post=8888"},{"taxonomy":"post_tag","embeddable":true,"href":"https:\/\/agora.xtec.cat\/insjoanmercader\/wp-json\/wp\/v2\/tags?post=8888"}],"curies":[{"name":"wp","href":"https:\/\/api.w.org\/{rel}","templated":true}]}}