{"id":8872,"date":"2022-04-08T21:11:56","date_gmt":"2022-04-08T19:11:56","guid":{"rendered":"https:\/\/agora.xtec.cat\/insjoanmercader\/?p=8872"},"modified":"2022-04-08T21:11:56","modified_gmt":"2022-04-08T19:11:56","slug":"alumne-mupfs-a-cultura-i-valors","status":"publish","type":"post","link":"https:\/\/agora.xtec.cat\/insjoanmercader\/general\/alumne-mupfs-a-cultura-i-valors\/","title":{"rendered":"Alumne MUPFS a Cultura i Valors"},"content":{"rendered":"<div class=\"gmail_default\">\n<div><span style=\"font-family: georgia, serif;\">Aquesta setmana l&#8217;alumnat de 1r d&#8217;ESO a cultura i valors \u00e8tics hem compartit amb l&#8217;Ayo S\u00e1nchez Ram\u00edrez una sessi\u00f3 din\u00e0mica sobre les persones amb diversitat funcional.<\/span><\/div>\n<div><span style=\"font-family: georgia, serif;\">L&#8217;Ayo \u00e9s pedagog a la FAP (Fundaci\u00f3 \u00c0uria Privada) i aquest curs fa les pr\u00e0ctiques del M\u00e0ster del professorat (MUPFS) en\u00a0 l&#8217;especialitat d&#8217;orientaci\u00f3\u00a0 educativa al nostre institut.<\/span><\/div>\n<div><span style=\"font-family: georgia, serif;\">Aprofitant la seva estada li hem demanat que expliqui a l&#8217;alumnat la seva experi\u00e8ncia amb persones amb diversitat funcional.\u00a0 <\/span><\/div>\n<div><span style=\"font-family: georgia, serif;\">En aquesta sessi\u00f3 ha utilitzat diferents recursos did\u00e0ctics per donar a con\u00e8ixer i transmetre els conceptes i actituds d&#8217;inclusi\u00f3, integraci\u00f3 i respecte per les difer\u00e8ncies en la nostra societat.<\/span><\/div>\n<div><span style=\"font-family: georgia, serif;\">\u00a0<\/span><\/div>\n<div><span style=\"font-family: georgia, serif;\">Per una societat inclusiva i sense barreres! Som-hi!<\/span><\/div>\n<\/div>\n<div><span style=\"font-family: georgia, serif;\">\u00a0<\/span><\/div>\n<div class=\"gmail_default\"><span style=\"font-family: georgia, serif;\">Bona pasqua!<\/span><\/div>\n<div><\/div>\n<div><a href=\"https:\/\/agora.xtec.cat\/insjoanmercader\/wp-content\/uploads\/usu427\/2022\/04\/ayo1.png\"><img loading=\"lazy\" decoding=\"async\" class=\"aligncenter size-full wp-image-8873\" src=\"https:\/\/agora.xtec.cat\/insjoanmercader\/wp-content\/uploads\/usu427\/2022\/04\/ayo1.png\" alt=\"\" width=\"970\" height=\"683\" srcset=\"https:\/\/agora.xtec.cat\/insjoanmercader\/wp-content\/uploads\/usu427\/2022\/04\/ayo1.png 970w, https:\/\/agora.xtec.cat\/insjoanmercader\/wp-content\/uploads\/usu427\/2022\/04\/ayo1-300x211.png 300w, https:\/\/agora.xtec.cat\/insjoanmercader\/wp-content\/uploads\/usu427\/2022\/04\/ayo1-768x541.png 768w\" sizes=\"auto, (max-width: 970px) 100vw, 970px\" \/><\/a><a href=\"https:\/\/agora.xtec.cat\/insjoanmercader\/wp-content\/uploads\/usu427\/2022\/04\/ayo2.png\"><img loading=\"lazy\" decoding=\"async\" class=\"aligncenter size-full wp-image-8874\" src=\"https:\/\/agora.xtec.cat\/insjoanmercader\/wp-content\/uploads\/usu427\/2022\/04\/ayo2.png\" alt=\"\" width=\"973\" height=\"634\" srcset=\"https:\/\/agora.xtec.cat\/insjoanmercader\/wp-content\/uploads\/usu427\/2022\/04\/ayo2.png 973w, https:\/\/agora.xtec.cat\/insjoanmercader\/wp-content\/uploads\/usu427\/2022\/04\/ayo2-300x195.png 300w, https:\/\/agora.xtec.cat\/insjoanmercader\/wp-content\/uploads\/usu427\/2022\/04\/ayo2-768x500.png 768w\" sizes=\"auto, (max-width: 973px) 100vw, 973px\" \/><\/a><a href=\"https:\/\/agora.xtec.cat\/insjoanmercader\/wp-content\/uploads\/usu427\/2022\/04\/ayo3.png\"><img loading=\"lazy\" decoding=\"async\" class=\"aligncenter size-full wp-image-8875\" src=\"https:\/\/agora.xtec.cat\/insjoanmercader\/wp-content\/uploads\/usu427\/2022\/04\/ayo3.png\" alt=\"\" width=\"976\" height=\"724\" srcset=\"https:\/\/agora.xtec.cat\/insjoanmercader\/wp-content\/uploads\/usu427\/2022\/04\/ayo3.png 976w, https:\/\/agora.xtec.cat\/insjoanmercader\/wp-content\/uploads\/usu427\/2022\/04\/ayo3-300x223.png 300w, https:\/\/agora.xtec.cat\/insjoanmercader\/wp-content\/uploads\/usu427\/2022\/04\/ayo3-768x570.png 768w\" sizes=\"auto, (max-width: 976px) 100vw, 976px\" \/><\/a><a href=\"https:\/\/agora.xtec.cat\/insjoanmercader\/wp-content\/uploads\/usu427\/2022\/04\/ayo4.png\"><img loading=\"lazy\" decoding=\"async\" class=\"aligncenter size-full wp-image-8876\" src=\"https:\/\/agora.xtec.cat\/insjoanmercader\/wp-content\/uploads\/usu427\/2022\/04\/ayo4.png\" alt=\"\" width=\"990\" height=\"631\" srcset=\"https:\/\/agora.xtec.cat\/insjoanmercader\/wp-content\/uploads\/usu427\/2022\/04\/ayo4.png 990w, https:\/\/agora.xtec.cat\/insjoanmercader\/wp-content\/uploads\/usu427\/2022\/04\/ayo4-300x191.png 300w, https:\/\/agora.xtec.cat\/insjoanmercader\/wp-content\/uploads\/usu427\/2022\/04\/ayo4-768x490.png 768w\" sizes=\"auto, (max-width: 990px) 100vw, 990px\" \/><\/a><a href=\"https:\/\/agora.xtec.cat\/insjoanmercader\/wp-content\/uploads\/usu427\/2022\/04\/ayo5.png\"><img loading=\"lazy\" decoding=\"async\" class=\"aligncenter size-full wp-image-8877\" src=\"https:\/\/agora.xtec.cat\/insjoanmercader\/wp-content\/uploads\/usu427\/2022\/04\/ayo5.png\" alt=\"\" width=\"981\" height=\"715\" srcset=\"https:\/\/agora.xtec.cat\/insjoanmercader\/wp-content\/uploads\/usu427\/2022\/04\/ayo5.png 981w, https:\/\/agora.xtec.cat\/insjoanmercader\/wp-content\/uploads\/usu427\/2022\/04\/ayo5-300x219.png 300w, https:\/\/agora.xtec.cat\/insjoanmercader\/wp-content\/uploads\/usu427\/2022\/04\/ayo5-768x560.png 768w\" sizes=\"auto, (max-width: 981px) 100vw, 981px\" \/><\/a><a href=\"https:\/\/agora.xtec.cat\/insjoanmercader\/wp-content\/uploads\/usu427\/2022\/04\/ayo6.png\"><img loading=\"lazy\" decoding=\"async\" class=\"aligncenter size-full wp-image-8878\" src=\"https:\/\/agora.xtec.cat\/insjoanmercader\/wp-content\/uploads\/usu427\/2022\/04\/ayo6.png\" alt=\"\" width=\"553\" height=\"655\" srcset=\"https:\/\/agora.xtec.cat\/insjoanmercader\/wp-content\/uploads\/usu427\/2022\/04\/ayo6.png 553w, https:\/\/agora.xtec.cat\/insjoanmercader\/wp-content\/uploads\/usu427\/2022\/04\/ayo6-253x300.png 253w\" sizes=\"auto, (max-width: 553px) 100vw, 553px\" \/><\/a><\/div>\n","protected":false},"excerpt":{"rendered":"<p>Aquesta setmana l&#8217;alumnat de 1r d&#8217;ESO a cultura i valors \u00e8tics hem compartit amb l&#8217;Ayo S\u00e1nchez Ram\u00edrez una sessi\u00f3 din\u00e0mica sobre les persones amb diversitat funcional. L&#8217;Ayo \u00e9s pedagog a la FAP (Fundaci\u00f3 \u00c0uria Privada) i aquest curs fa les pr\u00e0ctiques del M\u00e0ster del professorat (MUPFS) en\u00a0 l&#8217;especialitat d&#8217;orientaci\u00f3\u00a0 educativa al nostre institut. Aprofitant la [&hellip;]<\/p>\n","protected":false},"author":30,"featured_media":8873,"comment_status":"closed","ping_status":"closed","sticky":false,"template":"","format":"standard","meta":{"_bbp_topic_count":0,"_bbp_reply_count":0,"_bbp_total_topic_count":0,"_bbp_total_reply_count":0,"_bbp_voice_count":0,"_bbp_anonymous_reply_count":0,"_bbp_topic_count_hidden":0,"_bbp_reply_count_hidden":0,"_bbp_forum_subforum_count":0,"site-sidebar-layout":"default","site-content-layout":"","ast-site-content-layout":"","site-content-style":"default","site-sidebar-style":"default","ast-global-header-display":"","ast-banner-title-visibility":"","ast-main-header-display":"","ast-hfb-above-header-display":"","ast-hfb-below-header-display":"","ast-hfb-mobile-header-display":"","site-post-title":"","ast-breadcrumbs-content":"","ast-featured-img":"","footer-sml-layout":"","theme-transparent-header-meta":"","adv-header-id-meta":"","stick-header-meta":"","header-above-stick-meta":"","header-main-stick-meta":"","header-below-stick-meta":"","astra-migrate-meta-layouts":"default","ast-page-background-enabled":"default","ast-page-background-meta":{"desktop":{"background-color":"var(--ast-global-color-4)","background-image":"","background-repeat":"repeat","background-position":"center center","background-size":"auto","background-attachment":"scroll","background-type":"","background-media":"","overlay-type":"","overlay-color":"","overlay-opacity":"","overlay-gradient":""},"tablet":{"background-color":"","background-image":"","background-repeat":"repeat","background-position":"center center","background-size":"auto","background-attachment":"scroll","background-type":"","background-media":"","overlay-type":"","overlay-color":"","overlay-opacity":"","overlay-gradient":""},"mobile":{"background-color":"","background-image":"","background-repeat":"repeat","background-position":"center center","background-size":"auto","background-attachment":"scroll","background-type":"","background-media":"","overlay-type":"","overlay-color":"","overlay-opacity":"","overlay-gradient":""}},"ast-content-background-meta":{"desktop":{"background-color":"var(--ast-global-color-5)","background-image":"","background-repeat":"repeat","background-position":"center center","background-size":"auto","background-attachment":"scroll","background-type":"","background-media":"","overlay-type":"","overlay-color":"","overlay-opacity":"","overlay-gradient":""},"tablet":{"background-color":"var(--ast-global-color-5)","background-image":"","background-repeat":"repeat","background-position":"center center","background-size":"auto","background-attachment":"scroll","background-type":"","background-media":"","overlay-type":"","overlay-color":"","overlay-opacity":"","overlay-gradient":""},"mobile":{"background-color":"var(--ast-global-color-5)","background-image":"","background-repeat":"repeat","background-position":"center center","background-size":"auto","background-attachment":"scroll","background-type":"","background-media":"","overlay-type":"","overlay-color":"","overlay-opacity":"","overlay-gradient":""}},"footnotes":""},"categories":[199,167,4,1,169,175,29],"tags":[],"class_list":["post-8872","post","type-post","status-publish","format-standard","has-post-thumbnail","hentry","category-centre-formador-mupfs","category-docents","category-eso-1","category-general","category-humanistic","category-orientacioitutoria","category-portada"],"post_mailing_queue_ids":[],"_links":{"self":[{"href":"https:\/\/agora.xtec.cat\/insjoanmercader\/wp-json\/wp\/v2\/posts\/8872","targetHints":{"allow":["GET"]}}],"collection":[{"href":"https:\/\/agora.xtec.cat\/insjoanmercader\/wp-json\/wp\/v2\/posts"}],"about":[{"href":"https:\/\/agora.xtec.cat\/insjoanmercader\/wp-json\/wp\/v2\/types\/post"}],"author":[{"embeddable":true,"href":"https:\/\/agora.xtec.cat\/insjoanmercader\/wp-json\/wp\/v2\/users\/30"}],"replies":[{"embeddable":true,"href":"https:\/\/agora.xtec.cat\/insjoanmercader\/wp-json\/wp\/v2\/comments?post=8872"}],"version-history":[{"count":1,"href":"https:\/\/agora.xtec.cat\/insjoanmercader\/wp-json\/wp\/v2\/posts\/8872\/revisions"}],"predecessor-version":[{"id":8879,"href":"https:\/\/agora.xtec.cat\/insjoanmercader\/wp-json\/wp\/v2\/posts\/8872\/revisions\/8879"}],"wp:featuredmedia":[{"embeddable":true,"href":"https:\/\/agora.xtec.cat\/insjoanmercader\/wp-json\/wp\/v2\/media\/8873"}],"wp:attachment":[{"href":"https:\/\/agora.xtec.cat\/insjoanmercader\/wp-json\/wp\/v2\/media?parent=8872"}],"wp:term":[{"taxonomy":"category","embeddable":true,"href":"https:\/\/agora.xtec.cat\/insjoanmercader\/wp-json\/wp\/v2\/categories?post=8872"},{"taxonomy":"post_tag","embeddable":true,"href":"https:\/\/agora.xtec.cat\/insjoanmercader\/wp-json\/wp\/v2\/tags?post=8872"}],"curies":[{"name":"wp","href":"https:\/\/api.w.org\/{rel}","templated":true}]}}