{"id":7687,"date":"2021-03-06T12:45:19","date_gmt":"2021-03-06T11:45:19","guid":{"rendered":"http:\/\/agora.xtec.cat\/insjoanmercader\/?p=7687"},"modified":"2021-03-06T12:45:19","modified_gmt":"2021-03-06T11:45:19","slug":"1eso-projecte-etwinning-i-see-you","status":"publish","type":"post","link":"https:\/\/agora.xtec.cat\/insjoanmercader\/nivell\/eso\/eso-1\/1eso-projecte-etwinning-i-see-you\/","title":{"rendered":"1ESO Projecte eTwinning &#8220;I see you!&#8221;"},"content":{"rendered":"<p>L&#8217;alumnat de Primer d&#8217;ESO est\u00e0 participant en el projecte eTwinning &#8220;I see you!&#8221;. Es tracta d&#8217;un projecte centrat en l&#8217;intercanvi cultural i ling\u00fc\u00edstic que t\u00e9 com a objectiu mostrar a l&#8217;alumnat que les lleng\u00fces, independentment del seu domini, ens permeten comunicar-nos.<\/p>\n<p>El nom del projecte fa refer\u00e8ncia al film &#8220;Avatar&#8221; que planteja temes diversos: cultures diferents, l&#8217;era digital, l&#8217;ecologia, la llengua&#8230;<\/p>\n<p>Aquesta setmana el grup A est\u00e0 preparant les presentacions individuals en diferents lleng\u00fces: catal\u00e0, castell\u00e0, angl\u00e8s, portugu\u00e8s&#8230; I tamb\u00e9 la imatge que acompanyar\u00e0 la presentaci\u00f3: un avatar representatiu de cada membre del grup.<\/p>\n<p>Recordem que el grup E va participar durant el primer trimestre amb la creaci\u00f3 de postals de Nadal, que es van enviar a diferents pa\u00efsos, i la realitzaci\u00f3 del mural amb totes les postals rebudes.<\/p>\n<p>La resta de grups tamb\u00e9 participaran en les properes setmanes.<a href=\"https:\/\/agora.xtec.cat\/insjoanmercader\/wp-content\/uploads\/usu427\/2021\/03\/I-see-you-en-varias-lenguas.png\"><img loading=\"lazy\" decoding=\"async\" class=\"aligncenter size-full wp-image-7688\" src=\"https:\/\/agora.xtec.cat\/insjoanmercader\/wp-content\/uploads\/usu427\/2021\/03\/I-see-you-en-varias-lenguas.png\" alt=\"\" width=\"587\" height=\"664\" srcset=\"https:\/\/agora.xtec.cat\/insjoanmercader\/wp-content\/uploads\/usu427\/2021\/03\/I-see-you-en-varias-lenguas.png 587w, https:\/\/agora.xtec.cat\/insjoanmercader\/wp-content\/uploads\/usu427\/2021\/03\/I-see-you-en-varias-lenguas-265x300.png 265w\" sizes=\"auto, (max-width: 587px) 100vw, 587px\" \/><\/a><\/p>\n","protected":false},"excerpt":{"rendered":"<p>L&#8217;alumnat de Primer d&#8217;ESO est\u00e0 participant en el projecte eTwinning &#8220;I see you!&#8221;. Es tracta d&#8217;un projecte centrat en l&#8217;intercanvi cultural i ling\u00fc\u00edstic que t\u00e9 com a objectiu mostrar a l&#8217;alumnat que les lleng\u00fces, independentment del seu domini, ens permeten comunicar-nos. El nom del projecte fa refer\u00e8ncia al film &#8220;Avatar&#8221; que planteja temes diversos: cultures [&hellip;]<\/p>\n","protected":false},"author":30,"featured_media":7688,"comment_status":"closed","ping_status":"closed","sticky":false,"template":"","format":"standard","meta":{"_bbp_topic_count":0,"_bbp_reply_count":0,"_bbp_total_topic_count":0,"_bbp_total_reply_count":0,"_bbp_voice_count":0,"_bbp_anonymous_reply_count":0,"_bbp_topic_count_hidden":0,"_bbp_reply_count_hidden":0,"_bbp_forum_subforum_count":0,"site-sidebar-layout":"default","site-content-layout":"","ast-site-content-layout":"","site-content-style":"default","site-sidebar-style":"default","ast-global-header-display":"","ast-banner-title-visibility":"","ast-main-header-display":"","ast-hfb-above-header-display":"","ast-hfb-below-header-display":"","ast-hfb-mobile-header-display":"","site-post-title":"","ast-breadcrumbs-content":"","ast-featured-img":"","footer-sml-layout":"","theme-transparent-header-meta":"","adv-header-id-meta":"","stick-header-meta":"","header-above-stick-meta":"","header-main-stick-meta":"","header-below-stick-meta":"","astra-migrate-meta-layouts":"default","ast-page-background-enabled":"default","ast-page-background-meta":{"desktop":{"background-color":"var(--ast-global-color-4)","background-image":"","background-repeat":"repeat","background-position":"center center","background-size":"auto","background-attachment":"scroll","background-type":"","background-media":"","overlay-type":"","overlay-color":"","overlay-opacity":"","overlay-gradient":""},"tablet":{"background-color":"","background-image":"","background-repeat":"repeat","background-position":"center center","background-size":"auto","background-attachment":"scroll","background-type":"","background-media":"","overlay-type":"","overlay-color":"","overlay-opacity":"","overlay-gradient":""},"mobile":{"background-color":"","background-image":"","background-repeat":"repeat","background-position":"center center","background-size":"auto","background-attachment":"scroll","background-type":"","background-media":"","overlay-type":"","overlay-color":"","overlay-opacity":"","overlay-gradient":""}},"ast-content-background-meta":{"desktop":{"background-color":"var(--ast-global-color-5)","background-image":"","background-repeat":"repeat","background-position":"center center","background-size":"auto","background-attachment":"scroll","background-type":"","background-media":"","overlay-type":"","overlay-color":"","overlay-opacity":"","overlay-gradient":""},"tablet":{"background-color":"var(--ast-global-color-5)","background-image":"","background-repeat":"repeat","background-position":"center center","background-size":"auto","background-attachment":"scroll","background-type":"","background-media":"","overlay-type":"","overlay-color":"","overlay-opacity":"","overlay-gradient":""},"mobile":{"background-color":"var(--ast-global-color-5)","background-image":"","background-repeat":"repeat","background-position":"center center","background-size":"auto","background-attachment":"scroll","background-type":"","background-media":"","overlay-type":"","overlay-color":"","overlay-opacity":"","overlay-gradient":""}},"footnotes":""},"categories":[166,4,188,59,29],"tags":[],"class_list":["post-7687","post","type-post","status-publish","format-standard","has-post-thumbnail","hentry","category-avancem","category-eso-1","category-etwinning","category-llengues","category-portada"],"post_mailing_queue_ids":[],"_links":{"self":[{"href":"https:\/\/agora.xtec.cat\/insjoanmercader\/wp-json\/wp\/v2\/posts\/7687","targetHints":{"allow":["GET"]}}],"collection":[{"href":"https:\/\/agora.xtec.cat\/insjoanmercader\/wp-json\/wp\/v2\/posts"}],"about":[{"href":"https:\/\/agora.xtec.cat\/insjoanmercader\/wp-json\/wp\/v2\/types\/post"}],"author":[{"embeddable":true,"href":"https:\/\/agora.xtec.cat\/insjoanmercader\/wp-json\/wp\/v2\/users\/30"}],"replies":[{"embeddable":true,"href":"https:\/\/agora.xtec.cat\/insjoanmercader\/wp-json\/wp\/v2\/comments?post=7687"}],"version-history":[{"count":1,"href":"https:\/\/agora.xtec.cat\/insjoanmercader\/wp-json\/wp\/v2\/posts\/7687\/revisions"}],"predecessor-version":[{"id":7689,"href":"https:\/\/agora.xtec.cat\/insjoanmercader\/wp-json\/wp\/v2\/posts\/7687\/revisions\/7689"}],"wp:featuredmedia":[{"embeddable":true,"href":"https:\/\/agora.xtec.cat\/insjoanmercader\/wp-json\/wp\/v2\/media\/7688"}],"wp:attachment":[{"href":"https:\/\/agora.xtec.cat\/insjoanmercader\/wp-json\/wp\/v2\/media?parent=7687"}],"wp:term":[{"taxonomy":"category","embeddable":true,"href":"https:\/\/agora.xtec.cat\/insjoanmercader\/wp-json\/wp\/v2\/categories?post=7687"},{"taxonomy":"post_tag","embeddable":true,"href":"https:\/\/agora.xtec.cat\/insjoanmercader\/wp-json\/wp\/v2\/tags?post=7687"}],"curies":[{"name":"wp","href":"https:\/\/api.w.org\/{rel}","templated":true}]}}