{"id":7255,"date":"2020-11-15T18:56:39","date_gmt":"2020-11-15T17:56:39","guid":{"rendered":"http:\/\/agora.xtec.cat\/insjoanmercader\/?p=7255"},"modified":"2020-11-15T18:56:39","modified_gmt":"2020-11-15T17:56:39","slug":"42a-cursa-popular-igualada-i-9a-urban-running","status":"publish","type":"post","link":"https:\/\/agora.xtec.cat\/insjoanmercader\/nivell\/eso\/eso-1\/42a-cursa-popular-igualada-i-9a-urban-running\/","title":{"rendered":"42a Cursa Popular Igualada i 9a Urban Running"},"content":{"rendered":"<p>Aquestes passades setmanes els alumnes de 1r d\u2019ESO s\u2019han despla\u00e7at al Parc Central per a participar a la 42a Cursa Popular d\u2019Igualada.<\/p>\n<p style=\"text-align: left;\">Enguany la Cursa Popular d\u2019Igualada no s\u2019ha pogut dur a terme com estem acostumats. En un any marcat per la pand\u00e8mia totes les activitats s&#8217;han anat adaptant per seguir gaudint de les activitats esportives i de la ciutat. \u00c9s per aix\u00f2 que la Cursa Popular\u00a0 i la IURNS s\u2019han fet en un format virtual en qu\u00e8 els corredors han anat pel seu compte a fer el recorregut marcat al Parc Central.<\/p>\n<p style=\"text-align: left;\">L\u2019activitat s\u2019iniciava amb els alumnes a mig mat\u00ed amb el despla\u00e7ament a peu fins al Parc. All\u00e0 els monitors del Consell Esportiu de l\u2019Anoia prenien temperatura i rentaven les mans. Seguidament els corredors feien un escalfament en grups redu\u00efts i, a continuaci\u00f3, corrien el recorregut de 1000 m de la cursa. Els nens i nenes que volien millorar el seu temps tenien una segona oportunitat per fer-ho. Per acabar, foto de grup i tornada a l\u2019institut.<\/p>\n<p style=\"text-align: left;\">La classificaci\u00f3 dels alumnes m\u00e9s r\u00e0pids ha estat la seg\u00fcent:<\/p>\n<ul>\n<li>Nois: 1r. Ton Bascompte (1r C); 2n. Sindo Valls (1r C); 3r. \u00c0lex Piernas (1r D); 4rt. Gerard L\u00f3pez (1r E); 5\u00e8. Josep Puig (1r C)<\/li>\n<li>Noies: 1a. Martina Bascompte (1r C); 2a. Martina Llorach (1r D); 3a. Jana Mart\u00ed (1r D); 4a. Jana Viladoms (1r B); 5a. Lara Llobet (1r E)<\/li>\n<\/ul>\n<p>Us deixem algunes fotos m\u00e9s.<\/p>\n<table style=\"width: 773px;\">\n<tbody>\n<tr>\n<td style=\"width: 380.7px;\"><a href=\"https:\/\/agora.xtec.cat\/insjoanmercader\/wp-content\/uploads\/usu427\/2020\/11\/3-Cursa-Popular.jpg\"><img loading=\"lazy\" decoding=\"async\" class=\"alignnone size-large wp-image-7257\" src=\"https:\/\/agora.xtec.cat\/insjoanmercader\/wp-content\/uploads\/usu427\/2020\/11\/3-Cursa-Popular-1024x768.jpg\" alt=\"\" width=\"1024\" height=\"768\" srcset=\"https:\/\/agora.xtec.cat\/insjoanmercader\/wp-content\/uploads\/usu427\/2020\/11\/3-Cursa-Popular-1024x768.jpg 1024w, https:\/\/agora.xtec.cat\/insjoanmercader\/wp-content\/uploads\/usu427\/2020\/11\/3-Cursa-Popular-300x225.jpg 300w, https:\/\/agora.xtec.cat\/insjoanmercader\/wp-content\/uploads\/usu427\/2020\/11\/3-Cursa-Popular-768x576.jpg 768w, https:\/\/agora.xtec.cat\/insjoanmercader\/wp-content\/uploads\/usu427\/2020\/11\/3-Cursa-Popular-200x150.jpg 200w, https:\/\/agora.xtec.cat\/insjoanmercader\/wp-content\/uploads\/usu427\/2020\/11\/3-Cursa-Popular.jpg 2000w\" sizes=\"auto, (max-width: 1024px) 100vw, 1024px\" \/><\/a><\/p>\n<p>&nbsp;<\/p>\n<p>&nbsp;<\/p>\n<p>&nbsp;<\/p>\n<p><a href=\"https:\/\/agora.xtec.cat\/insjoanmercader\/wp-content\/uploads\/usu427\/2020\/11\/4-Cursa-Popular.jpg\"><img loading=\"lazy\" decoding=\"async\" class=\"alignnone size-large wp-image-7258\" src=\"https:\/\/agora.xtec.cat\/insjoanmercader\/wp-content\/uploads\/usu427\/2020\/11\/4-Cursa-Popular-1024x768.jpg\" alt=\"\" width=\"1024\" height=\"768\" srcset=\"https:\/\/agora.xtec.cat\/insjoanmercader\/wp-content\/uploads\/usu427\/2020\/11\/4-Cursa-Popular-1024x768.jpg 1024w, https:\/\/agora.xtec.cat\/insjoanmercader\/wp-content\/uploads\/usu427\/2020\/11\/4-Cursa-Popular-300x225.jpg 300w, https:\/\/agora.xtec.cat\/insjoanmercader\/wp-content\/uploads\/usu427\/2020\/11\/4-Cursa-Popular-768x576.jpg 768w, https:\/\/agora.xtec.cat\/insjoanmercader\/wp-content\/uploads\/usu427\/2020\/11\/4-Cursa-Popular-200x150.jpg 200w, https:\/\/agora.xtec.cat\/insjoanmercader\/wp-content\/uploads\/usu427\/2020\/11\/4-Cursa-Popular.jpg 2000w\" sizes=\"auto, (max-width: 1024px) 100vw, 1024px\" \/><\/a><\/td>\n<td style=\"width: 384.7px;\"><a href=\"https:\/\/agora.xtec.cat\/insjoanmercader\/wp-content\/uploads\/usu427\/2020\/11\/2-Cursa-Popular.jpg\"><img loading=\"lazy\" decoding=\"async\" class=\"alignnone size-large wp-image-7256\" src=\"https:\/\/agora.xtec.cat\/insjoanmercader\/wp-content\/uploads\/usu427\/2020\/11\/2-Cursa-Popular-1024x768.jpg\" alt=\"\" width=\"1024\" height=\"768\" srcset=\"https:\/\/agora.xtec.cat\/insjoanmercader\/wp-content\/uploads\/usu427\/2020\/11\/2-Cursa-Popular-1024x768.jpg 1024w, https:\/\/agora.xtec.cat\/insjoanmercader\/wp-content\/uploads\/usu427\/2020\/11\/2-Cursa-Popular-300x225.jpg 300w, https:\/\/agora.xtec.cat\/insjoanmercader\/wp-content\/uploads\/usu427\/2020\/11\/2-Cursa-Popular-768x576.jpg 768w, https:\/\/agora.xtec.cat\/insjoanmercader\/wp-content\/uploads\/usu427\/2020\/11\/2-Cursa-Popular-200x150.jpg 200w, https:\/\/agora.xtec.cat\/insjoanmercader\/wp-content\/uploads\/usu427\/2020\/11\/2-Cursa-Popular.jpg 2000w\" sizes=\"auto, (max-width: 1024px) 100vw, 1024px\" \/><\/a><\/td>\n<\/tr>\n<\/tbody>\n<\/table>\n","protected":false},"excerpt":{"rendered":"<p>Aquestes passades setmanes els alumnes de 1r d\u2019ESO s\u2019han despla\u00e7at al Parc Central per a participar a la 42a Cursa Popular d\u2019Igualada. Enguany la Cursa Popular d\u2019Igualada no s\u2019ha pogut dur a terme com estem acostumats. En un any marcat per la pand\u00e8mia totes les activitats s&#8217;han anat adaptant per seguir gaudint de les activitats [&hellip;]<\/p>\n","protected":false},"author":34,"featured_media":7259,"comment_status":"closed","ping_status":"closed","sticky":false,"template":"","format":"standard","meta":{"_bbp_topic_count":0,"_bbp_reply_count":0,"_bbp_total_topic_count":0,"_bbp_total_reply_count":0,"_bbp_voice_count":0,"_bbp_anonymous_reply_count":0,"_bbp_topic_count_hidden":0,"_bbp_reply_count_hidden":0,"_bbp_forum_subforum_count":0,"site-sidebar-layout":"default","site-content-layout":"","ast-site-content-layout":"","site-content-style":"default","site-sidebar-style":"default","ast-global-header-display":"","ast-banner-title-visibility":"","ast-main-header-display":"","ast-hfb-above-header-display":"","ast-hfb-below-header-display":"","ast-hfb-mobile-header-display":"","site-post-title":"","ast-breadcrumbs-content":"","ast-featured-img":"","footer-sml-layout":"","theme-transparent-header-meta":"","adv-header-id-meta":"","stick-header-meta":"","header-above-stick-meta":"","header-main-stick-meta":"","header-below-stick-meta":"","astra-migrate-meta-layouts":"default","ast-page-background-enabled":"default","ast-page-background-meta":{"desktop":{"background-color":"var(--ast-global-color-4)","background-image":"","background-repeat":"repeat","background-position":"center center","background-size":"auto","background-attachment":"scroll","background-type":"","background-media":"","overlay-type":"","overlay-color":"","overlay-opacity":"","overlay-gradient":""},"tablet":{"background-color":"","background-image":"","background-repeat":"repeat","background-position":"center center","background-size":"auto","background-attachment":"scroll","background-type":"","background-media":"","overlay-type":"","overlay-color":"","overlay-opacity":"","overlay-gradient":""},"mobile":{"background-color":"","background-image":"","background-repeat":"repeat","background-position":"center center","background-size":"auto","background-attachment":"scroll","background-type":"","background-media":"","overlay-type":"","overlay-color":"","overlay-opacity":"","overlay-gradient":""}},"ast-content-background-meta":{"desktop":{"background-color":"var(--ast-global-color-5)","background-image":"","background-repeat":"repeat","background-position":"center center","background-size":"auto","background-attachment":"scroll","background-type":"","background-media":"","overlay-type":"","overlay-color":"","overlay-opacity":"","overlay-gradient":""},"tablet":{"background-color":"var(--ast-global-color-5)","background-image":"","background-repeat":"repeat","background-position":"center center","background-size":"auto","background-attachment":"scroll","background-type":"","background-media":"","overlay-type":"","overlay-color":"","overlay-opacity":"","overlay-gradient":""},"mobile":{"background-color":"var(--ast-global-color-5)","background-image":"","background-repeat":"repeat","background-position":"center center","background-size":"auto","background-attachment":"scroll","background-type":"","background-media":"","overlay-type":"","overlay-color":"","overlay-opacity":"","overlay-gradient":""}},"footnotes":""},"categories":[174,4,29,88],"tags":[],"class_list":["post-7255","post","type-post","status-publish","format-standard","has-post-thumbnail","hentry","category-efisica","category-eso-1","category-portada","category-revista-mercaderies"],"post_mailing_queue_ids":[],"_links":{"self":[{"href":"https:\/\/agora.xtec.cat\/insjoanmercader\/wp-json\/wp\/v2\/posts\/7255","targetHints":{"allow":["GET"]}}],"collection":[{"href":"https:\/\/agora.xtec.cat\/insjoanmercader\/wp-json\/wp\/v2\/posts"}],"about":[{"href":"https:\/\/agora.xtec.cat\/insjoanmercader\/wp-json\/wp\/v2\/types\/post"}],"author":[{"embeddable":true,"href":"https:\/\/agora.xtec.cat\/insjoanmercader\/wp-json\/wp\/v2\/users\/34"}],"replies":[{"embeddable":true,"href":"https:\/\/agora.xtec.cat\/insjoanmercader\/wp-json\/wp\/v2\/comments?post=7255"}],"version-history":[{"count":2,"href":"https:\/\/agora.xtec.cat\/insjoanmercader\/wp-json\/wp\/v2\/posts\/7255\/revisions"}],"predecessor-version":[{"id":7261,"href":"https:\/\/agora.xtec.cat\/insjoanmercader\/wp-json\/wp\/v2\/posts\/7255\/revisions\/7261"}],"wp:featuredmedia":[{"embeddable":true,"href":"https:\/\/agora.xtec.cat\/insjoanmercader\/wp-json\/wp\/v2\/media\/7259"}],"wp:attachment":[{"href":"https:\/\/agora.xtec.cat\/insjoanmercader\/wp-json\/wp\/v2\/media?parent=7255"}],"wp:term":[{"taxonomy":"category","embeddable":true,"href":"https:\/\/agora.xtec.cat\/insjoanmercader\/wp-json\/wp\/v2\/categories?post=7255"},{"taxonomy":"post_tag","embeddable":true,"href":"https:\/\/agora.xtec.cat\/insjoanmercader\/wp-json\/wp\/v2\/tags?post=7255"}],"curies":[{"name":"wp","href":"https:\/\/api.w.org\/{rel}","templated":true}]}}