{"id":7229,"date":"2020-10-29T20:35:25","date_gmt":"2020-10-29T19:35:25","guid":{"rendered":"http:\/\/agora.xtec.cat\/insjoanmercader\/?p=7229"},"modified":"2020-11-27T10:11:05","modified_gmt":"2020-11-27T09:11:05","slug":"3eso-projecte-etwinning-relacionat-amb-el-svb","status":"publish","type":"post","link":"https:\/\/agora.xtec.cat\/insjoanmercader\/nivell\/eso\/eso-3\/3eso-projecte-etwinning-relacionat-amb-el-svb\/","title":{"rendered":"3ESO Projecte eTwinning relacionat amb el SVB"},"content":{"rendered":"<p>L&#8217;alumnat de 3ESO participar\u00e0 al llarg del curs 20-21 en un projecte eTwinning relacionat amb el Suport Vital B\u00e0sic que porta per nom &#8220;Salvar una vida est\u00e1 en tus manos. Aprende por tod@s&#8221;.<\/p>\n<p>Recordem que el centre va comen\u00e7ar la formaci\u00f3 en SVB fa dos cursos amb alumnat de l&#8217;ESO. Els aspectes tractats segons les situacions s\u00f3n: la posici\u00f3 lateral de seguretat, la RCP, l&#8217;\u00fas i funcionament del DEA i la maniobra de Heimlich.<\/p>\n<p>Tot i la pand\u00e8mia, estem adaptant l&#8217;activitat a la situaci\u00f3 actual i aquest projecte ens permet tamb\u00e9 el contacte amb alumnat d&#8217;altres territoris i centres: l&#8217;institut de Xixona, el C\u00f2llege Marcel Pagnol, el C\u00f2llege de la Dombes i el Lyc\u00e9e Victor Duruy.<\/p>\n<p>Seguirem informant.<\/p>\n<p><a href=\"https:\/\/agora.xtec.cat\/insjoanmercader\/wp-content\/uploads\/usu427\/2020\/10\/poster-per-article-SVB.png\"><img loading=\"lazy\" decoding=\"async\" class=\"aligncenter size-full wp-image-7231\" src=\"https:\/\/agora.xtec.cat\/insjoanmercader\/wp-content\/uploads\/usu427\/2020\/10\/poster-per-article-SVB.png\" alt=\"\" width=\"296\" height=\"411\" srcset=\"https:\/\/agora.xtec.cat\/insjoanmercader\/wp-content\/uploads\/usu427\/2020\/10\/poster-per-article-SVB.png 296w, https:\/\/agora.xtec.cat\/insjoanmercader\/wp-content\/uploads\/usu427\/2020\/10\/poster-per-article-SVB-216x300.png 216w\" sizes=\"auto, (max-width: 296px) 100vw, 296px\" \/><\/a><\/p>\n","protected":false},"excerpt":{"rendered":"<p>L&#8217;alumnat de 3ESO participar\u00e0 al llarg del curs 20-21 en un projecte eTwinning relacionat amb el Suport Vital B\u00e0sic que porta per nom &#8220;Salvar una vida est\u00e1 en tus manos. Aprende por tod@s&#8221;. Recordem que el centre va comen\u00e7ar la formaci\u00f3 en SVB fa dos cursos amb alumnat de l&#8217;ESO. Els aspectes tractats segons les [&hellip;]<\/p>\n","protected":false},"author":30,"featured_media":7231,"comment_status":"closed","ping_status":"closed","sticky":false,"template":"","format":"standard","meta":{"_bbp_topic_count":0,"_bbp_reply_count":0,"_bbp_total_topic_count":0,"_bbp_total_reply_count":0,"_bbp_voice_count":0,"_bbp_anonymous_reply_count":0,"_bbp_topic_count_hidden":0,"_bbp_reply_count_hidden":0,"_bbp_forum_subforum_count":0,"site-sidebar-layout":"default","site-content-layout":"","ast-site-content-layout":"","site-content-style":"default","site-sidebar-style":"default","ast-global-header-display":"","ast-banner-title-visibility":"","ast-main-header-display":"","ast-hfb-above-header-display":"","ast-hfb-below-header-display":"","ast-hfb-mobile-header-display":"","site-post-title":"","ast-breadcrumbs-content":"","ast-featured-img":"","footer-sml-layout":"","theme-transparent-header-meta":"","adv-header-id-meta":"","stick-header-meta":"","header-above-stick-meta":"","header-main-stick-meta":"","header-below-stick-meta":"","astra-migrate-meta-layouts":"default","ast-page-background-enabled":"default","ast-page-background-meta":{"desktop":{"background-color":"var(--ast-global-color-4)","background-image":"","background-repeat":"repeat","background-position":"center center","background-size":"auto","background-attachment":"scroll","background-type":"","background-media":"","overlay-type":"","overlay-color":"","overlay-opacity":"","overlay-gradient":""},"tablet":{"background-color":"","background-image":"","background-repeat":"repeat","background-position":"center center","background-size":"auto","background-attachment":"scroll","background-type":"","background-media":"","overlay-type":"","overlay-color":"","overlay-opacity":"","overlay-gradient":""},"mobile":{"background-color":"","background-image":"","background-repeat":"repeat","background-position":"center center","background-size":"auto","background-attachment":"scroll","background-type":"","background-media":"","overlay-type":"","overlay-color":"","overlay-opacity":"","overlay-gradient":""}},"ast-content-background-meta":{"desktop":{"background-color":"var(--ast-global-color-5)","background-image":"","background-repeat":"repeat","background-position":"center center","background-size":"auto","background-attachment":"scroll","background-type":"","background-media":"","overlay-type":"","overlay-color":"","overlay-opacity":"","overlay-gradient":""},"tablet":{"background-color":"var(--ast-global-color-5)","background-image":"","background-repeat":"repeat","background-position":"center center","background-size":"auto","background-attachment":"scroll","background-type":"","background-media":"","overlay-type":"","overlay-color":"","overlay-opacity":"","overlay-gradient":""},"mobile":{"background-color":"var(--ast-global-color-5)","background-image":"","background-repeat":"repeat","background-position":"center center","background-size":"auto","background-attachment":"scroll","background-type":"","background-media":"","overlay-type":"","overlay-color":"","overlay-opacity":"","overlay-gradient":""}},"footnotes":""},"categories":[174,6,188,59,29,186],"tags":[],"class_list":["post-7229","post","type-post","status-publish","format-standard","has-post-thumbnail","hentry","category-efisica","category-eso-3","category-etwinning","category-llengues","category-portada","category-svb"],"post_mailing_queue_ids":[],"_links":{"self":[{"href":"https:\/\/agora.xtec.cat\/insjoanmercader\/wp-json\/wp\/v2\/posts\/7229","targetHints":{"allow":["GET"]}}],"collection":[{"href":"https:\/\/agora.xtec.cat\/insjoanmercader\/wp-json\/wp\/v2\/posts"}],"about":[{"href":"https:\/\/agora.xtec.cat\/insjoanmercader\/wp-json\/wp\/v2\/types\/post"}],"author":[{"embeddable":true,"href":"https:\/\/agora.xtec.cat\/insjoanmercader\/wp-json\/wp\/v2\/users\/30"}],"replies":[{"embeddable":true,"href":"https:\/\/agora.xtec.cat\/insjoanmercader\/wp-json\/wp\/v2\/comments?post=7229"}],"version-history":[{"count":2,"href":"https:\/\/agora.xtec.cat\/insjoanmercader\/wp-json\/wp\/v2\/posts\/7229\/revisions"}],"predecessor-version":[{"id":7232,"href":"https:\/\/agora.xtec.cat\/insjoanmercader\/wp-json\/wp\/v2\/posts\/7229\/revisions\/7232"}],"wp:featuredmedia":[{"embeddable":true,"href":"https:\/\/agora.xtec.cat\/insjoanmercader\/wp-json\/wp\/v2\/media\/7231"}],"wp:attachment":[{"href":"https:\/\/agora.xtec.cat\/insjoanmercader\/wp-json\/wp\/v2\/media?parent=7229"}],"wp:term":[{"taxonomy":"category","embeddable":true,"href":"https:\/\/agora.xtec.cat\/insjoanmercader\/wp-json\/wp\/v2\/categories?post=7229"},{"taxonomy":"post_tag","embeddable":true,"href":"https:\/\/agora.xtec.cat\/insjoanmercader\/wp-json\/wp\/v2\/tags?post=7229"}],"curies":[{"name":"wp","href":"https:\/\/api.w.org\/{rel}","templated":true}]}}