{"id":6391,"date":"2020-02-05T17:52:18","date_gmt":"2020-02-05T16:52:18","guid":{"rendered":"http:\/\/agora.xtec.cat\/insjoanmercader\/?p=6391"},"modified":"2020-02-05T17:52:18","modified_gmt":"2020-02-05T16:52:18","slug":"2bat-museu-del-dissenymnac-colleccio-dart-modern","status":"publish","type":"post","link":"https:\/\/agora.xtec.cat\/insjoanmercader\/nivell\/batxillerat\/2bat-museu-del-dissenymnac-colleccio-dart-modern\/","title":{"rendered":"2BAT Museu del Disseny+MNAC (Col\u00b7lecci\u00f3 d\u2019Art Modern)"},"content":{"rendered":"<p><span style=\"font-weight: 400;\">El passat divendres 31 de gener els alumnes de segon de Batxillerat que cursen les mat\u00e8ries de modalitat d\u2019Hist\u00f2ria de l\u2019Art i Fonaments de les Arts van visitar el Museu del Disseny i el MNAC (Museu nacional d\u2019Art de Catalunya).<\/span><\/p>\n<p><span style=\"font-weight: 400;\">Al Museu del Disseny es va fer una visita guiada a l\u2019exposici\u00f3 \u201cDel m\u00f3n al museu\u201d. \u00c9s una selecci\u00f3 d\u2019objectes que trobem en el nostre entorn i que ens permeten reflexionar sobre aspectes com l\u2019ergonomia, la funcionalitat, l\u2019ecologia, la mirada ir\u00f2nica i l\u00fadica, &#8230;<\/span><\/p>\n<p><span style=\"font-weight: 400;\">Al MNAC es va fer una visita guiada a algunes peces que integren la col\u00b7lecci\u00f3 d\u2019art modern. Un recorregut que comen\u00e7a a finals del s. XIX amb l\u2019impressionisme i que arriba fins a les avantguardes. El que es va voler destacar en aquest itinerari \u00e9s com les expressions art\u00edstiques reflecteixen les inquietuds dels artistes que no s\u00f3n\u00a0 aliens envers all\u00f2 que passa al seu voltant.<\/span><\/p>\n<p><a href=\"https:\/\/agora.xtec.cat\/insjoanmercader\/wp-content\/uploads\/usu427\/2020\/02\/2BAT-Museu-DissenyMNAC.jpg\"><img loading=\"lazy\" decoding=\"async\" class=\"aligncenter size-large wp-image-6392\" src=\"https:\/\/agora.xtec.cat\/insjoanmercader\/wp-content\/uploads\/usu427\/2020\/02\/2BAT-Museu-DissenyMNAC-1024x567.jpg\" alt=\"\" width=\"1024\" height=\"567\" srcset=\"https:\/\/agora.xtec.cat\/insjoanmercader\/wp-content\/uploads\/usu427\/2020\/02\/2BAT-Museu-DissenyMNAC-1024x567.jpg 1024w, https:\/\/agora.xtec.cat\/insjoanmercader\/wp-content\/uploads\/usu427\/2020\/02\/2BAT-Museu-DissenyMNAC-300x166.jpg 300w, https:\/\/agora.xtec.cat\/insjoanmercader\/wp-content\/uploads\/usu427\/2020\/02\/2BAT-Museu-DissenyMNAC-768x425.jpg 768w, https:\/\/agora.xtec.cat\/insjoanmercader\/wp-content\/uploads\/usu427\/2020\/02\/2BAT-Museu-DissenyMNAC.jpg 1482w\" sizes=\"auto, (max-width: 1024px) 100vw, 1024px\" \/><\/a><\/p>\n","protected":false},"excerpt":{"rendered":"<p>El passat divendres 31 de gener els alumnes de segon de Batxillerat que cursen les mat\u00e8ries de modalitat d\u2019Hist\u00f2ria de l\u2019Art i Fonaments de les Arts van visitar el Museu del Disseny i el MNAC (Museu nacional d\u2019Art de Catalunya). Al Museu del Disseny es va fer una visita guiada a l\u2019exposici\u00f3 \u201cDel m\u00f3n al [&hellip;]<\/p>\n","protected":false},"author":30,"featured_media":6392,"comment_status":"closed","ping_status":"closed","sticky":false,"template":"","format":"standard","meta":{"_bbp_topic_count":0,"_bbp_reply_count":0,"_bbp_total_topic_count":0,"_bbp_total_reply_count":0,"_bbp_voice_count":0,"_bbp_anonymous_reply_count":0,"_bbp_topic_count_hidden":0,"_bbp_reply_count_hidden":0,"_bbp_forum_subforum_count":0,"site-sidebar-layout":"default","site-content-layout":"","ast-site-content-layout":"","site-content-style":"default","site-sidebar-style":"default","ast-global-header-display":"","ast-banner-title-visibility":"","ast-main-header-display":"","ast-hfb-above-header-display":"","ast-hfb-below-header-display":"","ast-hfb-mobile-header-display":"","site-post-title":"","ast-breadcrumbs-content":"","ast-featured-img":"","footer-sml-layout":"","theme-transparent-header-meta":"","adv-header-id-meta":"","stick-header-meta":"","header-above-stick-meta":"","header-main-stick-meta":"","header-below-stick-meta":"","astra-migrate-meta-layouts":"default","ast-page-background-enabled":"default","ast-page-background-meta":{"desktop":{"background-color":"var(--ast-global-color-4)","background-image":"","background-repeat":"repeat","background-position":"center center","background-size":"auto","background-attachment":"scroll","background-type":"","background-media":"","overlay-type":"","overlay-color":"","overlay-opacity":"","overlay-gradient":""},"tablet":{"background-color":"","background-image":"","background-repeat":"repeat","background-position":"center center","background-size":"auto","background-attachment":"scroll","background-type":"","background-media":"","overlay-type":"","overlay-color":"","overlay-opacity":"","overlay-gradient":""},"mobile":{"background-color":"","background-image":"","background-repeat":"repeat","background-position":"center center","background-size":"auto","background-attachment":"scroll","background-type":"","background-media":"","overlay-type":"","overlay-color":"","overlay-opacity":"","overlay-gradient":""}},"ast-content-background-meta":{"desktop":{"background-color":"var(--ast-global-color-5)","background-image":"","background-repeat":"repeat","background-position":"center center","background-size":"auto","background-attachment":"scroll","background-type":"","background-media":"","overlay-type":"","overlay-color":"","overlay-opacity":"","overlay-gradient":""},"tablet":{"background-color":"var(--ast-global-color-5)","background-image":"","background-repeat":"repeat","background-position":"center center","background-size":"auto","background-attachment":"scroll","background-type":"","background-media":"","overlay-type":"","overlay-color":"","overlay-opacity":"","overlay-gradient":""},"mobile":{"background-color":"var(--ast-global-color-5)","background-image":"","background-repeat":"repeat","background-position":"center center","background-size":"auto","background-attachment":"scroll","background-type":"","background-media":"","overlay-type":"","overlay-color":"","overlay-opacity":"","overlay-gradient":""}},"footnotes":""},"categories":[129,8,169,29],"tags":[],"class_list":["post-6391","post","type-post","status-publish","format-standard","has-post-thumbnail","hentry","category-arts","category-batxillerat","category-humanistic","category-portada"],"post_mailing_queue_ids":[],"_links":{"self":[{"href":"https:\/\/agora.xtec.cat\/insjoanmercader\/wp-json\/wp\/v2\/posts\/6391","targetHints":{"allow":["GET"]}}],"collection":[{"href":"https:\/\/agora.xtec.cat\/insjoanmercader\/wp-json\/wp\/v2\/posts"}],"about":[{"href":"https:\/\/agora.xtec.cat\/insjoanmercader\/wp-json\/wp\/v2\/types\/post"}],"author":[{"embeddable":true,"href":"https:\/\/agora.xtec.cat\/insjoanmercader\/wp-json\/wp\/v2\/users\/30"}],"replies":[{"embeddable":true,"href":"https:\/\/agora.xtec.cat\/insjoanmercader\/wp-json\/wp\/v2\/comments?post=6391"}],"version-history":[{"count":1,"href":"https:\/\/agora.xtec.cat\/insjoanmercader\/wp-json\/wp\/v2\/posts\/6391\/revisions"}],"predecessor-version":[{"id":6393,"href":"https:\/\/agora.xtec.cat\/insjoanmercader\/wp-json\/wp\/v2\/posts\/6391\/revisions\/6393"}],"wp:featuredmedia":[{"embeddable":true,"href":"https:\/\/agora.xtec.cat\/insjoanmercader\/wp-json\/wp\/v2\/media\/6392"}],"wp:attachment":[{"href":"https:\/\/agora.xtec.cat\/insjoanmercader\/wp-json\/wp\/v2\/media?parent=6391"}],"wp:term":[{"taxonomy":"category","embeddable":true,"href":"https:\/\/agora.xtec.cat\/insjoanmercader\/wp-json\/wp\/v2\/categories?post=6391"},{"taxonomy":"post_tag","embeddable":true,"href":"https:\/\/agora.xtec.cat\/insjoanmercader\/wp-json\/wp\/v2\/tags?post=6391"}],"curies":[{"name":"wp","href":"https:\/\/api.w.org\/{rel}","templated":true}]}}