{"id":6368,"date":"2020-02-03T14:21:35","date_gmt":"2020-02-03T13:21:35","guid":{"rendered":"http:\/\/agora.xtec.cat\/insjoanmercader\/?p=6368"},"modified":"2020-02-03T14:21:53","modified_gmt":"2020-02-03T13:21:53","slug":"lequip-de-linstitut-joan-mercader-finalista-a-la-lliga-de-debat","status":"publish","type":"post","link":"https:\/\/agora.xtec.cat\/insjoanmercader\/general\/lequip-de-linstitut-joan-mercader-finalista-a-la-lliga-de-debat\/","title":{"rendered":"L\u2019equip de l\u2019Institut Joan Mercader finalista a la Lliga de Debat"},"content":{"rendered":"<p>L\u2019equip de l\u2019Institut Joan Mercader, format pels alumnes Elena Balici, Aina Carrique i Aleix Casals van quedar finalistes de la fase local de la Lliga de Debat, organitzada per la Xarxa Vives, celebrada els passats dies 30 i 31 de gener a l\u2019auditori del campus Ciutadella de la Universitat Pompeu Fabra.<\/p>\n<p>Abans d\u2019aquesta fase, tots els participants van fer una jornada de formaci\u00f3 en debat el dia 10 de gener a les mateixes instal\u00b7lacions de la Universitat Pompeu Fabra. Els alumnes del Mercader, que es van haver de sobreposar a la baixa d\u2019\u00faltima hora de la component de l\u2019equip Janna Abul\u00ed per motius de salut, van suplir aquest inconvenient amb una preparaci\u00f3 molt s\u00f2lida que els va portar a passar la fase de grups despr\u00e9s de \u00a0superar \u00a0als Instituts Carrasco i Formiguera i Hamelin Laie. Posteriorment, a Quarts de Final es van imposar a l\u2019escola \u201cBon Soleil\u201d i a semifinals a l\u2019escola Daina Isard.<\/p>\n<p>A la Final, malgrat tenir una gran actuaci\u00f3, no van poder superar al Col\u00b7legi Badalon\u00e8s. Cal destacar que l\u2019equip del Mercader participava per primer cop en aquesta Lliga de Debat i que es va trobar amb centres que ja fa molts anys que preparen la seva participaci\u00f3. Tamb\u00e9 s\u2019ha d\u2019incidir amb la molt bona feina del professor, \u00d2scar S\u00e1nchez, que actuava com a capit\u00e0 de l\u2019equip amb el suport de la professora Alba Romaguera. La magn\u00edfica experi\u00e8ncia fa que el centre es plantegi seguir participant en properes edicions, aix\u00ed com potenciar el debat entre els seus alumnes, cosa que ja s\u2019est\u00e0 duent a terme amb formacions a diferents nivells en orat\u00f2ria i debat.<\/p>\n<p><a href=\"https:\/\/agora.xtec.cat\/insjoanmercader\/wp-content\/uploads\/usu427\/2020\/02\/IMG-20200130-WA0002.jpeg\"><img loading=\"lazy\" decoding=\"async\" class=\"aligncenter size-large wp-image-6369\" src=\"https:\/\/agora.xtec.cat\/insjoanmercader\/wp-content\/uploads\/usu427\/2020\/02\/IMG-20200130-WA0002-575x1024.jpeg\" alt=\"\" width=\"575\" height=\"1024\" srcset=\"https:\/\/agora.xtec.cat\/insjoanmercader\/wp-content\/uploads\/usu427\/2020\/02\/IMG-20200130-WA0002-575x1024.jpeg 575w, https:\/\/agora.xtec.cat\/insjoanmercader\/wp-content\/uploads\/usu427\/2020\/02\/IMG-20200130-WA0002-168x300.jpeg 168w, https:\/\/agora.xtec.cat\/insjoanmercader\/wp-content\/uploads\/usu427\/2020\/02\/IMG-20200130-WA0002-768x1368.jpeg 768w\" sizes=\"auto, (max-width: 575px) 100vw, 575px\" \/><\/a><a href=\"https:\/\/agora.xtec.cat\/insjoanmercader\/wp-content\/uploads\/usu427\/2020\/02\/TALLER-DEBAT1.jpg\"><img loading=\"lazy\" decoding=\"async\" class=\"aligncenter size-large wp-image-6371\" src=\"https:\/\/agora.xtec.cat\/insjoanmercader\/wp-content\/uploads\/usu427\/2020\/02\/TALLER-DEBAT1-1024x754.jpg\" alt=\"\" width=\"1024\" height=\"754\" srcset=\"https:\/\/agora.xtec.cat\/insjoanmercader\/wp-content\/uploads\/usu427\/2020\/02\/TALLER-DEBAT1-1024x754.jpg 1024w, https:\/\/agora.xtec.cat\/insjoanmercader\/wp-content\/uploads\/usu427\/2020\/02\/TALLER-DEBAT1-300x221.jpg 300w, https:\/\/agora.xtec.cat\/insjoanmercader\/wp-content\/uploads\/usu427\/2020\/02\/TALLER-DEBAT1-768x565.jpg 768w, https:\/\/agora.xtec.cat\/insjoanmercader\/wp-content\/uploads\/usu427\/2020\/02\/TALLER-DEBAT1.jpg 1095w\" sizes=\"auto, (max-width: 1024px) 100vw, 1024px\" \/><\/a><a href=\"https:\/\/agora.xtec.cat\/insjoanmercader\/wp-content\/uploads\/usu427\/2020\/02\/TALLER-DEBAT2.jpg\"><img loading=\"lazy\" decoding=\"async\" class=\"aligncenter size-full wp-image-6372\" src=\"https:\/\/agora.xtec.cat\/insjoanmercader\/wp-content\/uploads\/usu427\/2020\/02\/TALLER-DEBAT2.jpg\" alt=\"\" width=\"608\" height=\"683\" srcset=\"https:\/\/agora.xtec.cat\/insjoanmercader\/wp-content\/uploads\/usu427\/2020\/02\/TALLER-DEBAT2.jpg 608w, https:\/\/agora.xtec.cat\/insjoanmercader\/wp-content\/uploads\/usu427\/2020\/02\/TALLER-DEBAT2-267x300.jpg 267w\" sizes=\"auto, (max-width: 608px) 100vw, 608px\" \/><\/a><a href=\"https:\/\/agora.xtec.cat\/insjoanmercader\/wp-content\/uploads\/usu427\/2020\/02\/TALLER-DEBAT3.jpg\"><img loading=\"lazy\" decoding=\"async\" class=\"aligncenter size-full wp-image-6373\" src=\"https:\/\/agora.xtec.cat\/insjoanmercader\/wp-content\/uploads\/usu427\/2020\/02\/TALLER-DEBAT3.jpg\" alt=\"\" width=\"618\" height=\"813\" srcset=\"https:\/\/agora.xtec.cat\/insjoanmercader\/wp-content\/uploads\/usu427\/2020\/02\/TALLER-DEBAT3.jpg 618w, https:\/\/agora.xtec.cat\/insjoanmercader\/wp-content\/uploads\/usu427\/2020\/02\/TALLER-DEBAT3-228x300.jpg 228w\" sizes=\"auto, (max-width: 618px) 100vw, 618px\" \/><\/a><\/p>\n","protected":false},"excerpt":{"rendered":"<p>L\u2019equip de l\u2019Institut Joan Mercader, format pels alumnes Elena Balici, Aina Carrique i Aleix Casals van quedar finalistes de la fase local de la Lliga de Debat, organitzada per la Xarxa Vives, celebrada els passats dies 30 i 31 de gener a l\u2019auditori del campus Ciutadella de la Universitat Pompeu Fabra. Abans d\u2019aquesta fase, tots [&hellip;]<\/p>\n","protected":false},"author":34,"featured_media":6373,"comment_status":"closed","ping_status":"closed","sticky":false,"template":"","format":"standard","meta":{"_bbp_topic_count":0,"_bbp_reply_count":0,"_bbp_total_topic_count":0,"_bbp_total_reply_count":0,"_bbp_voice_count":0,"_bbp_anonymous_reply_count":0,"_bbp_topic_count_hidden":0,"_bbp_reply_count_hidden":0,"_bbp_forum_subforum_count":0,"site-sidebar-layout":"default","site-content-layout":"","ast-site-content-layout":"","site-content-style":"default","site-sidebar-style":"default","ast-global-header-display":"","ast-banner-title-visibility":"","ast-main-header-display":"","ast-hfb-above-header-display":"","ast-hfb-below-header-display":"","ast-hfb-mobile-header-display":"","site-post-title":"","ast-breadcrumbs-content":"","ast-featured-img":"","footer-sml-layout":"","theme-transparent-header-meta":"","adv-header-id-meta":"","stick-header-meta":"","header-above-stick-meta":"","header-main-stick-meta":"","header-below-stick-meta":"","astra-migrate-meta-layouts":"default","ast-page-background-enabled":"default","ast-page-background-meta":{"desktop":{"background-color":"var(--ast-global-color-4)","background-image":"","background-repeat":"repeat","background-position":"center center","background-size":"auto","background-attachment":"scroll","background-type":"","background-media":"","overlay-type":"","overlay-color":"","overlay-opacity":"","overlay-gradient":""},"tablet":{"background-color":"","background-image":"","background-repeat":"repeat","background-position":"center center","background-size":"auto","background-attachment":"scroll","background-type":"","background-media":"","overlay-type":"","overlay-color":"","overlay-opacity":"","overlay-gradient":""},"mobile":{"background-color":"","background-image":"","background-repeat":"repeat","background-position":"center center","background-size":"auto","background-attachment":"scroll","background-type":"","background-media":"","overlay-type":"","overlay-color":"","overlay-opacity":"","overlay-gradient":""}},"ast-content-background-meta":{"desktop":{"background-color":"var(--ast-global-color-5)","background-image":"","background-repeat":"repeat","background-position":"center center","background-size":"auto","background-attachment":"scroll","background-type":"","background-media":"","overlay-type":"","overlay-color":"","overlay-opacity":"","overlay-gradient":""},"tablet":{"background-color":"var(--ast-global-color-5)","background-image":"","background-repeat":"repeat","background-position":"center center","background-size":"auto","background-attachment":"scroll","background-type":"","background-media":"","overlay-type":"","overlay-color":"","overlay-opacity":"","overlay-gradient":""},"mobile":{"background-color":"var(--ast-global-color-5)","background-image":"","background-repeat":"repeat","background-position":"center center","background-size":"auto","background-attachment":"scroll","background-type":"","background-media":"","overlay-type":"","overlay-color":"","overlay-opacity":"","overlay-gradient":""}},"footnotes":""},"categories":[8,1,29],"tags":[],"class_list":["post-6368","post","type-post","status-publish","format-standard","has-post-thumbnail","hentry","category-batxillerat","category-general","category-portada"],"post_mailing_queue_ids":[],"_links":{"self":[{"href":"https:\/\/agora.xtec.cat\/insjoanmercader\/wp-json\/wp\/v2\/posts\/6368","targetHints":{"allow":["GET"]}}],"collection":[{"href":"https:\/\/agora.xtec.cat\/insjoanmercader\/wp-json\/wp\/v2\/posts"}],"about":[{"href":"https:\/\/agora.xtec.cat\/insjoanmercader\/wp-json\/wp\/v2\/types\/post"}],"author":[{"embeddable":true,"href":"https:\/\/agora.xtec.cat\/insjoanmercader\/wp-json\/wp\/v2\/users\/34"}],"replies":[{"embeddable":true,"href":"https:\/\/agora.xtec.cat\/insjoanmercader\/wp-json\/wp\/v2\/comments?post=6368"}],"version-history":[{"count":2,"href":"https:\/\/agora.xtec.cat\/insjoanmercader\/wp-json\/wp\/v2\/posts\/6368\/revisions"}],"predecessor-version":[{"id":6374,"href":"https:\/\/agora.xtec.cat\/insjoanmercader\/wp-json\/wp\/v2\/posts\/6368\/revisions\/6374"}],"wp:featuredmedia":[{"embeddable":true,"href":"https:\/\/agora.xtec.cat\/insjoanmercader\/wp-json\/wp\/v2\/media\/6373"}],"wp:attachment":[{"href":"https:\/\/agora.xtec.cat\/insjoanmercader\/wp-json\/wp\/v2\/media?parent=6368"}],"wp:term":[{"taxonomy":"category","embeddable":true,"href":"https:\/\/agora.xtec.cat\/insjoanmercader\/wp-json\/wp\/v2\/categories?post=6368"},{"taxonomy":"post_tag","embeddable":true,"href":"https:\/\/agora.xtec.cat\/insjoanmercader\/wp-json\/wp\/v2\/tags?post=6368"}],"curies":[{"name":"wp","href":"https:\/\/api.w.org\/{rel}","templated":true}]}}