{"id":5678,"date":"2019-05-21T18:24:23","date_gmt":"2019-05-21T16:24:23","guid":{"rendered":"http:\/\/agora.xtec.cat\/insjoanmercader\/?p=5678"},"modified":"2019-05-21T18:24:23","modified_gmt":"2019-05-21T16:24:23","slug":"tancament-del-servei-comunitari-somsolidaris-de-linstitut-joan-mercader","status":"publish","type":"post","link":"https:\/\/agora.xtec.cat\/insjoanmercader\/general\/tancament-del-servei-comunitari-somsolidaris-de-linstitut-joan-mercader\/","title":{"rendered":"TANCAMENT DEL SERVEI COMUNITARI \u201cSOMSOLIDARIS\u201d DE L\u2019INSTITUT JOAN MERCADER"},"content":{"rendered":"<p>Aquest dimarts, 21 de maig, a les 10:00 ha tingut lloc a l\u2019Institut Joan Mercader el tancament del Servei Comunitari de l\u2019actual curs. Els alumnes de 4t d\u2019ESO del centre han realitzat al llarg del curs uns serveis de voluntariat en dues entitats locals: C\u00e0ritas i Creu Roja. Es tracta d\u2019un total de 120 alumnes que han participat en m\u00e9s de vint projectes diferents de la totalitat que duen a terme les dues entitats. S\u2019ha creat un Servei Comunitari anomenat \u201cSomSolidaris\u201d el qual ha hagut de distribuir els alumnes en cada un dels projectes i, amb l\u2019ajuda de les responsables de C\u00e0ritas i Creu Roja, s\u2019ha procedit al seguiment del servei. Es tracta d\u2019un total de 8 hores que han hagut de realitzar els alumnes a hores no lectives i en activitats que els impliquessin a nivell social, en ajuda a diversos col\u00b7lectius d\u2019Igualada. Des de col\u00b7laborar en el Gran Recapte d\u2019aliments, classes de refor\u00e7 a alumnes de prim\u00e0ria, tallers a l\u2019hospital, dinamitzaci\u00f3 de la gent gran, aix\u00ed com participar en la recollida de joguines o en la botiga de segona ma.<\/p>\n<p>La valoraci\u00f3 dels alumnes ha estat positiva i han agra\u00eft que se\u2019ls hagi donat la oportunitat de col\u00b7laborar en aquest petit tast de voluntariat. Alguns d\u2019ells, \u00e0dhuc, han decidit seguir sent voluntaris un cop acabat el servei comunitari. Els responsables de l\u2019institut aix\u00ed com els de Creu Roja i C\u00e0ritas tamb\u00e9 han valorat molt positivament aquesta experi\u00e8ncia i ja estan treballant per millorar-ho de cara al curs seg\u00fcent. Des del centre es vol agrair especialment la implicaci\u00f3 de les fam\u00edlies per donar aquesta educaci\u00f3 en valors a trav\u00e9s del Servei Comunitari.<\/p>\n<p>Fotos: D\u00e0maris Rosa<\/p>\n<p><a href=\"https:\/\/agora.xtec.cat\/insjoanmercader\/wp-content\/uploads\/usu427\/2019\/05\/servei-comunitari2.jpg\"><img loading=\"lazy\" decoding=\"async\" class=\"aligncenter size-large wp-image-5680\" src=\"https:\/\/agora.xtec.cat\/insjoanmercader\/wp-content\/uploads\/usu427\/2019\/05\/servei-comunitari2-1024x559.jpg\" alt=\"\" width=\"1024\" height=\"559\" srcset=\"https:\/\/agora.xtec.cat\/insjoanmercader\/wp-content\/uploads\/usu427\/2019\/05\/servei-comunitari2-1024x559.jpg 1024w, https:\/\/agora.xtec.cat\/insjoanmercader\/wp-content\/uploads\/usu427\/2019\/05\/servei-comunitari2-300x164.jpg 300w, https:\/\/agora.xtec.cat\/insjoanmercader\/wp-content\/uploads\/usu427\/2019\/05\/servei-comunitari2-768x419.jpg 768w, https:\/\/agora.xtec.cat\/insjoanmercader\/wp-content\/uploads\/usu427\/2019\/05\/servei-comunitari2.jpg 1471w\" sizes=\"auto, (max-width: 1024px) 100vw, 1024px\" \/><\/a><a href=\"https:\/\/agora.xtec.cat\/insjoanmercader\/wp-content\/uploads\/usu427\/2019\/05\/servei-comunitari1.jpg\"><img loading=\"lazy\" decoding=\"async\" class=\"aligncenter size-large wp-image-5679\" src=\"https:\/\/agora.xtec.cat\/insjoanmercader\/wp-content\/uploads\/usu427\/2019\/05\/servei-comunitari1-1024x620.jpg\" alt=\"\" width=\"1024\" height=\"620\" srcset=\"https:\/\/agora.xtec.cat\/insjoanmercader\/wp-content\/uploads\/usu427\/2019\/05\/servei-comunitari1-1024x620.jpg 1024w, https:\/\/agora.xtec.cat\/insjoanmercader\/wp-content\/uploads\/usu427\/2019\/05\/servei-comunitari1-300x182.jpg 300w, https:\/\/agora.xtec.cat\/insjoanmercader\/wp-content\/uploads\/usu427\/2019\/05\/servei-comunitari1-768x465.jpg 768w, https:\/\/agora.xtec.cat\/insjoanmercader\/wp-content\/uploads\/usu427\/2019\/05\/servei-comunitari1.jpg 1212w\" sizes=\"auto, (max-width: 1024px) 100vw, 1024px\" \/><\/a><\/p>\n","protected":false},"excerpt":{"rendered":"<p>Aquest dimarts, 21 de maig, a les 10:00 ha tingut lloc a l\u2019Institut Joan Mercader el tancament del Servei Comunitari de l\u2019actual curs. Els alumnes de 4t d\u2019ESO del centre han realitzat al llarg del curs uns serveis de voluntariat en dues entitats locals: C\u00e0ritas i Creu Roja. Es tracta d\u2019un total de 120 alumnes [&hellip;]<\/p>\n","protected":false},"author":30,"featured_media":5679,"comment_status":"closed","ping_status":"closed","sticky":false,"template":"","format":"standard","meta":{"_bbp_topic_count":0,"_bbp_reply_count":0,"_bbp_total_topic_count":0,"_bbp_total_reply_count":0,"_bbp_voice_count":0,"_bbp_anonymous_reply_count":0,"_bbp_topic_count_hidden":0,"_bbp_reply_count_hidden":0,"_bbp_forum_subforum_count":0,"site-sidebar-layout":"default","site-content-layout":"","ast-site-content-layout":"","site-content-style":"default","site-sidebar-style":"default","ast-global-header-display":"","ast-banner-title-visibility":"","ast-main-header-display":"","ast-hfb-above-header-display":"","ast-hfb-below-header-display":"","ast-hfb-mobile-header-display":"","site-post-title":"","ast-breadcrumbs-content":"","ast-featured-img":"","footer-sml-layout":"","theme-transparent-header-meta":"","adv-header-id-meta":"","stick-header-meta":"","header-above-stick-meta":"","header-main-stick-meta":"","header-below-stick-meta":"","astra-migrate-meta-layouts":"default","ast-page-background-enabled":"default","ast-page-background-meta":{"desktop":{"background-color":"var(--ast-global-color-4)","background-image":"","background-repeat":"repeat","background-position":"center center","background-size":"auto","background-attachment":"scroll","background-type":"","background-media":"","overlay-type":"","overlay-color":"","overlay-opacity":"","overlay-gradient":""},"tablet":{"background-color":"","background-image":"","background-repeat":"repeat","background-position":"center center","background-size":"auto","background-attachment":"scroll","background-type":"","background-media":"","overlay-type":"","overlay-color":"","overlay-opacity":"","overlay-gradient":""},"mobile":{"background-color":"","background-image":"","background-repeat":"repeat","background-position":"center center","background-size":"auto","background-attachment":"scroll","background-type":"","background-media":"","overlay-type":"","overlay-color":"","overlay-opacity":"","overlay-gradient":""}},"ast-content-background-meta":{"desktop":{"background-color":"var(--ast-global-color-5)","background-image":"","background-repeat":"repeat","background-position":"center center","background-size":"auto","background-attachment":"scroll","background-type":"","background-media":"","overlay-type":"","overlay-color":"","overlay-opacity":"","overlay-gradient":""},"tablet":{"background-color":"var(--ast-global-color-5)","background-image":"","background-repeat":"repeat","background-position":"center center","background-size":"auto","background-attachment":"scroll","background-type":"","background-media":"","overlay-type":"","overlay-color":"","overlay-opacity":"","overlay-gradient":""},"mobile":{"background-color":"var(--ast-global-color-5)","background-image":"","background-repeat":"repeat","background-position":"center center","background-size":"auto","background-attachment":"scroll","background-type":"","background-media":"","overlay-type":"","overlay-color":"","overlay-opacity":"","overlay-gradient":""}},"footnotes":""},"categories":[3,7,1,169,29,132],"tags":[],"class_list":["post-5678","post","type-post","status-publish","format-standard","has-post-thumbnail","hentry","category-eso","category-eso-4","category-general","category-humanistic","category-portada","category-ce_aps_med"],"post_mailing_queue_ids":[],"_links":{"self":[{"href":"https:\/\/agora.xtec.cat\/insjoanmercader\/wp-json\/wp\/v2\/posts\/5678","targetHints":{"allow":["GET"]}}],"collection":[{"href":"https:\/\/agora.xtec.cat\/insjoanmercader\/wp-json\/wp\/v2\/posts"}],"about":[{"href":"https:\/\/agora.xtec.cat\/insjoanmercader\/wp-json\/wp\/v2\/types\/post"}],"author":[{"embeddable":true,"href":"https:\/\/agora.xtec.cat\/insjoanmercader\/wp-json\/wp\/v2\/users\/30"}],"replies":[{"embeddable":true,"href":"https:\/\/agora.xtec.cat\/insjoanmercader\/wp-json\/wp\/v2\/comments?post=5678"}],"version-history":[{"count":1,"href":"https:\/\/agora.xtec.cat\/insjoanmercader\/wp-json\/wp\/v2\/posts\/5678\/revisions"}],"predecessor-version":[{"id":5681,"href":"https:\/\/agora.xtec.cat\/insjoanmercader\/wp-json\/wp\/v2\/posts\/5678\/revisions\/5681"}],"wp:featuredmedia":[{"embeddable":true,"href":"https:\/\/agora.xtec.cat\/insjoanmercader\/wp-json\/wp\/v2\/media\/5679"}],"wp:attachment":[{"href":"https:\/\/agora.xtec.cat\/insjoanmercader\/wp-json\/wp\/v2\/media?parent=5678"}],"wp:term":[{"taxonomy":"category","embeddable":true,"href":"https:\/\/agora.xtec.cat\/insjoanmercader\/wp-json\/wp\/v2\/categories?post=5678"},{"taxonomy":"post_tag","embeddable":true,"href":"https:\/\/agora.xtec.cat\/insjoanmercader\/wp-json\/wp\/v2\/tags?post=5678"}],"curies":[{"name":"wp","href":"https:\/\/api.w.org\/{rel}","templated":true}]}}