{"id":5662,"date":"2019-06-04T18:00:56","date_gmt":"2019-06-04T16:00:56","guid":{"rendered":"http:\/\/agora.xtec.cat\/insjoanmercader\/?p=5662"},"modified":"2019-06-04T18:13:22","modified_gmt":"2019-06-04T16:13:22","slug":"cursos-destiu-per-alumnat-de-secundaria-2019","status":"publish","type":"post","link":"https:\/\/agora.xtec.cat\/insjoanmercader\/general\/cursos-destiu-per-alumnat-de-secundaria-2019\/","title":{"rendered":"Cursos d&#8217;estiu per alumnat de secund\u00e0ria 2019"},"content":{"rendered":"<p>Benvolgudes fam\u00edlies,<\/p>\n<p>En aquest article anirem afegint i actualitzant informacions sobre cursos d&#8217;estiu dirigits a alumnat de secund\u00e0ria.<\/p>\n<p>Cursos a l&#8217;ICE de l&#8217;UAB per facilitar el coneixement del m\u00f3n universitari i millorar l\u2019orientaci\u00f3 acad\u00e8mica de l\u2019alumnat de 3r i 4t d\u2019ESO, Batxillerat i Cicles Formatius.<\/p>\n<p><a href=\"https:\/\/www.uab.cat\/web\/formacio\/activitats-d-estiu\/cursos-alumnat-secundaria-2019-1345780688069.html\" target=\"_blank\" rel=\"noopener noreferrer\">Enlla\u00e7 UAB<\/a>.<\/p>\n<p><a href=\"http:\/\/www.ub.edu\/futurs\/activitats.htm\" target=\"_blank\" rel=\"noopener noreferrer\">Futurs estudiants UB<\/a>.<\/p>\n<p><a href=\"https:\/\/www.upc.edu\/ca\/futurs-estudiants\/tallers-cientifics-i-tecnologics\" target=\"_blank\" rel=\"noopener noreferrer\">Tallers cient\u00edfics i tecnol\u00f2gics UPC<\/a><\/p>\n<p><a href=\"http:\/\/www.ub.edu\/laubdivulga\/arqueub\/activitats_3.html\" target=\"_blank\" rel=\"noopener noreferrer\">Tallers arqueologia UB<\/a><\/p>\n<p><a href=\"http:\/\/www.ice.udl.cat\/ca\/activitats\/campus-jove-itinera-00001\/\" target=\"_blank\" rel=\"noopener noreferrer\">Campus jove Itinera UdL<\/a><\/p>\n<p><a href=\"https:\/\/www.uab.cat\/web\/programa-argo\/programa-argo-estudiants\/estudiants\/cursos-estiu\/Com-explicar-la-ciencia-i-la-tecnologia-que-mes-t-agraden-a-traves-del-teatre-xerrades-tipus-TED-o-YouTube-1345781411417.html\" target=\"_blank\" rel=\"noopener noreferrer\">Programa Arg\u00f3 UAB<\/a><\/p>\n<p>&nbsp;<\/p>\n<p>&nbsp;<\/p>\n<p>&nbsp;<\/p>\n<p>&nbsp;<\/p>\n<p>&nbsp;<\/p>\n","protected":false},"excerpt":{"rendered":"<p>Benvolgudes fam\u00edlies, En aquest article anirem afegint i actualitzant informacions sobre cursos d&#8217;estiu dirigits a alumnat de secund\u00e0ria. Cursos a l&#8217;ICE de l&#8217;UAB per facilitar el coneixement del m\u00f3n universitari i millorar l\u2019orientaci\u00f3 acad\u00e8mica de l\u2019alumnat de 3r i 4t d\u2019ESO, Batxillerat i Cicles Formatius. Enlla\u00e7 UAB. Futurs estudiants UB. Tallers cient\u00edfics i tecnol\u00f2gics UPC [&hellip;]<\/p>\n","protected":false},"author":57,"featured_media":0,"comment_status":"closed","ping_status":"closed","sticky":false,"template":"","format":"standard","meta":{"_bbp_topic_count":0,"_bbp_reply_count":0,"_bbp_total_topic_count":0,"_bbp_total_reply_count":0,"_bbp_voice_count":0,"_bbp_anonymous_reply_count":0,"_bbp_topic_count_hidden":0,"_bbp_reply_count_hidden":0,"_bbp_forum_subforum_count":0,"site-sidebar-layout":"default","site-content-layout":"","ast-site-content-layout":"","site-content-style":"default","site-sidebar-style":"default","ast-global-header-display":"","ast-banner-title-visibility":"","ast-main-header-display":"","ast-hfb-above-header-display":"","ast-hfb-below-header-display":"","ast-hfb-mobile-header-display":"","site-post-title":"","ast-breadcrumbs-content":"","ast-featured-img":"","footer-sml-layout":"","theme-transparent-header-meta":"","adv-header-id-meta":"","stick-header-meta":"","header-above-stick-meta":"","header-main-stick-meta":"","header-below-stick-meta":"","astra-migrate-meta-layouts":"default","ast-page-background-enabled":"default","ast-page-background-meta":{"desktop":{"background-color":"var(--ast-global-color-4)","background-image":"","background-repeat":"repeat","background-position":"center center","background-size":"auto","background-attachment":"scroll","background-type":"","background-media":"","overlay-type":"","overlay-color":"","overlay-opacity":"","overlay-gradient":""},"tablet":{"background-color":"","background-image":"","background-repeat":"repeat","background-position":"center center","background-size":"auto","background-attachment":"scroll","background-type":"","background-media":"","overlay-type":"","overlay-color":"","overlay-opacity":"","overlay-gradient":""},"mobile":{"background-color":"","background-image":"","background-repeat":"repeat","background-position":"center center","background-size":"auto","background-attachment":"scroll","background-type":"","background-media":"","overlay-type":"","overlay-color":"","overlay-opacity":"","overlay-gradient":""}},"ast-content-background-meta":{"desktop":{"background-color":"var(--ast-global-color-5)","background-image":"","background-repeat":"repeat","background-position":"center center","background-size":"auto","background-attachment":"scroll","background-type":"","background-media":"","overlay-type":"","overlay-color":"","overlay-opacity":"","overlay-gradient":""},"tablet":{"background-color":"var(--ast-global-color-5)","background-image":"","background-repeat":"repeat","background-position":"center center","background-size":"auto","background-attachment":"scroll","background-type":"","background-media":"","overlay-type":"","overlay-color":"","overlay-opacity":"","overlay-gradient":""},"mobile":{"background-color":"var(--ast-global-color-5)","background-image":"","background-repeat":"repeat","background-position":"center center","background-size":"auto","background-attachment":"scroll","background-type":"","background-media":"","overlay-type":"","overlay-color":"","overlay-opacity":"","overlay-gradient":""}},"footnotes":""},"categories":[8,3,6,7,1,175,29],"tags":[],"class_list":["post-5662","post","type-post","status-publish","format-standard","hentry","category-batxillerat","category-eso","category-eso-3","category-eso-4","category-general","category-orientacioitutoria","category-portada"],"post_mailing_queue_ids":[],"_links":{"self":[{"href":"https:\/\/agora.xtec.cat\/insjoanmercader\/wp-json\/wp\/v2\/posts\/5662","targetHints":{"allow":["GET"]}}],"collection":[{"href":"https:\/\/agora.xtec.cat\/insjoanmercader\/wp-json\/wp\/v2\/posts"}],"about":[{"href":"https:\/\/agora.xtec.cat\/insjoanmercader\/wp-json\/wp\/v2\/types\/post"}],"author":[{"embeddable":true,"href":"https:\/\/agora.xtec.cat\/insjoanmercader\/wp-json\/wp\/v2\/users\/57"}],"replies":[{"embeddable":true,"href":"https:\/\/agora.xtec.cat\/insjoanmercader\/wp-json\/wp\/v2\/comments?post=5662"}],"version-history":[{"count":3,"href":"https:\/\/agora.xtec.cat\/insjoanmercader\/wp-json\/wp\/v2\/posts\/5662\/revisions"}],"predecessor-version":[{"id":5797,"href":"https:\/\/agora.xtec.cat\/insjoanmercader\/wp-json\/wp\/v2\/posts\/5662\/revisions\/5797"}],"wp:attachment":[{"href":"https:\/\/agora.xtec.cat\/insjoanmercader\/wp-json\/wp\/v2\/media?parent=5662"}],"wp:term":[{"taxonomy":"category","embeddable":true,"href":"https:\/\/agora.xtec.cat\/insjoanmercader\/wp-json\/wp\/v2\/categories?post=5662"},{"taxonomy":"post_tag","embeddable":true,"href":"https:\/\/agora.xtec.cat\/insjoanmercader\/wp-json\/wp\/v2\/tags?post=5662"}],"curies":[{"name":"wp","href":"https:\/\/api.w.org\/{rel}","templated":true}]}}