{"id":5613,"date":"2019-05-14T08:24:37","date_gmt":"2019-05-14T06:24:37","guid":{"rendered":"http:\/\/agora.xtec.cat\/insjoanmercader\/?p=5613"},"modified":"2019-05-14T08:24:37","modified_gmt":"2019-05-14T06:24:37","slug":"claudia-sola-accessit-al-premi-arnau-vilanova-de-filosofia","status":"publish","type":"post","link":"https:\/\/agora.xtec.cat\/insjoanmercader\/general\/claudia-sola-accessit-al-premi-arnau-vilanova-de-filosofia\/","title":{"rendered":"Cl\u00e0udia Sol\u00e0 acc\u00e9ssit al Premi Arnau Vilanova de Filosofia"},"content":{"rendered":"<p>La Cl\u00e0udia Sol\u00e0, alumna del Segon de Batxillerat Human\u00edstic, ha rebut un reconeixement pel seu treball de recerca &#8220;L&#8217;autorefer\u00e8ncia i les paradoxes&#8221;.\u00a0 Es tracta d&#8217;un acc\u00e9ssit al Premi de Filosofia Arnau Vilanova, que convoca el Col\u00b7legi de llicenciats i doctors en Filosofia i lletres, i s&#8217;adre\u00e7a a estudiants de batxillerat de tot Catalunya.<\/p>\n<p>El seu tutor del treball, Ramon Coletes, comenta que va fer una bona feina amb un tema de l\u00f2gica que no \u00e9s gens senzill.<\/p>\n<p>Enhorabona Cl\u00e0udia!!<\/p>\n<p><a href=\"https:\/\/agora.xtec.cat\/insjoanmercader\/wp-content\/uploads\/usu427\/2019\/05\/foto-miralls-tdr-Claudia.png\"><img loading=\"lazy\" decoding=\"async\" class=\"aligncenter size-large wp-image-5633\" src=\"https:\/\/agora.xtec.cat\/insjoanmercader\/wp-content\/uploads\/usu427\/2019\/05\/foto-miralls-tdr-Claudia-1024x633.png\" alt=\"\" width=\"1024\" height=\"633\" srcset=\"https:\/\/agora.xtec.cat\/insjoanmercader\/wp-content\/uploads\/usu427\/2019\/05\/foto-miralls-tdr-Claudia-1024x633.png 1024w, https:\/\/agora.xtec.cat\/insjoanmercader\/wp-content\/uploads\/usu427\/2019\/05\/foto-miralls-tdr-Claudia-300x185.png 300w, https:\/\/agora.xtec.cat\/insjoanmercader\/wp-content\/uploads\/usu427\/2019\/05\/foto-miralls-tdr-Claudia-768x475.png 768w, https:\/\/agora.xtec.cat\/insjoanmercader\/wp-content\/uploads\/usu427\/2019\/05\/foto-miralls-tdr-Claudia.png 1333w\" sizes=\"auto, (max-width: 1024px) 100vw, 1024px\" \/><\/a><\/p>\n","protected":false},"excerpt":{"rendered":"<p>La Cl\u00e0udia Sol\u00e0, alumna del Segon de Batxillerat Human\u00edstic, ha rebut un reconeixement pel seu treball de recerca &#8220;L&#8217;autorefer\u00e8ncia i les paradoxes&#8221;.\u00a0 Es tracta d&#8217;un acc\u00e9ssit al Premi de Filosofia Arnau Vilanova, que convoca el Col\u00b7legi de llicenciats i doctors en Filosofia i lletres, i s&#8217;adre\u00e7a a estudiants de batxillerat de tot Catalunya. El seu [&hellip;]<\/p>\n","protected":false},"author":30,"featured_media":5633,"comment_status":"closed","ping_status":"closed","sticky":false,"template":"","format":"standard","meta":{"_bbp_topic_count":0,"_bbp_reply_count":0,"_bbp_total_topic_count":0,"_bbp_total_reply_count":0,"_bbp_voice_count":0,"_bbp_anonymous_reply_count":0,"_bbp_topic_count_hidden":0,"_bbp_reply_count_hidden":0,"_bbp_forum_subforum_count":0,"site-sidebar-layout":"default","site-content-layout":"","ast-site-content-layout":"","site-content-style":"default","site-sidebar-style":"default","ast-global-header-display":"","ast-banner-title-visibility":"","ast-main-header-display":"","ast-hfb-above-header-display":"","ast-hfb-below-header-display":"","ast-hfb-mobile-header-display":"","site-post-title":"","ast-breadcrumbs-content":"","ast-featured-img":"","footer-sml-layout":"","theme-transparent-header-meta":"","adv-header-id-meta":"","stick-header-meta":"","header-above-stick-meta":"","header-main-stick-meta":"","header-below-stick-meta":"","astra-migrate-meta-layouts":"default","ast-page-background-enabled":"default","ast-page-background-meta":{"desktop":{"background-color":"var(--ast-global-color-4)","background-image":"","background-repeat":"repeat","background-position":"center center","background-size":"auto","background-attachment":"scroll","background-type":"","background-media":"","overlay-type":"","overlay-color":"","overlay-opacity":"","overlay-gradient":""},"tablet":{"background-color":"","background-image":"","background-repeat":"repeat","background-position":"center center","background-size":"auto","background-attachment":"scroll","background-type":"","background-media":"","overlay-type":"","overlay-color":"","overlay-opacity":"","overlay-gradient":""},"mobile":{"background-color":"","background-image":"","background-repeat":"repeat","background-position":"center center","background-size":"auto","background-attachment":"scroll","background-type":"","background-media":"","overlay-type":"","overlay-color":"","overlay-opacity":"","overlay-gradient":""}},"ast-content-background-meta":{"desktop":{"background-color":"var(--ast-global-color-5)","background-image":"","background-repeat":"repeat","background-position":"center center","background-size":"auto","background-attachment":"scroll","background-type":"","background-media":"","overlay-type":"","overlay-color":"","overlay-opacity":"","overlay-gradient":""},"tablet":{"background-color":"var(--ast-global-color-5)","background-image":"","background-repeat":"repeat","background-position":"center center","background-size":"auto","background-attachment":"scroll","background-type":"","background-media":"","overlay-type":"","overlay-color":"","overlay-opacity":"","overlay-gradient":""},"mobile":{"background-color":"var(--ast-global-color-5)","background-image":"","background-repeat":"repeat","background-position":"center center","background-size":"auto","background-attachment":"scroll","background-type":"","background-media":"","overlay-type":"","overlay-color":"","overlay-opacity":"","overlay-gradient":""}},"footnotes":""},"categories":[8,1,169,29],"tags":[],"class_list":["post-5613","post","type-post","status-publish","format-standard","has-post-thumbnail","hentry","category-batxillerat","category-general","category-humanistic","category-portada"],"post_mailing_queue_ids":[],"_links":{"self":[{"href":"https:\/\/agora.xtec.cat\/insjoanmercader\/wp-json\/wp\/v2\/posts\/5613","targetHints":{"allow":["GET"]}}],"collection":[{"href":"https:\/\/agora.xtec.cat\/insjoanmercader\/wp-json\/wp\/v2\/posts"}],"about":[{"href":"https:\/\/agora.xtec.cat\/insjoanmercader\/wp-json\/wp\/v2\/types\/post"}],"author":[{"embeddable":true,"href":"https:\/\/agora.xtec.cat\/insjoanmercader\/wp-json\/wp\/v2\/users\/30"}],"replies":[{"embeddable":true,"href":"https:\/\/agora.xtec.cat\/insjoanmercader\/wp-json\/wp\/v2\/comments?post=5613"}],"version-history":[{"count":3,"href":"https:\/\/agora.xtec.cat\/insjoanmercader\/wp-json\/wp\/v2\/posts\/5613\/revisions"}],"predecessor-version":[{"id":5634,"href":"https:\/\/agora.xtec.cat\/insjoanmercader\/wp-json\/wp\/v2\/posts\/5613\/revisions\/5634"}],"wp:featuredmedia":[{"embeddable":true,"href":"https:\/\/agora.xtec.cat\/insjoanmercader\/wp-json\/wp\/v2\/media\/5633"}],"wp:attachment":[{"href":"https:\/\/agora.xtec.cat\/insjoanmercader\/wp-json\/wp\/v2\/media?parent=5613"}],"wp:term":[{"taxonomy":"category","embeddable":true,"href":"https:\/\/agora.xtec.cat\/insjoanmercader\/wp-json\/wp\/v2\/categories?post=5613"},{"taxonomy":"post_tag","embeddable":true,"href":"https:\/\/agora.xtec.cat\/insjoanmercader\/wp-json\/wp\/v2\/tags?post=5613"}],"curies":[{"name":"wp","href":"https:\/\/api.w.org\/{rel}","templated":true}]}}