{"id":5578,"date":"2019-05-03T18:42:57","date_gmt":"2019-05-03T16:42:57","guid":{"rendered":"http:\/\/agora.xtec.cat\/insjoanmercader\/?p=5578"},"modified":"2019-05-03T18:44:23","modified_gmt":"2019-05-03T16:44:23","slug":"marta-cahner-la-ruta-quijote-2019","status":"publish","type":"post","link":"https:\/\/agora.xtec.cat\/insjoanmercader\/general\/marta-cahner-la-ruta-quijote-2019\/","title":{"rendered":"Marta Cahner: &#8220;La Ruta Quijote 2019&#8221;"},"content":{"rendered":"<p>El grupo de alumnos de primero de Bachillerato Human\u00edstico fuimos el 26 de abril a Barcelona. All\u00ed hicimos la &#8220;Ruta del Quijote&#8221;; un recorrido a trav\u00e9s de la Barcelona g\u00f3tica y su centro, que sigue los pasos del caballero Don Quijote de la Mancha en la segunda parte del famoso libro.<\/p>\n<p>Durante el recorrido, hac\u00edamos paradas y, por grupos, explic\u00e1bamos algunos datos sobre la novela, su ambientaci\u00f3n y tambi\u00e9n sobre su autor Cervantes.<\/p>\n<p>Empezamos en las Ramblas y terminamos en el puerto de Barcelona donde termina tambi\u00e9n la obra de Cervantes. La ruta nos ocup\u00f3 toda la ma\u00f1ana, despu\u00e9s de un gran paseo con siete paradas comentadas y relacionadas con el Quijote, regresamos a Igualada.<a href=\"https:\/\/agora.xtec.cat\/insjoanmercader\/wp-content\/uploads\/usu427\/2019\/05\/rutaquijote1.png\"><img loading=\"lazy\" decoding=\"async\" class=\"aligncenter size-full wp-image-5579\" src=\"https:\/\/agora.xtec.cat\/insjoanmercader\/wp-content\/uploads\/usu427\/2019\/05\/rutaquijote1.png\" alt=\"\" width=\"268\" height=\"411\" srcset=\"https:\/\/agora.xtec.cat\/insjoanmercader\/wp-content\/uploads\/usu427\/2019\/05\/rutaquijote1.png 268w, https:\/\/agora.xtec.cat\/insjoanmercader\/wp-content\/uploads\/usu427\/2019\/05\/rutaquijote1-196x300.png 196w\" sizes=\"auto, (max-width: 268px) 100vw, 268px\" \/><\/a> <a href=\"https:\/\/agora.xtec.cat\/insjoanmercader\/wp-content\/uploads\/usu427\/2019\/05\/rutaquijote2.png\"><img loading=\"lazy\" decoding=\"async\" class=\"aligncenter size-large wp-image-5580\" src=\"https:\/\/agora.xtec.cat\/insjoanmercader\/wp-content\/uploads\/usu427\/2019\/05\/rutaquijote2.png\" alt=\"\" width=\"270\" height=\"511\" srcset=\"https:\/\/agora.xtec.cat\/insjoanmercader\/wp-content\/uploads\/usu427\/2019\/05\/rutaquijote2.png 270w, https:\/\/agora.xtec.cat\/insjoanmercader\/wp-content\/uploads\/usu427\/2019\/05\/rutaquijote2-159x300.png 159w\" sizes=\"auto, (max-width: 270px) 100vw, 270px\" \/><\/a><\/p>\n","protected":false},"excerpt":{"rendered":"<p>El grupo de alumnos de primero de Bachillerato Human\u00edstico fuimos el 26 de abril a Barcelona. All\u00ed hicimos la &#8220;Ruta del Quijote&#8221;; un recorrido a trav\u00e9s de la Barcelona g\u00f3tica y su centro, que sigue los pasos del caballero Don Quijote de la Mancha en la segunda parte del famoso libro. Durante el recorrido, hac\u00edamos [&hellip;]<\/p>\n","protected":false},"author":30,"featured_media":5579,"comment_status":"closed","ping_status":"closed","sticky":false,"template":"","format":"standard","meta":{"_bbp_topic_count":0,"_bbp_reply_count":0,"_bbp_total_topic_count":0,"_bbp_total_reply_count":0,"_bbp_voice_count":0,"_bbp_anonymous_reply_count":0,"_bbp_topic_count_hidden":0,"_bbp_reply_count_hidden":0,"_bbp_forum_subforum_count":0,"site-sidebar-layout":"default","site-content-layout":"","ast-site-content-layout":"","site-content-style":"default","site-sidebar-style":"default","ast-global-header-display":"","ast-banner-title-visibility":"","ast-main-header-display":"","ast-hfb-above-header-display":"","ast-hfb-below-header-display":"","ast-hfb-mobile-header-display":"","site-post-title":"","ast-breadcrumbs-content":"","ast-featured-img":"","footer-sml-layout":"","theme-transparent-header-meta":"","adv-header-id-meta":"","stick-header-meta":"","header-above-stick-meta":"","header-main-stick-meta":"","header-below-stick-meta":"","astra-migrate-meta-layouts":"default","ast-page-background-enabled":"default","ast-page-background-meta":{"desktop":{"background-color":"var(--ast-global-color-4)","background-image":"","background-repeat":"repeat","background-position":"center center","background-size":"auto","background-attachment":"scroll","background-type":"","background-media":"","overlay-type":"","overlay-color":"","overlay-opacity":"","overlay-gradient":""},"tablet":{"background-color":"","background-image":"","background-repeat":"repeat","background-position":"center center","background-size":"auto","background-attachment":"scroll","background-type":"","background-media":"","overlay-type":"","overlay-color":"","overlay-opacity":"","overlay-gradient":""},"mobile":{"background-color":"","background-image":"","background-repeat":"repeat","background-position":"center center","background-size":"auto","background-attachment":"scroll","background-type":"","background-media":"","overlay-type":"","overlay-color":"","overlay-opacity":"","overlay-gradient":""}},"ast-content-background-meta":{"desktop":{"background-color":"var(--ast-global-color-5)","background-image":"","background-repeat":"repeat","background-position":"center center","background-size":"auto","background-attachment":"scroll","background-type":"","background-media":"","overlay-type":"","overlay-color":"","overlay-opacity":"","overlay-gradient":""},"tablet":{"background-color":"var(--ast-global-color-5)","background-image":"","background-repeat":"repeat","background-position":"center center","background-size":"auto","background-attachment":"scroll","background-type":"","background-media":"","overlay-type":"","overlay-color":"","overlay-opacity":"","overlay-gradient":""},"mobile":{"background-color":"var(--ast-global-color-5)","background-image":"","background-repeat":"repeat","background-position":"center center","background-size":"auto","background-attachment":"scroll","background-type":"","background-media":"","overlay-type":"","overlay-color":"","overlay-opacity":"","overlay-gradient":""}},"footnotes":""},"categories":[8,1,59,29],"tags":[],"class_list":["post-5578","post","type-post","status-publish","format-standard","has-post-thumbnail","hentry","category-batxillerat","category-general","category-llengues","category-portada"],"post_mailing_queue_ids":[],"_links":{"self":[{"href":"https:\/\/agora.xtec.cat\/insjoanmercader\/wp-json\/wp\/v2\/posts\/5578","targetHints":{"allow":["GET"]}}],"collection":[{"href":"https:\/\/agora.xtec.cat\/insjoanmercader\/wp-json\/wp\/v2\/posts"}],"about":[{"href":"https:\/\/agora.xtec.cat\/insjoanmercader\/wp-json\/wp\/v2\/types\/post"}],"author":[{"embeddable":true,"href":"https:\/\/agora.xtec.cat\/insjoanmercader\/wp-json\/wp\/v2\/users\/30"}],"replies":[{"embeddable":true,"href":"https:\/\/agora.xtec.cat\/insjoanmercader\/wp-json\/wp\/v2\/comments?post=5578"}],"version-history":[{"count":3,"href":"https:\/\/agora.xtec.cat\/insjoanmercader\/wp-json\/wp\/v2\/posts\/5578\/revisions"}],"predecessor-version":[{"id":5583,"href":"https:\/\/agora.xtec.cat\/insjoanmercader\/wp-json\/wp\/v2\/posts\/5578\/revisions\/5583"}],"wp:featuredmedia":[{"embeddable":true,"href":"https:\/\/agora.xtec.cat\/insjoanmercader\/wp-json\/wp\/v2\/media\/5579"}],"wp:attachment":[{"href":"https:\/\/agora.xtec.cat\/insjoanmercader\/wp-json\/wp\/v2\/media?parent=5578"}],"wp:term":[{"taxonomy":"category","embeddable":true,"href":"https:\/\/agora.xtec.cat\/insjoanmercader\/wp-json\/wp\/v2\/categories?post=5578"},{"taxonomy":"post_tag","embeddable":true,"href":"https:\/\/agora.xtec.cat\/insjoanmercader\/wp-json\/wp\/v2\/tags?post=5578"}],"curies":[{"name":"wp","href":"https:\/\/api.w.org\/{rel}","templated":true}]}}