{"id":5195,"date":"2019-02-20T22:53:20","date_gmt":"2019-02-20T21:53:20","guid":{"rendered":"http:\/\/agora.xtec.cat\/insjoanmercader\/?p=5195"},"modified":"2019-02-20T22:54:14","modified_gmt":"2019-02-20T21:54:14","slug":"21-de-febrer-dia-internacional-de-les-llengues-maternes","status":"publish","type":"post","link":"https:\/\/agora.xtec.cat\/insjoanmercader\/nivell\/eso\/21-de-febrer-dia-internacional-de-les-llengues-maternes\/","title":{"rendered":"21 de febrer:  Dia Internacional de les Lleng\u00fces maternes"},"content":{"rendered":"<div>\n<div><a href=\"https:\/\/padlet.com\/csola4\/aulaacollida19\">enl<\/a><a href=\"https:\/\/padlet.com\/csola4\/aulaacollida19\">la\u00e7<\/a><\/div>\n<\/div>\n<div><\/div>\n<div>Aquest dijous 21 de febrer \u00e9s el Dia Internacional de les Lleng\u00fces Maternes i des de l&#8217;aula d&#8217;acollida hem fet el projecte &#8220;Aula d&#8217;acollida, la terra en petit&#8221;.<\/div>\n<div><\/div>\n<div>En el proc\u00e9s de creaci\u00f3 del projecte els alumnes han cercat i enviat per correu electr\u00f2nic una can\u00e7\u00f3 en la seva llengua materna. Tamb\u00e9 han explicat el motiu de la seva tria, han escrit una frase de la can\u00e7\u00f3 i l&#8217;han tradu\u00efda al catal\u00e0.<\/div>\n<div><\/div>\n<div>El resultat l&#8217;hem reflectit en un p\u00f2ster fet a trav\u00e9s d&#8217;una aplicaci\u00f3 anomenada Padlet on hi podreu arribar a trav\u00e9s del codi QR que trobareu a la part inferior esquerra del p\u00f2ster. Des de l&#8217;arxiu que s&#8217;obrir\u00e0 podreu veure els v\u00eddeos penjats al YouTube de les can\u00e7ons que han triat els alumnes i tamb\u00e9 alguns dels comentaris.<\/div>\n<div><\/div>\n<div>Per obrir l&#8217;arxiu feu clic a &#8220;enlla\u00e7&#8221; i cal que introdu\u00efu la contrasenya<span style=\"font-size: large;\"><b>\u00a0<i>auladacollida<\/i><\/b><\/span>.<\/div>\n<div><\/div>\n<div><a href=\"https:\/\/padlet.com\/csola4\/aulaacollida19\">enl<\/a><a href=\"https:\/\/padlet.com\/csola4\/aulaacollida19\">la\u00e7<\/a><\/div>\n<div><\/div>\n<div><\/div>\n<div><\/div>\n","protected":false},"excerpt":{"rendered":"<p>enlla\u00e7 Aquest dijous 21 de febrer \u00e9s el Dia Internacional de les Lleng\u00fces Maternes i des de l&#8217;aula d&#8217;acollida hem fet el projecte &#8220;Aula d&#8217;acollida, la terra en petit&#8221;. En el proc\u00e9s de creaci\u00f3 del projecte els alumnes han cercat i enviat per correu electr\u00f2nic una can\u00e7\u00f3 en la seva llengua materna. Tamb\u00e9 han explicat [&hellip;]<\/p>\n","protected":false},"author":30,"featured_media":5196,"comment_status":"closed","ping_status":"closed","sticky":false,"template":"","format":"standard","meta":{"_bbp_topic_count":0,"_bbp_reply_count":0,"_bbp_total_topic_count":0,"_bbp_total_reply_count":0,"_bbp_voice_count":0,"_bbp_anonymous_reply_count":0,"_bbp_topic_count_hidden":0,"_bbp_reply_count_hidden":0,"_bbp_forum_subforum_count":0,"site-sidebar-layout":"default","site-content-layout":"","ast-site-content-layout":"","site-content-style":"default","site-sidebar-style":"default","ast-global-header-display":"","ast-banner-title-visibility":"","ast-main-header-display":"","ast-hfb-above-header-display":"","ast-hfb-below-header-display":"","ast-hfb-mobile-header-display":"","site-post-title":"","ast-breadcrumbs-content":"","ast-featured-img":"","footer-sml-layout":"","theme-transparent-header-meta":"","adv-header-id-meta":"","stick-header-meta":"","header-above-stick-meta":"","header-main-stick-meta":"","header-below-stick-meta":"","astra-migrate-meta-layouts":"default","ast-page-background-enabled":"default","ast-page-background-meta":{"desktop":{"background-color":"var(--ast-global-color-4)","background-image":"","background-repeat":"repeat","background-position":"center center","background-size":"auto","background-attachment":"scroll","background-type":"","background-media":"","overlay-type":"","overlay-color":"","overlay-opacity":"","overlay-gradient":""},"tablet":{"background-color":"","background-image":"","background-repeat":"repeat","background-position":"center center","background-size":"auto","background-attachment":"scroll","background-type":"","background-media":"","overlay-type":"","overlay-color":"","overlay-opacity":"","overlay-gradient":""},"mobile":{"background-color":"","background-image":"","background-repeat":"repeat","background-position":"center center","background-size":"auto","background-attachment":"scroll","background-type":"","background-media":"","overlay-type":"","overlay-color":"","overlay-opacity":"","overlay-gradient":""}},"ast-content-background-meta":{"desktop":{"background-color":"var(--ast-global-color-5)","background-image":"","background-repeat":"repeat","background-position":"center center","background-size":"auto","background-attachment":"scroll","background-type":"","background-media":"","overlay-type":"","overlay-color":"","overlay-opacity":"","overlay-gradient":""},"tablet":{"background-color":"var(--ast-global-color-5)","background-image":"","background-repeat":"repeat","background-position":"center center","background-size":"auto","background-attachment":"scroll","background-type":"","background-media":"","overlay-type":"","overlay-color":"","overlay-opacity":"","overlay-gradient":""},"mobile":{"background-color":"var(--ast-global-color-5)","background-image":"","background-repeat":"repeat","background-position":"center center","background-size":"auto","background-attachment":"scroll","background-type":"","background-media":"","overlay-type":"","overlay-color":"","overlay-opacity":"","overlay-gradient":""}},"footnotes":""},"categories":[3,59,29],"tags":[],"class_list":["post-5195","post","type-post","status-publish","format-standard","has-post-thumbnail","hentry","category-eso","category-llengues","category-portada"],"post_mailing_queue_ids":[],"_links":{"self":[{"href":"https:\/\/agora.xtec.cat\/insjoanmercader\/wp-json\/wp\/v2\/posts\/5195","targetHints":{"allow":["GET"]}}],"collection":[{"href":"https:\/\/agora.xtec.cat\/insjoanmercader\/wp-json\/wp\/v2\/posts"}],"about":[{"href":"https:\/\/agora.xtec.cat\/insjoanmercader\/wp-json\/wp\/v2\/types\/post"}],"author":[{"embeddable":true,"href":"https:\/\/agora.xtec.cat\/insjoanmercader\/wp-json\/wp\/v2\/users\/30"}],"replies":[{"embeddable":true,"href":"https:\/\/agora.xtec.cat\/insjoanmercader\/wp-json\/wp\/v2\/comments?post=5195"}],"version-history":[{"count":2,"href":"https:\/\/agora.xtec.cat\/insjoanmercader\/wp-json\/wp\/v2\/posts\/5195\/revisions"}],"predecessor-version":[{"id":5198,"href":"https:\/\/agora.xtec.cat\/insjoanmercader\/wp-json\/wp\/v2\/posts\/5195\/revisions\/5198"}],"wp:featuredmedia":[{"embeddable":true,"href":"https:\/\/agora.xtec.cat\/insjoanmercader\/wp-json\/wp\/v2\/media\/5196"}],"wp:attachment":[{"href":"https:\/\/agora.xtec.cat\/insjoanmercader\/wp-json\/wp\/v2\/media?parent=5195"}],"wp:term":[{"taxonomy":"category","embeddable":true,"href":"https:\/\/agora.xtec.cat\/insjoanmercader\/wp-json\/wp\/v2\/categories?post=5195"},{"taxonomy":"post_tag","embeddable":true,"href":"https:\/\/agora.xtec.cat\/insjoanmercader\/wp-json\/wp\/v2\/tags?post=5195"}],"curies":[{"name":"wp","href":"https:\/\/api.w.org\/{rel}","templated":true}]}}