{"id":1524,"date":"2017-03-28T12:06:06","date_gmt":"2017-03-28T10:06:06","guid":{"rendered":"http:\/\/agora.xtec.cat\/insjoanmercader\/?p=1524"},"modified":"2019-01-24T18:53:20","modified_gmt":"2019-01-24T17:53:20","slug":"1eso-taller-de-resolucio-de-conflictes","status":"publish","type":"post","link":"https:\/\/agora.xtec.cat\/insjoanmercader\/nivell\/eso\/eso-1\/1eso-taller-de-resolucio-de-conflictes\/","title":{"rendered":"1ESO Taller de resoluci\u00f3 de conflictes a trav\u00e9s del teatre"},"content":{"rendered":"<p>Aquesta setmana els alumnes de Primer d&#8217;ESO han participat en els tallers de &#8220;Resoluci\u00f3 de conflictes a trav\u00e9s del teatre&#8221; del programa AIRE.<\/p>\n<p>L&#8217;activitat s&#8217;organitza des de les tutories i la coordinaci\u00f3 de Primer Cicle.<a href=\"http:\/\/agora.xtec.cat\/insjoanmercader\/wp-content\/uploads\/usu427\/2017\/03\/foto-1ESO-RESOLUCI\u00d3-CONFLICTES.jpg\"><img loading=\"lazy\" decoding=\"async\" class=\"aligncenter size-large wp-image-1525\" src=\"http:\/\/agora.xtec.cat\/insjoanmercader\/wp-content\/uploads\/usu427\/2017\/03\/foto-1ESO-RESOLUCI\u00d3-CONFLICTES-1024x561.jpg\" alt=\"foto-1eso-resolucio-conflictes\" width=\"1024\" height=\"561\" srcset=\"https:\/\/agora.xtec.cat\/insjoanmercader\/wp-content\/uploads\/usu427\/2017\/03\/foto-1ESO-RESOLUCI\u00d3-CONFLICTES-1024x561.jpg 1024w, https:\/\/agora.xtec.cat\/insjoanmercader\/wp-content\/uploads\/usu427\/2017\/03\/foto-1ESO-RESOLUCI\u00d3-CONFLICTES-300x164.jpg 300w, https:\/\/agora.xtec.cat\/insjoanmercader\/wp-content\/uploads\/usu427\/2017\/03\/foto-1ESO-RESOLUCI\u00d3-CONFLICTES-768x420.jpg 768w\" sizes=\"auto, (max-width: 1024px) 100vw, 1024px\" \/><\/a> <a href=\"http:\/\/agora.xtec.cat\/insjoanmercader\/wp-content\/uploads\/usu427\/2017\/03\/FOTO-1ESO-RESOLUCI\u00d3.jpg\"><img loading=\"lazy\" decoding=\"async\" class=\"aligncenter size-large wp-image-1526\" src=\"http:\/\/agora.xtec.cat\/insjoanmercader\/wp-content\/uploads\/usu427\/2017\/03\/FOTO-1ESO-RESOLUCI\u00d3-1024x532.jpg\" alt=\"foto-1eso-resolucio\" width=\"1024\" height=\"532\" srcset=\"https:\/\/agora.xtec.cat\/insjoanmercader\/wp-content\/uploads\/usu427\/2017\/03\/FOTO-1ESO-RESOLUCI\u00d3-1024x532.jpg 1024w, https:\/\/agora.xtec.cat\/insjoanmercader\/wp-content\/uploads\/usu427\/2017\/03\/FOTO-1ESO-RESOLUCI\u00d3-300x156.jpg 300w, https:\/\/agora.xtec.cat\/insjoanmercader\/wp-content\/uploads\/usu427\/2017\/03\/FOTO-1ESO-RESOLUCI\u00d3-768x399.jpg 768w\" sizes=\"auto, (max-width: 1024px) 100vw, 1024px\" \/><\/a><\/p>\n","protected":false},"excerpt":{"rendered":"<p>Aquesta setmana els alumnes de Primer d&#8217;ESO han participat en els tallers de &#8220;Resoluci\u00f3 de conflictes a trav\u00e9s del teatre&#8221; del programa AIRE. L&#8217;activitat s&#8217;organitza des de les tutories i la coordinaci\u00f3 de Primer Cicle.<\/p>\n","protected":false},"author":30,"featured_media":1525,"comment_status":"closed","ping_status":"closed","sticky":false,"template":"","format":"standard","meta":{"_bbp_topic_count":0,"_bbp_reply_count":0,"_bbp_total_topic_count":0,"_bbp_total_reply_count":0,"_bbp_voice_count":0,"_bbp_anonymous_reply_count":0,"_bbp_topic_count_hidden":0,"_bbp_reply_count_hidden":0,"_bbp_forum_subforum_count":0,"site-sidebar-layout":"default","site-content-layout":"","ast-site-content-layout":"","site-content-style":"default","site-sidebar-style":"default","ast-global-header-display":"","ast-banner-title-visibility":"","ast-main-header-display":"","ast-hfb-above-header-display":"","ast-hfb-below-header-display":"","ast-hfb-mobile-header-display":"","site-post-title":"","ast-breadcrumbs-content":"","ast-featured-img":"","footer-sml-layout":"","theme-transparent-header-meta":"","adv-header-id-meta":"","stick-header-meta":"","header-above-stick-meta":"","header-main-stick-meta":"","header-below-stick-meta":"","astra-migrate-meta-layouts":"default","ast-page-background-enabled":"default","ast-page-background-meta":{"desktop":{"background-color":"var(--ast-global-color-4)","background-image":"","background-repeat":"repeat","background-position":"center center","background-size":"auto","background-attachment":"scroll","background-type":"","background-media":"","overlay-type":"","overlay-color":"","overlay-opacity":"","overlay-gradient":""},"tablet":{"background-color":"","background-image":"","background-repeat":"repeat","background-position":"center center","background-size":"auto","background-attachment":"scroll","background-type":"","background-media":"","overlay-type":"","overlay-color":"","overlay-opacity":"","overlay-gradient":""},"mobile":{"background-color":"","background-image":"","background-repeat":"repeat","background-position":"center center","background-size":"auto","background-attachment":"scroll","background-type":"","background-media":"","overlay-type":"","overlay-color":"","overlay-opacity":"","overlay-gradient":""}},"ast-content-background-meta":{"desktop":{"background-color":"var(--ast-global-color-5)","background-image":"","background-repeat":"repeat","background-position":"center center","background-size":"auto","background-attachment":"scroll","background-type":"","background-media":"","overlay-type":"","overlay-color":"","overlay-opacity":"","overlay-gradient":""},"tablet":{"background-color":"var(--ast-global-color-5)","background-image":"","background-repeat":"repeat","background-position":"center center","background-size":"auto","background-attachment":"scroll","background-type":"","background-media":"","overlay-type":"","overlay-color":"","overlay-opacity":"","overlay-gradient":""},"mobile":{"background-color":"var(--ast-global-color-5)","background-image":"","background-repeat":"repeat","background-position":"center center","background-size":"auto","background-attachment":"scroll","background-type":"","background-media":"","overlay-type":"","overlay-color":"","overlay-opacity":"","overlay-gradient":""}},"footnotes":""},"categories":[4,175,29],"tags":[],"class_list":["post-1524","post","type-post","status-publish","format-standard","has-post-thumbnail","hentry","category-eso-1","category-orientacioitutoria","category-portada"],"post_mailing_queue_ids":[],"_links":{"self":[{"href":"https:\/\/agora.xtec.cat\/insjoanmercader\/wp-json\/wp\/v2\/posts\/1524","targetHints":{"allow":["GET"]}}],"collection":[{"href":"https:\/\/agora.xtec.cat\/insjoanmercader\/wp-json\/wp\/v2\/posts"}],"about":[{"href":"https:\/\/agora.xtec.cat\/insjoanmercader\/wp-json\/wp\/v2\/types\/post"}],"author":[{"embeddable":true,"href":"https:\/\/agora.xtec.cat\/insjoanmercader\/wp-json\/wp\/v2\/users\/30"}],"replies":[{"embeddable":true,"href":"https:\/\/agora.xtec.cat\/insjoanmercader\/wp-json\/wp\/v2\/comments?post=1524"}],"version-history":[{"count":2,"href":"https:\/\/agora.xtec.cat\/insjoanmercader\/wp-json\/wp\/v2\/posts\/1524\/revisions"}],"predecessor-version":[{"id":1528,"href":"https:\/\/agora.xtec.cat\/insjoanmercader\/wp-json\/wp\/v2\/posts\/1524\/revisions\/1528"}],"wp:featuredmedia":[{"embeddable":true,"href":"https:\/\/agora.xtec.cat\/insjoanmercader\/wp-json\/wp\/v2\/media\/1525"}],"wp:attachment":[{"href":"https:\/\/agora.xtec.cat\/insjoanmercader\/wp-json\/wp\/v2\/media?parent=1524"}],"wp:term":[{"taxonomy":"category","embeddable":true,"href":"https:\/\/agora.xtec.cat\/insjoanmercader\/wp-json\/wp\/v2\/categories?post=1524"},{"taxonomy":"post_tag","embeddable":true,"href":"https:\/\/agora.xtec.cat\/insjoanmercader\/wp-json\/wp\/v2\/tags?post=1524"}],"curies":[{"name":"wp","href":"https:\/\/api.w.org\/{rel}","templated":true}]}}