{"id":11636,"date":"2025-02-12T17:33:28","date_gmt":"2025-02-12T16:33:28","guid":{"rendered":"https:\/\/agora.xtec.cat\/insjoanmercader\/?p=11636"},"modified":"2025-02-14T15:53:35","modified_gmt":"2025-02-14T14:53:35","slug":"la-bellesa-de-la-natacio-nova-activitat-extraescolar-a-linstitut","status":"publish","type":"post","link":"https:\/\/agora.xtec.cat\/insjoanmercader\/general\/la-bellesa-de-la-natacio-nova-activitat-extraescolar-a-linstitut\/","title":{"rendered":"La bellesa de la nataci\u00f3 &#8211; Nova activitat extraescolar a l&#8217;institut"},"content":{"rendered":"<p>Jhon, Luisa, Aymen i Andr\u00e9s (Alumnat de l&#8217;Aula d&#8217;Acollida)<\/p>\n<p>El dijous de la setmana passada va comen\u00e7ar la nova extraescolar de nataci\u00f3. A aquesta activitat hi pot anar tot l&#8217;alumnat de l\u2019institut Joan Mercader, des de primer a quart d\u2019ESO, per\u00f2 \u00e9s per a aquells nois i noies que no saben nedar.<\/p>\n<p>Va durar una hora i es fa un cop per setmana, els dijous. Va ser una activitat molt divertida. El primer que vam fer va ser posar-nos el banyador i les xancletes, vam agafar el gorro de piscina i la tovallola. Ens vam dutxar i ens van explicar les normes de la piscina.<\/p>\n<p>L\u2019activitat es basa en nedar i tamb\u00e9 serveix per con\u00e8ixer a m\u00e9s persones. Vam anar a la piscina petita i els monitors van veure qui no sap nedar, qui en sap poc i qui en sap mig. Despr\u00e9s ens van preguntar els noms i comen\u00e7a la diversi\u00f3 fent activitats com agafar anelles de sota l\u2019aigua, aguantar l&#8217;aire o flotar. Quan \u00e9s l\u2019hora de marxar, primer vas a les dutxes, despr\u00e9s et canvies i despr\u00e9s vas a casa teva.<\/p>\n<p>L\u2019activitat ens va agradar molt i els monitors eren molt simp\u00e0tics i divertits. Recomanem que tots els alumnes que no s\u00e0piguen nedar s\u2019apuntin a l\u2019activitat, la gaudireu molt!<\/p>\n","protected":false},"excerpt":{"rendered":"<p>Jhon, Luisa, Aymen i Andr\u00e9s (Alumnat de l&#8217;Aula d&#8217;Acollida) El dijous de la setmana passada va comen\u00e7ar la nova extraescolar de nataci\u00f3. A aquesta activitat hi pot anar tot l&#8217;alumnat de l\u2019institut Joan Mercader, des de primer a quart d\u2019ESO, per\u00f2 \u00e9s per a aquells nois i noies que no saben nedar. Va durar una [&hellip;]<\/p>\n","protected":false},"author":94,"featured_media":11639,"comment_status":"closed","ping_status":"closed","sticky":false,"template":"","format":"standard","meta":{"_bbp_topic_count":0,"_bbp_reply_count":0,"_bbp_total_topic_count":0,"_bbp_total_reply_count":0,"_bbp_voice_count":0,"_bbp_anonymous_reply_count":0,"_bbp_topic_count_hidden":0,"_bbp_reply_count_hidden":0,"_bbp_forum_subforum_count":0,"site-sidebar-layout":"default","site-content-layout":"","ast-site-content-layout":"","site-content-style":"default","site-sidebar-style":"default","ast-global-header-display":"","ast-banner-title-visibility":"","ast-main-header-display":"","ast-hfb-above-header-display":"","ast-hfb-below-header-display":"","ast-hfb-mobile-header-display":"","site-post-title":"","ast-breadcrumbs-content":"","ast-featured-img":"","footer-sml-layout":"","theme-transparent-header-meta":"","adv-header-id-meta":"","stick-header-meta":"","header-above-stick-meta":"","header-main-stick-meta":"","header-below-stick-meta":"","astra-migrate-meta-layouts":"default","ast-page-background-enabled":"default","ast-page-background-meta":{"desktop":{"background-color":"var(--ast-global-color-4)","background-image":"","background-repeat":"repeat","background-position":"center center","background-size":"auto","background-attachment":"scroll","background-type":"","background-media":"","overlay-type":"","overlay-color":"","overlay-opacity":"","overlay-gradient":""},"tablet":{"background-color":"","background-image":"","background-repeat":"repeat","background-position":"center center","background-size":"auto","background-attachment":"scroll","background-type":"","background-media":"","overlay-type":"","overlay-color":"","overlay-opacity":"","overlay-gradient":""},"mobile":{"background-color":"","background-image":"","background-repeat":"repeat","background-position":"center center","background-size":"auto","background-attachment":"scroll","background-type":"","background-media":"","overlay-type":"","overlay-color":"","overlay-opacity":"","overlay-gradient":""}},"ast-content-background-meta":{"desktop":{"background-color":"var(--ast-global-color-5)","background-image":"","background-repeat":"repeat","background-position":"center center","background-size":"auto","background-attachment":"scroll","background-type":"","background-media":"","overlay-type":"","overlay-color":"","overlay-opacity":"","overlay-gradient":""},"tablet":{"background-color":"var(--ast-global-color-5)","background-image":"","background-repeat":"repeat","background-position":"center center","background-size":"auto","background-attachment":"scroll","background-type":"","background-media":"","overlay-type":"","overlay-color":"","overlay-opacity":"","overlay-gradient":""},"mobile":{"background-color":"var(--ast-global-color-5)","background-image":"","background-repeat":"repeat","background-position":"center center","background-size":"auto","background-attachment":"scroll","background-type":"","background-media":"","overlay-type":"","overlay-color":"","overlay-opacity":"","overlay-gradient":""}},"footnotes":""},"categories":[31,3,4,5,6,7,1,29],"tags":[],"class_list":["post-11636","post","type-post","status-publish","format-standard","has-post-thumbnail","hentry","category-afa","category-eso","category-eso-1","category-eso-2","category-eso-3","category-eso-4","category-general","category-portada"],"post_mailing_queue_ids":[],"_links":{"self":[{"href":"https:\/\/agora.xtec.cat\/insjoanmercader\/wp-json\/wp\/v2\/posts\/11636","targetHints":{"allow":["GET"]}}],"collection":[{"href":"https:\/\/agora.xtec.cat\/insjoanmercader\/wp-json\/wp\/v2\/posts"}],"about":[{"href":"https:\/\/agora.xtec.cat\/insjoanmercader\/wp-json\/wp\/v2\/types\/post"}],"author":[{"embeddable":true,"href":"https:\/\/agora.xtec.cat\/insjoanmercader\/wp-json\/wp\/v2\/users\/94"}],"replies":[{"embeddable":true,"href":"https:\/\/agora.xtec.cat\/insjoanmercader\/wp-json\/wp\/v2\/comments?post=11636"}],"version-history":[{"count":2,"href":"https:\/\/agora.xtec.cat\/insjoanmercader\/wp-json\/wp\/v2\/posts\/11636\/revisions"}],"predecessor-version":[{"id":11638,"href":"https:\/\/agora.xtec.cat\/insjoanmercader\/wp-json\/wp\/v2\/posts\/11636\/revisions\/11638"}],"wp:featuredmedia":[{"embeddable":true,"href":"https:\/\/agora.xtec.cat\/insjoanmercader\/wp-json\/wp\/v2\/media\/11639"}],"wp:attachment":[{"href":"https:\/\/agora.xtec.cat\/insjoanmercader\/wp-json\/wp\/v2\/media?parent=11636"}],"wp:term":[{"taxonomy":"category","embeddable":true,"href":"https:\/\/agora.xtec.cat\/insjoanmercader\/wp-json\/wp\/v2\/categories?post=11636"},{"taxonomy":"post_tag","embeddable":true,"href":"https:\/\/agora.xtec.cat\/insjoanmercader\/wp-json\/wp\/v2\/tags?post=11636"}],"curies":[{"name":"wp","href":"https:\/\/api.w.org\/{rel}","templated":true}]}}