{"id":10973,"date":"2026-04-15T13:46:42","date_gmt":"2026-04-15T11:46:42","guid":{"rendered":"https:\/\/agora.xtec.cat\/insjoanguinjoan\/?p=10973"},"modified":"2026-04-15T14:36:38","modified_gmt":"2026-04-15T12:36:38","slug":"desperta-la-teva-creativitat-torna-el-concurs-literari-deler-de-lletres-per-sant-jordi","status":"publish","type":"post","link":"https:\/\/agora.xtec.cat\/insjoanguinjoan\/eso\/desperta-la-teva-creativitat-torna-el-concurs-literari-deler-de-lletres-per-sant-jordi\/","title":{"rendered":"Desperta la teva creativitat: Torna el concurs literari &#8220;Deler de Lletres&#8221; per Sant Jordi!"},"content":{"rendered":"\n<p>S&#8217;acosta la diada de Sant Jordi, el dia de les paraules, les roses i els llibres per excel\u00b7l\u00e8ncia. A l&#8217;<strong>INS Joan Guinjoan i Gispert<\/strong> sabem que per les nostres aules hi ha molt de talent amagat, i volem que surti a la llum! T&#8217;apassiona inventar mons nous? Tens mil hist\u00f2ries al cap o versos que busquen ser llegits? Aquest \u00e9s el teu moment!<\/p>\n\n\n\n<p>Obrim les inscripcions per a la nova edici\u00f3 del nostre concurs literari <strong>&#8220;Deler de Lletres&#8221;<\/strong> (curs 2025-2026). Agafa el bol\u00edgraf, deixa volar la imaginaci\u00f3 i demostra de qu\u00e8 ets capa\u00e7.<\/p>\n\n\n\n<h3 class=\"wp-block-heading\">\ud83c\udfad Dues categories, cinc idiomes<\/h3>\n\n\n\n<p>Pots participar en la categoria que m\u00e9s t&#8217;agradi i en l&#8217;idioma en qu\u00e8 et sentis m\u00e9s inspirat (catal\u00e0, castell\u00e0, angl\u00e8s, franc\u00e8s o alemany):<\/p>\n\n\n\n<ul class=\"wp-block-list\">\n<li><strong>Relat breu:<\/strong> Narracions d&#8217;extensi\u00f3 i g\u00e8nere completament lliures.<\/li>\n\n\n\n<li><strong>Creaci\u00f3 po\u00e8tica:<\/strong> Expressa els teus sentiments amb poemes d&#8217;extensi\u00f3 lliure.<\/li>\n<\/ul>\n\n\n\n<h3 class=\"wp-block-heading\">\u23f1\ufe0f Un repte en directe per Sant Jordi<\/h3>\n\n\n\n<p>Aquest no \u00e9s un concurs qualsevol. El mateix dia de Sant Jordi, l&#8217;alumnat participant es trobar\u00e0 per escriure les seves obres <strong>en directe i a m\u00e0<\/strong>. Tindreu <strong>2 hores<\/strong> per desenvolupar la vostra obra. I atenci\u00f3, perqu\u00e8 si participeu en la categoria de <em>Relat breu<\/em>, us enfrontareu a un repte extra: instants abans de comen\u00e7ar es desvelaran <strong>unes consignes secretes<\/strong> que haureu d&#8217;incloure obligat\u00f2riament a la vostra hist\u00f2ria. Sereu capa\u00e7os d&#8217;integrar-les amb enginy?<\/p>\n\n\n\n<h3 class=\"wp-block-heading\">\ud83c\udfc6 Premis i categories<\/h3>\n\n\n\n<p>Tothom t\u00e9 opcions de guanyar, ja que els premis es dividiran per franges d&#8217;edat per a cada categoria liter\u00e0ria:<\/p>\n\n\n\n<ul class=\"wp-block-list\">\n<li>Alumnat de 1r i 2n d\u2019ESO<\/li>\n\n\n\n<li>Alumnat de 3r i 4t d\u2019ESO<\/li>\n\n\n\n<li>Alumnat de Batxillerat i Cicles Formatius<\/li>\n<\/ul>\n\n\n\n<p>Totes les obres s&#8217;entregaran de forma estrictament an\u00f2nima perqu\u00e8 el jurat nom\u00e9s valori la qualitat liter\u00e0ria i la imaginaci\u00f3. Els guanyadors es donaran a con\u00e8ixer el dia <strong>11 de juny<\/strong>, durant la gran festa de final d\u2019etapa de 4t d\u2019ESO. A m\u00e9s, els millors treballs podran ser publicats a les plataformes del nostre centre!<\/p>\n\n\n\n<h3 class=\"wp-block-heading\">\ud83d\udce9 Com inscriure-s&#8217;hi?<\/h3>\n\n\n\n<p>No ho deixis per a l&#8217;\u00faltim moment! Tens temps fins al <strong>20 d\u2019abril a mitjanit<\/strong>. Per participar-hi, nom\u00e9s has de seguir aquests passos:<\/p>\n\n\n\n<ol start=\"1\" class=\"wp-block-list\">\n<li>Escriu un correu electr\u00f2nic a <strong>delerdelletra@insjoanguinjoan.cat<\/strong><\/li>\n\n\n\n<li>A l&#8217;assumpte del missatge, escriu-hi \u00fanicament la paraula: <strong>CONCURS<\/strong><\/li>\n\n\n\n<li>Al cos del missatge, indica-hi clarament el teu <strong>nom i cognoms, el curs que fas i la categoria<\/strong> a la qual et vols presentar.<\/li>\n<\/ol>\n\n\n\n<p>Tens alguna hist\u00f2ria a la punta del bol\u00edgraf? No t&#8217;ho pensis m\u00e9s i apunta&#8217;t al &#8220;Deler de Lletres&#8221;. Estem desitjant llegir-te!<\/p>\n\n\n\n<p><\/p>\n\n\n\n<figure class=\"wp-block-image size-large is-resized\"><a href=\"https:\/\/agora.xtec.cat\/insjoanguinjoan\/wp-content\/uploads\/usu1332\/2026\/04\/CARTELL-CONCURS-Sant-Jordi-2026.png\"><img loading=\"lazy\" decoding=\"async\" width=\"724\" height=\"1024\" src=\"https:\/\/agora.xtec.cat\/insjoanguinjoan\/wp-content\/uploads\/usu1332\/2026\/04\/CARTELL-CONCURS-Sant-Jordi-2026-724x1024.png\" alt=\"\" class=\"wp-image-10974\" style=\"width:1200px;height:auto\" srcset=\"https:\/\/agora.xtec.cat\/insjoanguinjoan\/wp-content\/uploads\/usu1332\/2026\/04\/CARTELL-CONCURS-Sant-Jordi-2026-724x1024.png 724w, https:\/\/agora.xtec.cat\/insjoanguinjoan\/wp-content\/uploads\/usu1332\/2026\/04\/CARTELL-CONCURS-Sant-Jordi-2026-212x300.png 212w, https:\/\/agora.xtec.cat\/insjoanguinjoan\/wp-content\/uploads\/usu1332\/2026\/04\/CARTELL-CONCURS-Sant-Jordi-2026-768x1086.png 768w, https:\/\/agora.xtec.cat\/insjoanguinjoan\/wp-content\/uploads\/usu1332\/2026\/04\/CARTELL-CONCURS-Sant-Jordi-2026-1086x1536.png 1086w, https:\/\/agora.xtec.cat\/insjoanguinjoan\/wp-content\/uploads\/usu1332\/2026\/04\/CARTELL-CONCURS-Sant-Jordi-2026-1448x2048.png 1448w, https:\/\/agora.xtec.cat\/insjoanguinjoan\/wp-content\/uploads\/usu1332\/2026\/04\/CARTELL-CONCURS-Sant-Jordi-2026.png 1587w\" sizes=\"auto, (max-width: 724px) 100vw, 724px\" \/><\/a><\/figure>\n\n\n\n<div data-wp-interactive=\"core\/file\" class=\"wp-block-file\"><object data-wp-bind--hidden=\"!state.hasPdfPreview\" hidden class=\"wp-block-file__embed\" data=\"https:\/\/agora.xtec.cat\/insjoanguinjoan\/wp-content\/uploads\/usu1332\/2026\/04\/CONCURS-BASES-2026.pdf\" type=\"application\/pdf\" style=\"width:100%;height:600px\" aria-label=\"Incrustaci\u00f3 del fitxer CONCURS BASES 2026.\"><\/object><a id=\"wp-block-file--media-1fd6db68-3bf5-48bd-a9d6-131010e5b0f4\" href=\"https:\/\/agora.xtec.cat\/insjoanguinjoan\/wp-content\/uploads\/usu1332\/2026\/04\/CONCURS-BASES-2026.pdf\">CONCURS BASES 2026<\/a><a href=\"https:\/\/agora.xtec.cat\/insjoanguinjoan\/wp-content\/uploads\/usu1332\/2026\/04\/CONCURS-BASES-2026.pdf\" class=\"wp-block-file__button wp-element-button\" download aria-describedby=\"wp-block-file--media-1fd6db68-3bf5-48bd-a9d6-131010e5b0f4\">Baixa<\/a><\/div>\n","protected":false},"excerpt":{"rendered":"<p>S&#8217;acosta la diada de Sant Jordi, el dia de les paraules, les roses i els llibres per excel\u00b7l\u00e8ncia. A l&#8217;INS Joan Guinjoan i Gispert sabem que per les nostres aules hi ha molt de talent amagat, i volem que surti a la llum! T&#8217;apassiona inventar mons nous? Tens mil hist\u00f2ries al cap o versos que [&hellip;]<\/p>\n","protected":false},"author":1,"featured_media":10974,"comment_status":"open","ping_status":"open","sticky":false,"template":"","format":"standard","meta":{"_bbp_topic_count":0,"_bbp_reply_count":0,"_bbp_total_topic_count":0,"_bbp_total_reply_count":0,"_bbp_voice_count":0,"_bbp_anonymous_reply_count":0,"_bbp_topic_count_hidden":0,"_bbp_reply_count_hidden":0,"_bbp_forum_subforum_count":0,"site-sidebar-layout":"default","site-content-layout":"","ast-site-content-layout":"default","site-content-style":"default","site-sidebar-style":"default","ast-global-header-display":"","ast-banner-title-visibility":"","ast-main-header-display":"","ast-hfb-above-header-display":"","ast-hfb-below-header-display":"","ast-hfb-mobile-header-display":"","site-post-title":"","ast-breadcrumbs-content":"","ast-featured-img":"","footer-sml-layout":"","theme-transparent-header-meta":"","adv-header-id-meta":"","stick-header-meta":"","header-above-stick-meta":"","header-main-stick-meta":"","header-below-stick-meta":"","astra-migrate-meta-layouts":"set","ast-page-background-enabled":"default","ast-page-background-meta":{"desktop":{"background-color":"var(--ast-global-color-4)","background-image":"","background-repeat":"repeat","background-position":"center center","background-size":"auto","background-attachment":"scroll","background-type":"","background-media":"","overlay-type":"","overlay-color":"","overlay-opacity":"","overlay-gradient":""},"tablet":{"background-color":"","background-image":"","background-repeat":"repeat","background-position":"center center","background-size":"auto","background-attachment":"scroll","background-type":"","background-media":"","overlay-type":"","overlay-color":"","overlay-opacity":"","overlay-gradient":""},"mobile":{"background-color":"","background-image":"","background-repeat":"repeat","background-position":"center center","background-size":"auto","background-attachment":"scroll","background-type":"","background-media":"","overlay-type":"","overlay-color":"","overlay-opacity":"","overlay-gradient":""}},"ast-content-background-meta":{"desktop":{"background-color":"var(--ast-global-color-5)","background-image":"","background-repeat":"repeat","background-position":"center center","background-size":"auto","background-attachment":"scroll","background-type":"","background-media":"","overlay-type":"","overlay-color":"","overlay-opacity":"","overlay-gradient":""},"tablet":{"background-color":"var(--ast-global-color-5)","background-image":"","background-repeat":"repeat","background-position":"center center","background-size":"auto","background-attachment":"scroll","background-type":"","background-media":"","overlay-type":"","overlay-color":"","overlay-opacity":"","overlay-gradient":""},"mobile":{"background-color":"var(--ast-global-color-5)","background-image":"","background-repeat":"repeat","background-position":"center center","background-size":"auto","background-attachment":"scroll","background-type":"","background-media":"","overlay-type":"","overlay-color":"","overlay-opacity":"","overlay-gradient":""}},"footnotes":""},"categories":[3,29],"tags":[],"class_list":["post-10973","post","type-post","status-publish","format-standard","has-post-thumbnail","hentry","category-eso","category-portada"],"post_mailing_queue_ids":[],"_links":{"self":[{"href":"https:\/\/agora.xtec.cat\/insjoanguinjoan\/wp-json\/wp\/v2\/posts\/10973","targetHints":{"allow":["GET"]}}],"collection":[{"href":"https:\/\/agora.xtec.cat\/insjoanguinjoan\/wp-json\/wp\/v2\/posts"}],"about":[{"href":"https:\/\/agora.xtec.cat\/insjoanguinjoan\/wp-json\/wp\/v2\/types\/post"}],"author":[{"embeddable":true,"href":"https:\/\/agora.xtec.cat\/insjoanguinjoan\/wp-json\/wp\/v2\/users\/1"}],"replies":[{"embeddable":true,"href":"https:\/\/agora.xtec.cat\/insjoanguinjoan\/wp-json\/wp\/v2\/comments?post=10973"}],"version-history":[{"count":2,"href":"https:\/\/agora.xtec.cat\/insjoanguinjoan\/wp-json\/wp\/v2\/posts\/10973\/revisions"}],"predecessor-version":[{"id":10981,"href":"https:\/\/agora.xtec.cat\/insjoanguinjoan\/wp-json\/wp\/v2\/posts\/10973\/revisions\/10981"}],"wp:featuredmedia":[{"embeddable":true,"href":"https:\/\/agora.xtec.cat\/insjoanguinjoan\/wp-json\/wp\/v2\/media\/10974"}],"wp:attachment":[{"href":"https:\/\/agora.xtec.cat\/insjoanguinjoan\/wp-json\/wp\/v2\/media?parent=10973"}],"wp:term":[{"taxonomy":"category","embeddable":true,"href":"https:\/\/agora.xtec.cat\/insjoanguinjoan\/wp-json\/wp\/v2\/categories?post=10973"},{"taxonomy":"post_tag","embeddable":true,"href":"https:\/\/agora.xtec.cat\/insjoanguinjoan\/wp-json\/wp\/v2\/tags?post=10973"}],"curies":[{"name":"wp","href":"https:\/\/api.w.org\/{rel}","templated":true}]}}