{"id":9995,"date":"2023-11-20T10:02:17","date_gmt":"2023-11-20T09:02:17","guid":{"rendered":"https:\/\/agora.xtec.cat\/insjoandaustria\/?p=9995"},"modified":"2023-11-23T13:29:11","modified_gmt":"2023-11-23T12:29:11","slug":"junts-ens-mengem-el-mon-recollida-daliments","status":"publish","type":"post","link":"https:\/\/agora.xtec.cat\/insjoandaustria\/general\/junts-ens-mengem-el-mon-recollida-daliments\/","title":{"rendered":"Junts ens mengem el m\u00f3n"},"content":{"rendered":"<p><img loading=\"lazy\" decoding=\"async\" class=\"aligncenter wp-image-9994\" src=\"https:\/\/agora.xtec.cat\/insjoandaustria\/wp-content\/uploads\/usu216\/2023\/11\/unnamed-724x1024.jpg\" alt=\"\" width=\"318\" height=\"450\" srcset=\"https:\/\/agora.xtec.cat\/insjoandaustria\/wp-content\/uploads\/usu216\/2023\/11\/unnamed-724x1024.jpg 724w, https:\/\/agora.xtec.cat\/insjoandaustria\/wp-content\/uploads\/usu216\/2023\/11\/unnamed-212x300.jpg 212w, https:\/\/agora.xtec.cat\/insjoandaustria\/wp-content\/uploads\/usu216\/2023\/11\/unnamed-768x1086.jpg 768w, https:\/\/agora.xtec.cat\/insjoandaustria\/wp-content\/uploads\/usu216\/2023\/11\/unnamed-1086x1536.jpg 1086w, https:\/\/agora.xtec.cat\/insjoandaustria\/wp-content\/uploads\/usu216\/2023\/11\/unnamed-1448x2048.jpg 1448w, https:\/\/agora.xtec.cat\/insjoandaustria\/wp-content\/uploads\/usu216\/2023\/11\/unnamed.jpg 1587w\" sizes=\"auto, (max-width: 318px) 100vw, 318px\" \/><\/p>\n<p>&nbsp;<\/p>\n<p><span style=\"color: #6f6f6f;\">Al vest\u00edbul del centre recollim aliments. Enguany l&#8217;alumnat de <\/span><b style=\"color: #6f6f6f;\">tercer d&#8217;ESO de l&#8217;Institut\u00a0Joan d&#8217;\u00c0ustria<\/b><span style=\"color: #6f6f6f;\">\u00a0col\u00b7labora amb\u00a0el <\/span><strong style=\"color: #6f6f6f;\">Banc dels Aliments <\/strong><span style=\"color: #6f6f6f;\">i organitza una campanya per promocionar la recollida d&#8217;aliments entre la comunitat educativa i del barri. Aquesta campanya solid\u00e0ria busca fomentar la consci\u00e8ncia social i la solidaritat. Per aix\u00f2, del <\/span><strong style=\"color: #6f6f6f;\">20 al 24 de novembre<\/strong><span style=\"color: #6f6f6f;\">\u00a0es recolliran al vest\u00edbul del centre aliments com\u00a0<\/span><b style=\"color: #6f6f6f;\">oli, llet, farina, arr\u00f2s, pasta i conserves<\/b><span style=\"color: #6f6f6f;\">.<\/span><\/p>\n<p>Esperem la participaci\u00f3 de tots vosaltres!,<\/p>\n<p>Alumnes i equip docent de tercer d&#8217;ESO de l&#8217;Institut Joan d&#8217;\u00c0ustria<\/p>\n","protected":false},"excerpt":{"rendered":"<p>&nbsp;<br \/>\nAl vest\u00edbul del centre recollim aliments. Enguany l&#8217;alumnat de tercer d&#8217;ESO de l&#8217;Institut\u00a0Joan d&#8217;\u00c0ustria\u00a0col\u00b7labora amb\u00a0el Banc dels Aliments i organitza una campanya per promocionar la recollida d&#8217;aliments entre la comunitat educativa i del barri. Aquesta campanya solid\u00e0ria busca fomentar la consci\u00e8ncia social i la solidaritat.&hellip;  <a href=\"https:\/\/agora.xtec.cat\/insjoandaustria\/general\/junts-ens-mengem-el-mon-recollida-daliments\/\" title=\"Read Junts ens mengem el m\u00f3n\">Llegeix m\u00e9s\u00bb<\/a><\/p>\n","protected":false},"author":806,"featured_media":10018,"comment_status":"closed","ping_status":"closed","sticky":false,"template":"","format":"standard","meta":{"_bbp_topic_count":0,"_bbp_reply_count":0,"_bbp_total_topic_count":0,"_bbp_total_reply_count":0,"_bbp_voice_count":0,"_bbp_anonymous_reply_count":0,"_bbp_topic_count_hidden":0,"_bbp_reply_count_hidden":0,"_bbp_forum_subforum_count":0,"footnotes":""},"categories":[8,3,1,29,70],"tags":[],"class_list":["post-9995","post","type-post","status-publish","format-standard","has-post-thumbnail","hentry","category-batxillerat","category-eso","category-general","category-portada","category-projectes"],"post_mailing_queue_ids":[],"_links":{"self":[{"href":"https:\/\/agora.xtec.cat\/insjoandaustria\/wp-json\/wp\/v2\/posts\/9995","targetHints":{"allow":["GET"]}}],"collection":[{"href":"https:\/\/agora.xtec.cat\/insjoandaustria\/wp-json\/wp\/v2\/posts"}],"about":[{"href":"https:\/\/agora.xtec.cat\/insjoandaustria\/wp-json\/wp\/v2\/types\/post"}],"author":[{"embeddable":true,"href":"https:\/\/agora.xtec.cat\/insjoandaustria\/wp-json\/wp\/v2\/users\/806"}],"replies":[{"embeddable":true,"href":"https:\/\/agora.xtec.cat\/insjoandaustria\/wp-json\/wp\/v2\/comments?post=9995"}],"version-history":[{"count":6,"href":"https:\/\/agora.xtec.cat\/insjoandaustria\/wp-json\/wp\/v2\/posts\/9995\/revisions"}],"predecessor-version":[{"id":10019,"href":"https:\/\/agora.xtec.cat\/insjoandaustria\/wp-json\/wp\/v2\/posts\/9995\/revisions\/10019"}],"wp:featuredmedia":[{"embeddable":true,"href":"https:\/\/agora.xtec.cat\/insjoandaustria\/wp-json\/wp\/v2\/media\/10018"}],"wp:attachment":[{"href":"https:\/\/agora.xtec.cat\/insjoandaustria\/wp-json\/wp\/v2\/media?parent=9995"}],"wp:term":[{"taxonomy":"category","embeddable":true,"href":"https:\/\/agora.xtec.cat\/insjoandaustria\/wp-json\/wp\/v2\/categories?post=9995"},{"taxonomy":"post_tag","embeddable":true,"href":"https:\/\/agora.xtec.cat\/insjoandaustria\/wp-json\/wp\/v2\/tags?post=9995"}],"curies":[{"name":"wp","href":"https:\/\/api.w.org\/{rel}","templated":true}]}}