{"id":9947,"date":"2023-11-23T12:47:46","date_gmt":"2023-11-23T11:47:46","guid":{"rendered":"https:\/\/agora.xtec.cat\/insjoandaustria\/?p=9947"},"modified":"2023-11-23T12:47:46","modified_gmt":"2023-11-23T11:47:46","slug":"laula-dacollida-accelerada-sapunta-a-explorar-el-mon","status":"publish","type":"post","link":"https:\/\/agora.xtec.cat\/insjoandaustria\/general\/laula-dacollida-accelerada-sapunta-a-explorar-el-mon\/","title":{"rendered":"L&#8217;Aula d&#8217;Acollida Accelerada\u00a0s&#8217;apunta a explorar el m\u00f3n!"},"content":{"rendered":"<p><a href=\"https:\/\/agora.xtec.cat\/insjoandaustria\/wp-content\/uploads\/usu216\/2023\/11\/AAA5-min-scaled.jpg\"><img loading=\"lazy\" decoding=\"async\" class=\"aligncenter wp-image-9949\" src=\"https:\/\/agora.xtec.cat\/insjoandaustria\/wp-content\/uploads\/usu216\/2023\/11\/AAA5-min-1024x461.jpg\" alt=\"\" width=\"500\" height=\"225\" srcset=\"https:\/\/agora.xtec.cat\/insjoandaustria\/wp-content\/uploads\/usu216\/2023\/11\/AAA5-min-1024x461.jpg 1024w, https:\/\/agora.xtec.cat\/insjoandaustria\/wp-content\/uploads\/usu216\/2023\/11\/AAA5-min-300x135.jpg 300w, https:\/\/agora.xtec.cat\/insjoandaustria\/wp-content\/uploads\/usu216\/2023\/11\/AAA5-min-768x346.jpg 768w, https:\/\/agora.xtec.cat\/insjoandaustria\/wp-content\/uploads\/usu216\/2023\/11\/AAA5-min-1536x691.jpg 1536w, https:\/\/agora.xtec.cat\/insjoandaustria\/wp-content\/uploads\/usu216\/2023\/11\/AAA5-min-2048x922.jpg 2048w\" sizes=\"auto, (max-width: 500px) 100vw, 500px\" \/><\/a><\/p>\n<p>El grup de\u00a018 alumnes\u00a0que tenim enguany a l&#8217;<b>Aula d&#8217;Acollida Accelerada<\/b> (AAA) ha participat en l&#8217;activitat de dibuix a l&#8217;aire lliure a l&#8217;entorn de la Biblioteca Gabriel Garc\u00eda M\u00e1rquez.<\/p>\n<div>\n<p>L&#8217;AAA \u00e9s un projecte pilot que es duu a terme a vuit instituts de la ciutat de Barcelona. Acull nois i noies nouvinguts de 2n, 3r i 4t d&#8217;ESO del mateix districte, originaris en aquest cas, d&#8217;Ucra\u00efna, R\u00fassia, Paquistan, \u00cdndia, Filipines, Xina i Nepal. Fins al 31 de gener rebran 30 hores de catal\u00e0 setmanals amb l&#8217;objectiu d&#8217;assolir el nivell A2 del Marc Europeu Com\u00fa de refer\u00e8ncia per a les lleng\u00fces i, a partir d&#8217;aquesta data, s&#8217;integraran a les aules ordin\u00e0ries dels seus respectius centres.<\/p>\n<p>L&#8217;activitat, realitzada conjuntament amb els alumnes de Visual i Pl\u00e0stica de 1r d&#8217;ESO\u00a0<span style=\"font-family: Arial, sans-serif;\">\u00abCom ser un explorador del m\u00f3n\u00bb<\/span>, ha afavorit la interacci\u00f3 i integraci\u00f3 entre ambd\u00f3s grups. Ha estat, doncs, una experi\u00e8ncia postitiva que ha posat en evid\u00e8ncia que la participaci\u00f3 dels alumnes de l&#8217;AAA en altres assignatures \u00e9s un fet que els motiva i els convida a l&#8217;aprenentatge de la llengua i la conviv\u00e8ncia. A conseq\u00fc\u00e8ncia d&#8217;aquestes valoracios, es continuaran realitzant sessions conjuntes amb una periodicitat d&#8217;una hora setmanal. Us anirem tenint al corrent de les novetats i dels resultats d&#8217;aquesta experi\u00e8ncia tan engrescadora!<\/p>\n<p>Helena Xicola<\/p>\n<p>&nbsp;<\/p>\n<p><a href=\"https:\/\/agora.xtec.cat\/insjoandaustria\/wp-content\/uploads\/usu216\/2023\/11\/AAA3-min-scaled.jpg\"><img loading=\"lazy\" decoding=\"async\" class=\"aligncenter wp-image-9951\" src=\"https:\/\/agora.xtec.cat\/insjoandaustria\/wp-content\/uploads\/usu216\/2023\/11\/AAA3-min-459x1024.jpg\" alt=\"\" width=\"324\" height=\"724\" \/><\/a><\/p>\n<p>&nbsp;<\/p>\n<p><a href=\"https:\/\/agora.xtec.cat\/insjoandaustria\/wp-content\/uploads\/usu216\/2023\/11\/AAA1-min-scaled.jpg\"><img loading=\"lazy\" decoding=\"async\" class=\"wp-image-9948 aligncenter\" src=\"https:\/\/agora.xtec.cat\/insjoandaustria\/wp-content\/uploads\/usu216\/2023\/11\/AAA1-min-1024x461.jpg\" alt=\"\" width=\"500\" height=\"225\" srcset=\"https:\/\/agora.xtec.cat\/insjoandaustria\/wp-content\/uploads\/usu216\/2023\/11\/AAA1-min-1024x461.jpg 1024w, https:\/\/agora.xtec.cat\/insjoandaustria\/wp-content\/uploads\/usu216\/2023\/11\/AAA1-min-300x135.jpg 300w, https:\/\/agora.xtec.cat\/insjoandaustria\/wp-content\/uploads\/usu216\/2023\/11\/AAA1-min-768x346.jpg 768w, https:\/\/agora.xtec.cat\/insjoandaustria\/wp-content\/uploads\/usu216\/2023\/11\/AAA1-min-1536x691.jpg 1536w, https:\/\/agora.xtec.cat\/insjoandaustria\/wp-content\/uploads\/usu216\/2023\/11\/AAA1-min-2048x922.jpg 2048w\" sizes=\"auto, (max-width: 500px) 100vw, 500px\" \/><\/a><\/p>\n<p>&nbsp;<\/p>\n<\/div>\n","protected":false},"excerpt":{"rendered":"<p><a href=\"https:\/\/agora.xtec.cat\/insjoandaustria\/wp-content\/uploads\/usu216\/2023\/11\/AAA5-min-scaled.jpg\"><\/a><br \/>\nEl grup de\u00a018 alumnes\u00a0que tenim enguany a l&#8217;Aula d&#8217;Acollida Accelerada (AAA) ha participat en l&#8217;activitat de dibuix a l&#8217;aire lliure a l&#8217;entorn de la Biblioteca Gabriel Garc\u00eda M\u00e1rquez.<\/p>\n<p>L&#8217;AAA \u00e9s un projecte pilot que es duu a terme a vuit instituts de la ciutat de&hellip;  <a href=\"https:\/\/agora.xtec.cat\/insjoandaustria\/general\/laula-dacollida-accelerada-sapunta-a-explorar-el-mon\/\" title=\"Read L&#8217;Aula d&#8217;Acollida Accelerada\u00a0s&#8217;apunta a explorar el m\u00f3n!\">Llegeix m\u00e9s\u00bb<\/a><\/p>\n","protected":false},"author":806,"featured_media":9949,"comment_status":"closed","ping_status":"closed","sticky":false,"template":"","format":"standard","meta":{"_bbp_topic_count":0,"_bbp_reply_count":0,"_bbp_total_topic_count":0,"_bbp_total_reply_count":0,"_bbp_voice_count":0,"_bbp_anonymous_reply_count":0,"_bbp_topic_count_hidden":0,"_bbp_reply_count_hidden":0,"_bbp_forum_subforum_count":0,"footnotes":""},"categories":[447,3,1,29],"tags":[],"class_list":["post-9947","post","type-post","status-publish","format-standard","has-post-thumbnail","hentry","category-aula-dacollida","category-eso","category-general","category-portada"],"post_mailing_queue_ids":[],"_links":{"self":[{"href":"https:\/\/agora.xtec.cat\/insjoandaustria\/wp-json\/wp\/v2\/posts\/9947","targetHints":{"allow":["GET"]}}],"collection":[{"href":"https:\/\/agora.xtec.cat\/insjoandaustria\/wp-json\/wp\/v2\/posts"}],"about":[{"href":"https:\/\/agora.xtec.cat\/insjoandaustria\/wp-json\/wp\/v2\/types\/post"}],"author":[{"embeddable":true,"href":"https:\/\/agora.xtec.cat\/insjoandaustria\/wp-json\/wp\/v2\/users\/806"}],"replies":[{"embeddable":true,"href":"https:\/\/agora.xtec.cat\/insjoandaustria\/wp-json\/wp\/v2\/comments?post=9947"}],"version-history":[{"count":7,"href":"https:\/\/agora.xtec.cat\/insjoandaustria\/wp-json\/wp\/v2\/posts\/9947\/revisions"}],"predecessor-version":[{"id":9992,"href":"https:\/\/agora.xtec.cat\/insjoandaustria\/wp-json\/wp\/v2\/posts\/9947\/revisions\/9992"}],"wp:featuredmedia":[{"embeddable":true,"href":"https:\/\/agora.xtec.cat\/insjoandaustria\/wp-json\/wp\/v2\/media\/9949"}],"wp:attachment":[{"href":"https:\/\/agora.xtec.cat\/insjoandaustria\/wp-json\/wp\/v2\/media?parent=9947"}],"wp:term":[{"taxonomy":"category","embeddable":true,"href":"https:\/\/agora.xtec.cat\/insjoandaustria\/wp-json\/wp\/v2\/categories?post=9947"},{"taxonomy":"post_tag","embeddable":true,"href":"https:\/\/agora.xtec.cat\/insjoandaustria\/wp-json\/wp\/v2\/tags?post=9947"}],"curies":[{"name":"wp","href":"https:\/\/api.w.org\/{rel}","templated":true}]}}