{"id":9935,"date":"2023-11-13T08:56:47","date_gmt":"2023-11-13T07:56:47","guid":{"rendered":"https:\/\/agora.xtec.cat\/insjoandaustria\/?p=9935"},"modified":"2023-11-13T12:46:41","modified_gmt":"2023-11-13T11:46:41","slug":"consell-escolar","status":"publish","type":"post","link":"https:\/\/agora.xtec.cat\/insjoandaustria\/general\/consell-escolar\/","title":{"rendered":"Consell Escolar"},"content":{"rendered":"<p>&nbsp;<\/p>\n<p><a href=\"https:\/\/agora.xtec.cat\/insjoandaustria\/wp-content\/uploads\/usu216\/2023\/11\/709_1_CARTELL_A3_ELECCIONS_CONSELL_ESCOLAR_CENTRE_2023_page-0001-1-scaled.jpg\"><img loading=\"lazy\" decoding=\"async\" class=\"aligncenter wp-image-9936\" src=\"https:\/\/agora.xtec.cat\/insjoandaustria\/wp-content\/uploads\/usu216\/2023\/11\/709_1_CARTELL_A3_ELECCIONS_CONSELL_ESCOLAR_CENTRE_2023_page-0001-1-744x1024.jpg\" alt=\"\" width=\"350\" height=\"482\" srcset=\"https:\/\/agora.xtec.cat\/insjoandaustria\/wp-content\/uploads\/usu216\/2023\/11\/709_1_CARTELL_A3_ELECCIONS_CONSELL_ESCOLAR_CENTRE_2023_page-0001-1-744x1024.jpg 744w, https:\/\/agora.xtec.cat\/insjoandaustria\/wp-content\/uploads\/usu216\/2023\/11\/709_1_CARTELL_A3_ELECCIONS_CONSELL_ESCOLAR_CENTRE_2023_page-0001-1-218x300.jpg 218w, https:\/\/agora.xtec.cat\/insjoandaustria\/wp-content\/uploads\/usu216\/2023\/11\/709_1_CARTELL_A3_ELECCIONS_CONSELL_ESCOLAR_CENTRE_2023_page-0001-1-768x1058.jpg 768w, https:\/\/agora.xtec.cat\/insjoandaustria\/wp-content\/uploads\/usu216\/2023\/11\/709_1_CARTELL_A3_ELECCIONS_CONSELL_ESCOLAR_CENTRE_2023_page-0001-1-1115x1536.jpg 1115w, https:\/\/agora.xtec.cat\/insjoandaustria\/wp-content\/uploads\/usu216\/2023\/11\/709_1_CARTELL_A3_ELECCIONS_CONSELL_ESCOLAR_CENTRE_2023_page-0001-1-1487x2048.jpg 1487w, https:\/\/agora.xtec.cat\/insjoandaustria\/wp-content\/uploads\/usu216\/2023\/11\/709_1_CARTELL_A3_ELECCIONS_CONSELL_ESCOLAR_CENTRE_2023_page-0001-1-scaled.jpg 1859w\" sizes=\"auto, (max-width: 350px) 100vw, 350px\" \/><\/a><\/p>\n<p>Aquest novembre tindran lloc les eleccions al <strong>Consell Escolar<\/strong>, un \u00f2rgan de govern i gesti\u00f3 en qu\u00e8 hi ha la representaci\u00f3 de tots els membres que formem la comunitat educativa de l&#8217;Institut Joan d\u2019\u00c0ustria. Enguany cal escollir representants de fam\u00edlies, alummat i professorat.<\/p>\n<p>El proc\u00e9s de les eleccions consta de les seg\u00fcents actuacions i dates:<\/p>\n<p>Del <strong>6 al 10 de novembre<\/strong>: Publicaci\u00f3 del Censos de pares i mares, alummes i professorat al vest\u00edbul del centre.<\/p>\n<p>Del <strong>8 al 10 de novembre<\/strong>: Reclamacions a les inscripcions dels Censos.<\/p>\n<p>Del<strong> 8 al 14 de novembre<\/strong>: Presentaci\u00f3 de candidatures a representant de pares i mares, a representant d\u2019alumnes i a representant de professorat.<\/p>\n<p>Dia <strong>15 de novembre<\/strong>: Proclamaci\u00f3 i publicaci\u00f3 de les candidatures.<\/p>\n<p>Dia <strong>20 de novembre<\/strong>: Votacions (Per elegir el representant dels pares i mares ser\u00e0 en horari de tarda, de 16:00 a 18:30)<\/p>\n<p>Esperem la vostra col\u00b7laboraci\u00f3. La participaci\u00f3 al Consell Escolar \u00e9s molt important per al bon funcionament del centre.<\/p>\n<p>&nbsp;<\/p>\n<p>&nbsp;<\/p>\n","protected":false},"excerpt":{"rendered":"<p>&nbsp;<br \/>\n<a href=\"https:\/\/agora.xtec.cat\/insjoandaustria\/wp-content\/uploads\/usu216\/2023\/11\/709_1_CARTELL_A3_ELECCIONS_CONSELL_ESCOLAR_CENTRE_2023_page-0001-1-scaled.jpg\"><\/a><br \/>\nAquest novembre tindran lloc les eleccions al Consell Escolar, un \u00f2rgan de govern i gesti\u00f3 en qu\u00e8 hi ha la representaci\u00f3 de tots els membres que formem la comunitat educativa de l&#8217;Institut Joan d\u2019\u00c0ustria. Enguany cal escollir representants de fam\u00edlies, alummat i professorat.<br \/>\nEl proc\u00e9s&hellip;  <a href=\"https:\/\/agora.xtec.cat\/insjoandaustria\/general\/consell-escolar\/\" title=\"Read Consell Escolar\">Llegeix m\u00e9s\u00bb<\/a><\/p>\n","protected":false},"author":876,"featured_media":9941,"comment_status":"closed","ping_status":"closed","sticky":false,"template":"","format":"standard","meta":{"_bbp_topic_count":0,"_bbp_reply_count":0,"_bbp_total_topic_count":0,"_bbp_total_reply_count":0,"_bbp_voice_count":0,"_bbp_anonymous_reply_count":0,"_bbp_topic_count_hidden":0,"_bbp_reply_count_hidden":0,"_bbp_forum_subforum_count":0,"footnotes":""},"categories":[8,3,1,29],"tags":[],"class_list":["post-9935","post","type-post","status-publish","format-standard","has-post-thumbnail","hentry","category-batxillerat","category-eso","category-general","category-portada"],"post_mailing_queue_ids":[],"_links":{"self":[{"href":"https:\/\/agora.xtec.cat\/insjoandaustria\/wp-json\/wp\/v2\/posts\/9935","targetHints":{"allow":["GET"]}}],"collection":[{"href":"https:\/\/agora.xtec.cat\/insjoandaustria\/wp-json\/wp\/v2\/posts"}],"about":[{"href":"https:\/\/agora.xtec.cat\/insjoandaustria\/wp-json\/wp\/v2\/types\/post"}],"author":[{"embeddable":true,"href":"https:\/\/agora.xtec.cat\/insjoandaustria\/wp-json\/wp\/v2\/users\/876"}],"replies":[{"embeddable":true,"href":"https:\/\/agora.xtec.cat\/insjoandaustria\/wp-json\/wp\/v2\/comments?post=9935"}],"version-history":[{"count":5,"href":"https:\/\/agora.xtec.cat\/insjoandaustria\/wp-json\/wp\/v2\/posts\/9935\/revisions"}],"predecessor-version":[{"id":9944,"href":"https:\/\/agora.xtec.cat\/insjoandaustria\/wp-json\/wp\/v2\/posts\/9935\/revisions\/9944"}],"wp:featuredmedia":[{"embeddable":true,"href":"https:\/\/agora.xtec.cat\/insjoandaustria\/wp-json\/wp\/v2\/media\/9941"}],"wp:attachment":[{"href":"https:\/\/agora.xtec.cat\/insjoandaustria\/wp-json\/wp\/v2\/media?parent=9935"}],"wp:term":[{"taxonomy":"category","embeddable":true,"href":"https:\/\/agora.xtec.cat\/insjoandaustria\/wp-json\/wp\/v2\/categories?post=9935"},{"taxonomy":"post_tag","embeddable":true,"href":"https:\/\/agora.xtec.cat\/insjoandaustria\/wp-json\/wp\/v2\/tags?post=9935"}],"curies":[{"name":"wp","href":"https:\/\/api.w.org\/{rel}","templated":true}]}}