{"id":9897,"date":"2023-11-08T12:07:34","date_gmt":"2023-11-08T11:07:34","guid":{"rendered":"https:\/\/agora.xtec.cat\/insjoandaustria\/?p=9897"},"modified":"2023-11-20T10:41:00","modified_gmt":"2023-11-20T09:41:00","slug":"setmana-de-la-ciencia-2023","status":"publish","type":"post","link":"https:\/\/agora.xtec.cat\/insjoandaustria\/general\/setmana-de-la-ciencia-2023\/","title":{"rendered":"Setmana de la Ci\u00e8ncia 2023"},"content":{"rendered":"<p><a href=\"https:\/\/agora.xtec.cat\/insjoandaustria\/wp-content\/uploads\/usu216\/2023\/11\/3638975-ai-1.jpg\"><img loading=\"lazy\" decoding=\"async\" class=\"aligncenter size-large wp-image-9907\" src=\"https:\/\/agora.xtec.cat\/insjoandaustria\/wp-content\/uploads\/usu216\/2023\/11\/3638975-ai-1-1024x338.jpg\" alt=\"\" width=\"1024\" height=\"338\" srcset=\"https:\/\/agora.xtec.cat\/insjoandaustria\/wp-content\/uploads\/usu216\/2023\/11\/3638975-ai-1-1024x338.jpg 1024w, https:\/\/agora.xtec.cat\/insjoandaustria\/wp-content\/uploads\/usu216\/2023\/11\/3638975-ai-1-300x99.jpg 300w, https:\/\/agora.xtec.cat\/insjoandaustria\/wp-content\/uploads\/usu216\/2023\/11\/3638975-ai-1-768x253.jpg 768w, https:\/\/agora.xtec.cat\/insjoandaustria\/wp-content\/uploads\/usu216\/2023\/11\/3638975-ai-1.jpg 1500w\" sizes=\"auto, (max-width: 1024px) 100vw, 1024px\" \/><\/a><\/p>\n<p>Cada any se celebra una setmana dedicada a la Ci\u00e8ncia i, aquest any, la Generalitat de Catalunya fa inc\u00eds, entre d&#8217;altres esdeveniments, en la commemoraci\u00f3 del centenari del naixement del cient\u00edfic Joan Or\u00f3 (Lleida, 1923 &#8211; Barcelona, 2004). Com no podia ser menys, l&#8217;Institut Joan d&#8217;\u00c0ustria s&#8217;afegeix a la commemoraci\u00f3 des del 16 de novembre fins a l&#8217;1 de desembre, amb diversos tallers i activitats promoguts des dels Departaments de Matem\u00e0tiques, Tecnologia i Ci\u00e8ncies. Us en detallem alguns:<\/p>\n<table style=\"border-collapse: collapse; width: 100%; height: 224px;\">\n<tbody>\n<tr style=\"height: 48px;\">\n<td style=\"width: 19.0734%; height: 48px;\">1r d&#8217;ESO<\/td>\n<td style=\"width: 28.0987%; height: 48px;\">16 i 24 de novembre<\/td>\n<td style=\"width: 52.8278%; height: 48px;\">Taller per observar i con\u00e8ixer insectes i altres invertebrats<\/td>\n<\/tr>\n<tr style=\"height: 48px;\">\n<td style=\"width: 19.0734%; height: 48px;\">2n d&#8217;ESO<\/td>\n<td style=\"width: 28.0987%; height: 48px;\">28 i 30 de novembre<\/td>\n<td style=\"width: 52.8278%; height: 48px;\">Taller de pressi\u00f3 atmosf\u00e8rica. Visita al Cosmocaixa<\/td>\n<\/tr>\n<tr style=\"height: 48px;\">\n<td style=\"width: 19.0734%; height: 48px;\">3r d&#8217;ESO<\/td>\n<td style=\"width: 28.0987%; height: 48px;\">27 de novembre i 1 de desembre<\/td>\n<td style=\"width: 52.8278%; height: 48px;\">Taller \u00abLa Revoluci\u00f3 dels Anticossos\u00bb<\/td>\n<\/tr>\n<tr style=\"height: 32px;\">\n<td style=\"width: 19.0734%; height: 32px;\">4t d&#8217;ESO<\/td>\n<td style=\"width: 28.0987%; height: 32px;\">21 i 23 de novembre<\/td>\n<td style=\"width: 52.8278%; height: 32px;\">Taller \u00abProbablement t&#8217;equivoquis\u00bb<\/td>\n<\/tr>\n<tr style=\"height: 48px;\">\n<td style=\"width: 19.0734%; height: 48px;\">1r i 2n de Batxillerat<\/td>\n<td style=\"width: 28.0987%; height: 48px;\">10 de novembre<\/td>\n<td style=\"width: 52.8278%; height: 48px;\">Xerrades \u00ab<em>BCNInspiracy<\/em>\u00bb i visita al Cosmocaixa<\/td>\n<\/tr>\n<\/tbody>\n<\/table>\n<p>&nbsp;<\/p>\n<p>&nbsp;<\/p>\n","protected":false},"excerpt":{"rendered":"<p><a href=\"https:\/\/agora.xtec.cat\/insjoandaustria\/wp-content\/uploads\/usu216\/2023\/11\/3638975-ai-1.jpg\"><\/a><br \/>\nCada any se celebra una setmana dedicada a la Ci\u00e8ncia i, aquest any, la Generalitat de Catalunya fa inc\u00eds, entre d&#8217;altres esdeveniments, en la commemoraci\u00f3 del centenari del naixement del cient\u00edfic Joan Or\u00f3 (Lleida, 1923 &#8211; Barcelona, 2004). Com no podia ser menys, l&#8217;Institut&hellip;  <a href=\"https:\/\/agora.xtec.cat\/insjoandaustria\/general\/setmana-de-la-ciencia-2023\/\" title=\"Read Setmana de la Ci\u00e8ncia 2023\">Llegeix m\u00e9s\u00bb<\/a><\/p>\n","protected":false},"author":806,"featured_media":9905,"comment_status":"closed","ping_status":"closed","sticky":false,"template":"","format":"standard","meta":{"_bbp_topic_count":0,"_bbp_reply_count":0,"_bbp_total_topic_count":0,"_bbp_total_reply_count":0,"_bbp_voice_count":0,"_bbp_anonymous_reply_count":0,"_bbp_topic_count_hidden":0,"_bbp_reply_count_hidden":0,"_bbp_forum_subforum_count":0,"footnotes":""},"categories":[8,3,1,29],"tags":[],"class_list":["post-9897","post","type-post","status-publish","format-standard","has-post-thumbnail","hentry","category-batxillerat","category-eso","category-general","category-portada"],"post_mailing_queue_ids":[],"_links":{"self":[{"href":"https:\/\/agora.xtec.cat\/insjoandaustria\/wp-json\/wp\/v2\/posts\/9897","targetHints":{"allow":["GET"]}}],"collection":[{"href":"https:\/\/agora.xtec.cat\/insjoandaustria\/wp-json\/wp\/v2\/posts"}],"about":[{"href":"https:\/\/agora.xtec.cat\/insjoandaustria\/wp-json\/wp\/v2\/types\/post"}],"author":[{"embeddable":true,"href":"https:\/\/agora.xtec.cat\/insjoandaustria\/wp-json\/wp\/v2\/users\/806"}],"replies":[{"embeddable":true,"href":"https:\/\/agora.xtec.cat\/insjoandaustria\/wp-json\/wp\/v2\/comments?post=9897"}],"version-history":[{"count":5,"href":"https:\/\/agora.xtec.cat\/insjoandaustria\/wp-json\/wp\/v2\/posts\/9897\/revisions"}],"predecessor-version":[{"id":9908,"href":"https:\/\/agora.xtec.cat\/insjoandaustria\/wp-json\/wp\/v2\/posts\/9897\/revisions\/9908"}],"wp:featuredmedia":[{"embeddable":true,"href":"https:\/\/agora.xtec.cat\/insjoandaustria\/wp-json\/wp\/v2\/media\/9905"}],"wp:attachment":[{"href":"https:\/\/agora.xtec.cat\/insjoandaustria\/wp-json\/wp\/v2\/media?parent=9897"}],"wp:term":[{"taxonomy":"category","embeddable":true,"href":"https:\/\/agora.xtec.cat\/insjoandaustria\/wp-json\/wp\/v2\/categories?post=9897"},{"taxonomy":"post_tag","embeddable":true,"href":"https:\/\/agora.xtec.cat\/insjoandaustria\/wp-json\/wp\/v2\/tags?post=9897"}],"curies":[{"name":"wp","href":"https:\/\/api.w.org\/{rel}","templated":true}]}}