{"id":9887,"date":"2023-11-08T12:30:48","date_gmt":"2023-11-08T11:30:48","guid":{"rendered":"https:\/\/agora.xtec.cat\/insjoandaustria\/?p=9887"},"modified":"2023-11-08T12:30:48","modified_gmt":"2023-11-08T11:30:48","slug":"visita-a-la-planta-potabilitzadora","status":"publish","type":"post","link":"https:\/\/agora.xtec.cat\/insjoandaustria\/general\/visita-a-la-planta-potabilitzadora\/","title":{"rendered":"Visita a la planta potabilitzadora"},"content":{"rendered":"<p>A finals del mes d&#8217;octubre l&#8217;alumnat de 2n d&#8217;ESO vam anar a veure la planta potabilitzadora de sant Adri\u00e0 de Bes\u00f2s. Ens va agradar molt perqu\u00e8 vam poder realitzar diverses fases, i no nom\u00e9s vam observar sin\u00f3 que tamb\u00e9 vam comprovar el proc\u00e9s de potabilitzaci\u00f3 de l&#8217;aigua. Des que vam arribar vam poder percebre la serietat i la dedicaci\u00f3 amb qu\u00e8 s&#8217;aborden els processos de tractament de l&#8217;aigua.<\/p>\n<p>Primerament vam tastar tres tipus d&#8217;aigua: la de l&#8217;aixeta, la mineral i la que cont\u00e9 gas, i vam poder comprovar-ne les difer\u00e8ncies abans de rec\u00f3rrer la planta mentre ens explicaven com arribava el subministrament a la ciutat de Barcelona i voltants.<\/p>\n<p><span style=\"font-weight: 400;\">La planta es troba en un entorn industrial, per\u00f2 est\u00e0 impecablement mantinguda. A mesura que entr\u00e0vem, ens va cridar l&#8217;atenci\u00f3 el so de l&#8217;aigua en moviment i la sensaci\u00f3 de frescor a l&#8217;aire. La primera etapa, la captaci\u00f3, consisteix en la recollida de l&#8217;aigua bruta de fonts naturals com el riu Bes\u00f2s. Vam observar com es canalitzava amb cura cap a la instal\u00b7laci\u00f3.<\/span><\/p>\n<p><span style=\"font-weight: 400;\">El proc\u00e9s de coagulaci\u00f3 i floculaci\u00f3 va ser particularment interessant. Vam veure com s&#8217;afegeixen productes qu\u00edmics per flocular i eliminar les part\u00edcules en suspensi\u00f3 a l&#8217;aigua. Els tancs de decantaci\u00f3 eren impressionants, ja que l&#8217;aigua clara a la part superior contrastava amb els fl\u00f2culs assentats al fons.<\/span><\/p>\n<p><span style=\"font-weight: 400;\">La fase de filtraci\u00f3 ens va sorprendre per la seva efici\u00e8ncia. Les capes de sorra, grava i carb\u00f3 activat s&#8217;encarreguen d&#8217;eliminar part\u00edcules encara m\u00e9s petites i microorganismes, assegurant que l&#8217;aigua estigui tan neta com sigui possible.<\/span><\/p>\n<p><span style=\"font-weight: 400;\">Finalment, la desinfecci\u00f3 \u00e9s l&#8217;etapa crucial per assegurar-se que l&#8217;aigua sigui segura per al consum. Vam veure com s&#8217;afegeix clor a l&#8217;aigua per desinfectar-la i garantir que estigui lliure de qualsevol microorganisme perjudicial.<\/span><\/p>\n<p><span style=\"font-weight: 400;\">En general, la planta potabilitzadora de Sant Adri\u00e0 de Bes\u00f2s \u00e9s un exemple impressionant de com es pot transformar l&#8217;aigua bruta en un recurs vital i segur per a la poblaci\u00f3. La visita ens va deixar amb una profunda apreciaci\u00f3 pel treball dedicat de les persones que operen la planta i que asseguren que tots tinguem acc\u00e9s a aigua potable d&#8217;alta qualitat.<\/span><\/p>\n<p>Alba Rom\u00e1n Maidana<\/p>\n<p><a href=\"https:\/\/agora.xtec.cat\/insjoandaustria\/wp-content\/uploads\/usu216\/2023\/11\/IMG_20231020_094545-scaled.jpg\"><img loading=\"lazy\" decoding=\"async\" class=\"aligncenter wp-image-9920\" src=\"https:\/\/agora.xtec.cat\/insjoandaustria\/wp-content\/uploads\/usu216\/2023\/11\/IMG_20231020_094545-1024x768.jpg\" alt=\"\" width=\"500\" height=\"375\" srcset=\"https:\/\/agora.xtec.cat\/insjoandaustria\/wp-content\/uploads\/usu216\/2023\/11\/IMG_20231020_094545-1024x768.jpg 1024w, https:\/\/agora.xtec.cat\/insjoandaustria\/wp-content\/uploads\/usu216\/2023\/11\/IMG_20231020_094545-300x225.jpg 300w, https:\/\/agora.xtec.cat\/insjoandaustria\/wp-content\/uploads\/usu216\/2023\/11\/IMG_20231020_094545-768x576.jpg 768w, https:\/\/agora.xtec.cat\/insjoandaustria\/wp-content\/uploads\/usu216\/2023\/11\/IMG_20231020_094545-1536x1152.jpg 1536w, https:\/\/agora.xtec.cat\/insjoandaustria\/wp-content\/uploads\/usu216\/2023\/11\/IMG_20231020_094545-2048x1536.jpg 2048w, https:\/\/agora.xtec.cat\/insjoandaustria\/wp-content\/uploads\/usu216\/2023\/11\/IMG_20231020_094545-200x150.jpg 200w\" sizes=\"auto, (max-width: 500px) 100vw, 500px\" \/><\/a><\/p>\n<p><a href=\"https:\/\/agora.xtec.cat\/insjoandaustria\/wp-content\/uploads\/usu216\/2023\/11\/20231024_123137-scaled.jpg\"><img loading=\"lazy\" decoding=\"async\" class=\"aligncenter wp-image-9915\" src=\"https:\/\/agora.xtec.cat\/insjoandaustria\/wp-content\/uploads\/usu216\/2023\/11\/20231024_123137-1024x461.jpg\" alt=\"\" width=\"500\" height=\"225\" srcset=\"https:\/\/agora.xtec.cat\/insjoandaustria\/wp-content\/uploads\/usu216\/2023\/11\/20231024_123137-1024x461.jpg 1024w, https:\/\/agora.xtec.cat\/insjoandaustria\/wp-content\/uploads\/usu216\/2023\/11\/20231024_123137-300x135.jpg 300w, https:\/\/agora.xtec.cat\/insjoandaustria\/wp-content\/uploads\/usu216\/2023\/11\/20231024_123137-768x346.jpg 768w, https:\/\/agora.xtec.cat\/insjoandaustria\/wp-content\/uploads\/usu216\/2023\/11\/20231024_123137-1536x691.jpg 1536w, https:\/\/agora.xtec.cat\/insjoandaustria\/wp-content\/uploads\/usu216\/2023\/11\/20231024_123137-2048x922.jpg 2048w\" sizes=\"auto, (max-width: 500px) 100vw, 500px\" \/><\/a><\/p>\n<p><a href=\"https:\/\/agora.xtec.cat\/insjoandaustria\/wp-content\/uploads\/usu216\/2023\/11\/20231020_094316.jpg\"><img loading=\"lazy\" decoding=\"async\" class=\"aligncenter wp-image-9910\" src=\"https:\/\/agora.xtec.cat\/insjoandaustria\/wp-content\/uploads\/usu216\/2023\/11\/20231020_094316-1024x461.jpg\" alt=\"\" width=\"500\" height=\"225\" srcset=\"https:\/\/agora.xtec.cat\/insjoandaustria\/wp-content\/uploads\/usu216\/2023\/11\/20231020_094316-1024x461.jpg 1024w, https:\/\/agora.xtec.cat\/insjoandaustria\/wp-content\/uploads\/usu216\/2023\/11\/20231020_094316-300x135.jpg 300w, https:\/\/agora.xtec.cat\/insjoandaustria\/wp-content\/uploads\/usu216\/2023\/11\/20231020_094316-768x346.jpg 768w, https:\/\/agora.xtec.cat\/insjoandaustria\/wp-content\/uploads\/usu216\/2023\/11\/20231020_094316-1536x691.jpg 1536w, https:\/\/agora.xtec.cat\/insjoandaustria\/wp-content\/uploads\/usu216\/2023\/11\/20231020_094316-2048x922.jpg 2048w\" sizes=\"auto, (max-width: 500px) 100vw, 500px\" \/><\/a><\/p>\n","protected":false},"excerpt":{"rendered":"<p>A finals del mes d&#8217;octubre l&#8217;alumnat de 2n d&#8217;ESO vam anar a veure la planta potabilitzadora de sant Adri\u00e0 de Bes\u00f2s. Ens va agradar molt perqu\u00e8 vam poder realitzar diverses fases, i no nom\u00e9s vam observar sin\u00f3 que tamb\u00e9 vam comprovar el proc\u00e9s de potabilitzaci\u00f3&hellip;  <a href=\"https:\/\/agora.xtec.cat\/insjoandaustria\/general\/visita-a-la-planta-potabilitzadora\/\" title=\"Read Visita a la planta potabilitzadora\">Llegeix m\u00e9s\u00bb<\/a><\/p>\n","protected":false},"author":806,"featured_media":9921,"comment_status":"closed","ping_status":"closed","sticky":false,"template":"","format":"standard","meta":{"_bbp_topic_count":0,"_bbp_reply_count":0,"_bbp_total_topic_count":0,"_bbp_total_reply_count":0,"_bbp_voice_count":0,"_bbp_anonymous_reply_count":0,"_bbp_topic_count_hidden":0,"_bbp_reply_count_hidden":0,"_bbp_forum_subforum_count":0,"footnotes":""},"categories":[3,1,29],"tags":[],"class_list":["post-9887","post","type-post","status-publish","format-standard","has-post-thumbnail","hentry","category-eso","category-general","category-portada"],"post_mailing_queue_ids":[],"_links":{"self":[{"href":"https:\/\/agora.xtec.cat\/insjoandaustria\/wp-json\/wp\/v2\/posts\/9887","targetHints":{"allow":["GET"]}}],"collection":[{"href":"https:\/\/agora.xtec.cat\/insjoandaustria\/wp-json\/wp\/v2\/posts"}],"about":[{"href":"https:\/\/agora.xtec.cat\/insjoandaustria\/wp-json\/wp\/v2\/types\/post"}],"author":[{"embeddable":true,"href":"https:\/\/agora.xtec.cat\/insjoandaustria\/wp-json\/wp\/v2\/users\/806"}],"replies":[{"embeddable":true,"href":"https:\/\/agora.xtec.cat\/insjoandaustria\/wp-json\/wp\/v2\/comments?post=9887"}],"version-history":[{"count":4,"href":"https:\/\/agora.xtec.cat\/insjoandaustria\/wp-json\/wp\/v2\/posts\/9887\/revisions"}],"predecessor-version":[{"id":9927,"href":"https:\/\/agora.xtec.cat\/insjoandaustria\/wp-json\/wp\/v2\/posts\/9887\/revisions\/9927"}],"wp:featuredmedia":[{"embeddable":true,"href":"https:\/\/agora.xtec.cat\/insjoandaustria\/wp-json\/wp\/v2\/media\/9921"}],"wp:attachment":[{"href":"https:\/\/agora.xtec.cat\/insjoandaustria\/wp-json\/wp\/v2\/media?parent=9887"}],"wp:term":[{"taxonomy":"category","embeddable":true,"href":"https:\/\/agora.xtec.cat\/insjoandaustria\/wp-json\/wp\/v2\/categories?post=9887"},{"taxonomy":"post_tag","embeddable":true,"href":"https:\/\/agora.xtec.cat\/insjoandaustria\/wp-json\/wp\/v2\/tags?post=9887"}],"curies":[{"name":"wp","href":"https:\/\/api.w.org\/{rel}","templated":true}]}}