{"id":9868,"date":"2023-10-31T10:39:49","date_gmt":"2023-10-31T09:39:49","guid":{"rendered":"https:\/\/agora.xtec.cat\/insjoandaustria\/?p=9868"},"modified":"2023-11-08T12:17:51","modified_gmt":"2023-11-08T11:17:51","slug":"una-visita-a-la-democracia-catalana","status":"publish","type":"post","link":"https:\/\/agora.xtec.cat\/insjoandaustria\/general\/una-visita-a-la-democracia-catalana\/","title":{"rendered":"Una visita a la democr\u00e0cia catalana"},"content":{"rendered":"<p>En una de les primeres unitats de l&#8217;assignatura de Ci\u00e8ncies Socials de 3r d&#8217;ESO hem apr\u00e8s les caracter\u00edstiques de la democr\u00e0cia amb el funcionament del govern i la separaci\u00f3 de poders. Per aix\u00f2, el dies 24 i el 27 d&#8217;octubre ens van reservar la sorpresa de poder culminar el tema amb una sortida al Parlament de Catalunya.<\/p>\n<p>Vam poder passejar pels passadissos plens d&#8217;hist\u00f2ria i ser a la cambra dels parlamentaris on ens ensenyaren el funcionament de la cambra (com seuen, com voten&#8230;) i tamb\u00e9 ens van explicar cada un dels elements m\u00e9s caracter\u00edstics de l&#8217;edifici. En acabar, vam aprofitar el bon temps per fer una gimcana pel Parc de la Ciutadella que allotja l&#8217;edifici. Va ser un dia de conviv\u00e8ncia i d&#8217;hist\u00f2ria.<\/p>\n<p><a href=\"https:\/\/agora.xtec.cat\/insjoandaustria\/wp-content\/uploads\/usu216\/2023\/10\/IMG_20231024_105935-scaled.jpg\"><img loading=\"lazy\" decoding=\"async\" class=\"aligncenter wp-image-9870\" src=\"https:\/\/agora.xtec.cat\/insjoandaustria\/wp-content\/uploads\/usu216\/2023\/10\/IMG_20231024_105935-1024x768.jpg\" alt=\"\" width=\"500\" height=\"375\" srcset=\"https:\/\/agora.xtec.cat\/insjoandaustria\/wp-content\/uploads\/usu216\/2023\/10\/IMG_20231024_105935-1024x768.jpg 1024w, https:\/\/agora.xtec.cat\/insjoandaustria\/wp-content\/uploads\/usu216\/2023\/10\/IMG_20231024_105935-300x225.jpg 300w, https:\/\/agora.xtec.cat\/insjoandaustria\/wp-content\/uploads\/usu216\/2023\/10\/IMG_20231024_105935-768x576.jpg 768w, https:\/\/agora.xtec.cat\/insjoandaustria\/wp-content\/uploads\/usu216\/2023\/10\/IMG_20231024_105935-1536x1152.jpg 1536w, https:\/\/agora.xtec.cat\/insjoandaustria\/wp-content\/uploads\/usu216\/2023\/10\/IMG_20231024_105935-2048x1536.jpg 2048w, https:\/\/agora.xtec.cat\/insjoandaustria\/wp-content\/uploads\/usu216\/2023\/10\/IMG_20231024_105935-200x150.jpg 200w\" sizes=\"auto, (max-width: 500px) 100vw, 500px\" \/><\/a><\/p>\n<p><a href=\"https:\/\/agora.xtec.cat\/insjoandaustria\/wp-content\/uploads\/usu216\/2023\/10\/IMG_20231027_121554-1-scaled.jpg\"><img loading=\"lazy\" decoding=\"async\" class=\"aligncenter wp-image-9883\" src=\"https:\/\/agora.xtec.cat\/insjoandaustria\/wp-content\/uploads\/usu216\/2023\/10\/IMG_20231027_121554-1-1024x768.jpg\" alt=\"\" width=\"500\" height=\"375\" srcset=\"https:\/\/agora.xtec.cat\/insjoandaustria\/wp-content\/uploads\/usu216\/2023\/10\/IMG_20231027_121554-1-1024x768.jpg 1024w, https:\/\/agora.xtec.cat\/insjoandaustria\/wp-content\/uploads\/usu216\/2023\/10\/IMG_20231027_121554-1-300x225.jpg 300w, https:\/\/agora.xtec.cat\/insjoandaustria\/wp-content\/uploads\/usu216\/2023\/10\/IMG_20231027_121554-1-768x576.jpg 768w, https:\/\/agora.xtec.cat\/insjoandaustria\/wp-content\/uploads\/usu216\/2023\/10\/IMG_20231027_121554-1-1536x1152.jpg 1536w, https:\/\/agora.xtec.cat\/insjoandaustria\/wp-content\/uploads\/usu216\/2023\/10\/IMG_20231027_121554-1-2048x1536.jpg 2048w, https:\/\/agora.xtec.cat\/insjoandaustria\/wp-content\/uploads\/usu216\/2023\/10\/IMG_20231027_121554-1-200x150.jpg 200w\" sizes=\"auto, (max-width: 500px) 100vw, 500px\" \/><\/a><\/p>\n<p><a href=\"https:\/\/agora.xtec.cat\/insjoandaustria\/wp-content\/uploads\/usu216\/2023\/10\/IMG_20231027_114716-1-scaled.jpg\"><img loading=\"lazy\" decoding=\"async\" class=\"aligncenter wp-image-9885\" src=\"https:\/\/agora.xtec.cat\/insjoandaustria\/wp-content\/uploads\/usu216\/2023\/10\/IMG_20231027_114716-1-1024x768.jpg\" alt=\"\" width=\"500\" height=\"375\" srcset=\"https:\/\/agora.xtec.cat\/insjoandaustria\/wp-content\/uploads\/usu216\/2023\/10\/IMG_20231027_114716-1-1024x768.jpg 1024w, https:\/\/agora.xtec.cat\/insjoandaustria\/wp-content\/uploads\/usu216\/2023\/10\/IMG_20231027_114716-1-300x225.jpg 300w, https:\/\/agora.xtec.cat\/insjoandaustria\/wp-content\/uploads\/usu216\/2023\/10\/IMG_20231027_114716-1-768x576.jpg 768w, https:\/\/agora.xtec.cat\/insjoandaustria\/wp-content\/uploads\/usu216\/2023\/10\/IMG_20231027_114716-1-1536x1152.jpg 1536w, https:\/\/agora.xtec.cat\/insjoandaustria\/wp-content\/uploads\/usu216\/2023\/10\/IMG_20231027_114716-1-2048x1536.jpg 2048w, https:\/\/agora.xtec.cat\/insjoandaustria\/wp-content\/uploads\/usu216\/2023\/10\/IMG_20231027_114716-1-200x150.jpg 200w\" sizes=\"auto, (max-width: 500px) 100vw, 500px\" \/><\/a><\/p>\n","protected":false},"excerpt":{"rendered":"<p>En una de les primeres unitats de l&#8217;assignatura de Ci\u00e8ncies Socials de 3r d&#8217;ESO hem apr\u00e8s les caracter\u00edstiques de la democr\u00e0cia amb el funcionament del govern i la separaci\u00f3 de poders. Per aix\u00f2, el dies 24 i el 27 d&#8217;octubre ens van reservar la sorpresa&hellip;  <a href=\"https:\/\/agora.xtec.cat\/insjoandaustria\/general\/una-visita-a-la-democracia-catalana\/\" title=\"Read Una visita a la democr\u00e0cia catalana\">Llegeix m\u00e9s\u00bb<\/a><\/p>\n","protected":false},"author":876,"featured_media":9870,"comment_status":"closed","ping_status":"closed","sticky":false,"template":"","format":"standard","meta":{"_bbp_topic_count":0,"_bbp_reply_count":0,"_bbp_total_topic_count":0,"_bbp_total_reply_count":0,"_bbp_voice_count":0,"_bbp_anonymous_reply_count":0,"_bbp_topic_count_hidden":0,"_bbp_reply_count_hidden":0,"_bbp_forum_subforum_count":0,"footnotes":""},"categories":[3,1,29],"tags":[],"class_list":["post-9868","post","type-post","status-publish","format-standard","has-post-thumbnail","hentry","category-eso","category-general","category-portada"],"post_mailing_queue_ids":[],"_links":{"self":[{"href":"https:\/\/agora.xtec.cat\/insjoandaustria\/wp-json\/wp\/v2\/posts\/9868","targetHints":{"allow":["GET"]}}],"collection":[{"href":"https:\/\/agora.xtec.cat\/insjoandaustria\/wp-json\/wp\/v2\/posts"}],"about":[{"href":"https:\/\/agora.xtec.cat\/insjoandaustria\/wp-json\/wp\/v2\/types\/post"}],"author":[{"embeddable":true,"href":"https:\/\/agora.xtec.cat\/insjoandaustria\/wp-json\/wp\/v2\/users\/876"}],"replies":[{"embeddable":true,"href":"https:\/\/agora.xtec.cat\/insjoandaustria\/wp-json\/wp\/v2\/comments?post=9868"}],"version-history":[{"count":7,"href":"https:\/\/agora.xtec.cat\/insjoandaustria\/wp-json\/wp\/v2\/posts\/9868\/revisions"}],"predecessor-version":[{"id":9909,"href":"https:\/\/agora.xtec.cat\/insjoandaustria\/wp-json\/wp\/v2\/posts\/9868\/revisions\/9909"}],"wp:featuredmedia":[{"embeddable":true,"href":"https:\/\/agora.xtec.cat\/insjoandaustria\/wp-json\/wp\/v2\/media\/9870"}],"wp:attachment":[{"href":"https:\/\/agora.xtec.cat\/insjoandaustria\/wp-json\/wp\/v2\/media?parent=9868"}],"wp:term":[{"taxonomy":"category","embeddable":true,"href":"https:\/\/agora.xtec.cat\/insjoandaustria\/wp-json\/wp\/v2\/categories?post=9868"},{"taxonomy":"post_tag","embeddable":true,"href":"https:\/\/agora.xtec.cat\/insjoandaustria\/wp-json\/wp\/v2\/tags?post=9868"}],"curies":[{"name":"wp","href":"https:\/\/api.w.org\/{rel}","templated":true}]}}