{"id":9854,"date":"2023-10-18T12:31:19","date_gmt":"2023-10-18T10:31:19","guid":{"rendered":"https:\/\/agora.xtec.cat\/insjoandaustria\/?p=9854"},"modified":"2023-10-18T12:32:20","modified_gmt":"2023-10-18T10:32:20","slug":"sortida-barcelona-activa","status":"publish","type":"post","link":"https:\/\/agora.xtec.cat\/insjoandaustria\/general\/sortida-barcelona-activa\/","title":{"rendered":"Sortida Barcelona Activa"},"content":{"rendered":"<p>Aquesta setmana l\u2019alumnat de 4t de l\u2019ESO de l\u2019IES Joan d\u2019\u00c0ustria estan sortint a una de les oficines de Barcelona Activa. Es tracta del foment de l\u2019ocupaci\u00f3, l\u2019impuls de l\u2019emprenedoria i el suport a les empreses. La missi\u00f3 que persegueixen consisteix a impulsar la pol\u00edtica econ\u00f2mica i el desenvolupament local.<\/p>\n<p>El nostre alumnat \u00e9s at\u00e8s per experts que els animen a trobar la formaci\u00f3 adequada per l\u2019inter\u00e8s, perfil o \u00e0mbit d\u2019activitat que pot estimular m\u00e9s a cadasc\u00fa.<\/p>\n<p>Asseguts davant una pantalla que els ofereix un ampli ventall d\u2019opcions a l\u2019abast, els nostres nois i noies n\u2019escullen unes en detriment d\u2019unes altres, amb el fi de triar l\u2019ocupaci\u00f3 que, previsiblement en cosa de pocs anys, els ha de permetre guanyar-se honradament la vida.<\/p>\n<p>Marc Cerd\u00f3<\/p>\n<p><a href=\"https:\/\/agora.xtec.cat\/insjoandaustria\/wp-content\/uploads\/usu216\/2023\/10\/20231011_131604-scaled.jpg\"><img loading=\"lazy\" decoding=\"async\" class=\"aligncenter wp-image-9862\" src=\"https:\/\/agora.xtec.cat\/insjoandaustria\/wp-content\/uploads\/usu216\/2023\/10\/20231011_131604-1024x768.jpg\" alt=\"\" width=\"500\" height=\"375\" srcset=\"https:\/\/agora.xtec.cat\/insjoandaustria\/wp-content\/uploads\/usu216\/2023\/10\/20231011_131604-1024x768.jpg 1024w, https:\/\/agora.xtec.cat\/insjoandaustria\/wp-content\/uploads\/usu216\/2023\/10\/20231011_131604-300x225.jpg 300w, https:\/\/agora.xtec.cat\/insjoandaustria\/wp-content\/uploads\/usu216\/2023\/10\/20231011_131604-768x576.jpg 768w, https:\/\/agora.xtec.cat\/insjoandaustria\/wp-content\/uploads\/usu216\/2023\/10\/20231011_131604-1536x1152.jpg 1536w, https:\/\/agora.xtec.cat\/insjoandaustria\/wp-content\/uploads\/usu216\/2023\/10\/20231011_131604-2048x1536.jpg 2048w, https:\/\/agora.xtec.cat\/insjoandaustria\/wp-content\/uploads\/usu216\/2023\/10\/20231011_131604-200x150.jpg 200w\" sizes=\"auto, (max-width: 500px) 100vw, 500px\" \/><\/a><\/p>\n<p><a href=\"https:\/\/agora.xtec.cat\/insjoandaustria\/wp-content\/uploads\/usu216\/2023\/10\/20231011_123939-1-scaled.jpg\"><img loading=\"lazy\" decoding=\"async\" class=\"aligncenter wp-image-9861\" src=\"https:\/\/agora.xtec.cat\/insjoandaustria\/wp-content\/uploads\/usu216\/2023\/10\/20231011_123939-1-1024x768.jpg\" alt=\"\" width=\"500\" height=\"375\" srcset=\"https:\/\/agora.xtec.cat\/insjoandaustria\/wp-content\/uploads\/usu216\/2023\/10\/20231011_123939-1-1024x768.jpg 1024w, https:\/\/agora.xtec.cat\/insjoandaustria\/wp-content\/uploads\/usu216\/2023\/10\/20231011_123939-1-300x225.jpg 300w, https:\/\/agora.xtec.cat\/insjoandaustria\/wp-content\/uploads\/usu216\/2023\/10\/20231011_123939-1-768x576.jpg 768w, https:\/\/agora.xtec.cat\/insjoandaustria\/wp-content\/uploads\/usu216\/2023\/10\/20231011_123939-1-1536x1152.jpg 1536w, https:\/\/agora.xtec.cat\/insjoandaustria\/wp-content\/uploads\/usu216\/2023\/10\/20231011_123939-1-2048x1536.jpg 2048w, https:\/\/agora.xtec.cat\/insjoandaustria\/wp-content\/uploads\/usu216\/2023\/10\/20231011_123939-1-200x150.jpg 200w\" sizes=\"auto, (max-width: 500px) 100vw, 500px\" \/><\/a><\/p>\n<p><a href=\"https:\/\/agora.xtec.cat\/insjoandaustria\/wp-content\/uploads\/usu216\/2023\/10\/20231011_131903-scaled.jpg\"><img loading=\"lazy\" decoding=\"async\" class=\"aligncenter wp-image-9863\" src=\"https:\/\/agora.xtec.cat\/insjoandaustria\/wp-content\/uploads\/usu216\/2023\/10\/20231011_131903-1024x768.jpg\" alt=\"\" width=\"500\" height=\"375\" srcset=\"https:\/\/agora.xtec.cat\/insjoandaustria\/wp-content\/uploads\/usu216\/2023\/10\/20231011_131903-1024x768.jpg 1024w, https:\/\/agora.xtec.cat\/insjoandaustria\/wp-content\/uploads\/usu216\/2023\/10\/20231011_131903-300x225.jpg 300w, https:\/\/agora.xtec.cat\/insjoandaustria\/wp-content\/uploads\/usu216\/2023\/10\/20231011_131903-768x576.jpg 768w, https:\/\/agora.xtec.cat\/insjoandaustria\/wp-content\/uploads\/usu216\/2023\/10\/20231011_131903-1536x1152.jpg 1536w, https:\/\/agora.xtec.cat\/insjoandaustria\/wp-content\/uploads\/usu216\/2023\/10\/20231011_131903-2048x1536.jpg 2048w, https:\/\/agora.xtec.cat\/insjoandaustria\/wp-content\/uploads\/usu216\/2023\/10\/20231011_131903-200x150.jpg 200w\" sizes=\"auto, (max-width: 500px) 100vw, 500px\" \/><\/a><\/p>\n","protected":false},"excerpt":{"rendered":"<p>Aquesta setmana l\u2019alumnat de 4t de l\u2019ESO de l\u2019IES Joan d\u2019\u00c0ustria estan sortint a una de les oficines de Barcelona Activa. Es tracta del foment de l\u2019ocupaci\u00f3, l\u2019impuls de l\u2019emprenedoria i el suport a les empreses. La missi\u00f3 que persegueixen consisteix a impulsar la pol\u00edtica&hellip;  <a href=\"https:\/\/agora.xtec.cat\/insjoandaustria\/general\/sortida-barcelona-activa\/\" title=\"Read Sortida Barcelona Activa\">Llegeix m\u00e9s\u00bb<\/a><\/p>\n","protected":false},"author":876,"featured_media":9856,"comment_status":"closed","ping_status":"closed","sticky":false,"template":"","format":"standard","meta":{"_bbp_topic_count":0,"_bbp_reply_count":0,"_bbp_total_topic_count":0,"_bbp_total_reply_count":0,"_bbp_voice_count":0,"_bbp_anonymous_reply_count":0,"_bbp_topic_count_hidden":0,"_bbp_reply_count_hidden":0,"_bbp_forum_subforum_count":0,"footnotes":""},"categories":[3,1,29],"tags":[],"class_list":["post-9854","post","type-post","status-publish","format-standard","has-post-thumbnail","hentry","category-eso","category-general","category-portada"],"post_mailing_queue_ids":[],"_links":{"self":[{"href":"https:\/\/agora.xtec.cat\/insjoandaustria\/wp-json\/wp\/v2\/posts\/9854","targetHints":{"allow":["GET"]}}],"collection":[{"href":"https:\/\/agora.xtec.cat\/insjoandaustria\/wp-json\/wp\/v2\/posts"}],"about":[{"href":"https:\/\/agora.xtec.cat\/insjoandaustria\/wp-json\/wp\/v2\/types\/post"}],"author":[{"embeddable":true,"href":"https:\/\/agora.xtec.cat\/insjoandaustria\/wp-json\/wp\/v2\/users\/876"}],"replies":[{"embeddable":true,"href":"https:\/\/agora.xtec.cat\/insjoandaustria\/wp-json\/wp\/v2\/comments?post=9854"}],"version-history":[{"count":6,"href":"https:\/\/agora.xtec.cat\/insjoandaustria\/wp-json\/wp\/v2\/posts\/9854\/revisions"}],"predecessor-version":[{"id":9865,"href":"https:\/\/agora.xtec.cat\/insjoandaustria\/wp-json\/wp\/v2\/posts\/9854\/revisions\/9865"}],"wp:featuredmedia":[{"embeddable":true,"href":"https:\/\/agora.xtec.cat\/insjoandaustria\/wp-json\/wp\/v2\/media\/9856"}],"wp:attachment":[{"href":"https:\/\/agora.xtec.cat\/insjoandaustria\/wp-json\/wp\/v2\/media?parent=9854"}],"wp:term":[{"taxonomy":"category","embeddable":true,"href":"https:\/\/agora.xtec.cat\/insjoandaustria\/wp-json\/wp\/v2\/categories?post=9854"},{"taxonomy":"post_tag","embeddable":true,"href":"https:\/\/agora.xtec.cat\/insjoandaustria\/wp-json\/wp\/v2\/tags?post=9854"}],"curies":[{"name":"wp","href":"https:\/\/api.w.org\/{rel}","templated":true}]}}